{"id":681692,"date":"2026-03-13T18:26:04","date_gmt":"2026-03-13T18:26:04","guid":{"rendered":"https:\/\/microscopemedia.com\/?p=681692"},"modified":"2026-03-13T18:26:04","modified_gmt":"2026-03-13T18:26:04","slug":"toiu-peste-7-400-de-candidati-romani-pentru-concursul-de-intrare-in-randul-functionarilor-europeni","status":"publish","type":"post","link":"https:\/\/microscopemedia.com\/?p=681692","title":{"rendered":"\u021aoiu: Peste 7.400 de candida\u021bi rom\u00e2ni pentru concursul de intrare \u00een r\u00e2ndul func\u021bionarilor europeni"},"content":{"rendered":"<div><img decoding=\"async\" src=\"https:\/\/microscopemedia.com\/wp-content\/uploads\/2026\/03\/toiu-peste-7-400-de-candidati-romani-pentru-concursul-de-intrare-in-randul-functionarilor-europeni.jpg\" class=\"ff-og-image-inserted\"><\/div>\n<p id=\"p-0\">Cei peste 7.400 de candida\u021bi rom\u00e2ni \u00eenscri\u0219i plaseaz\u0103 Rom\u00e2nia pe locul 7 \u00een Uniunea European\u0103 ca num\u0103r total de \u00eenscrieri.<\/p>\n<p id=\"p-1\">Oana \u021aoiu anun\u021b\u0103 c\u0103 Ministerul de Externe \u00eei va sprijini pe candida\u021bi cu sesiuni de preg\u0103tire.<\/p>\n<p id=\"p-2\">Ministra spune c\u0103 astfel va contribui la promovarea unei reprezent\u0103ri sporite a cet\u0103\u021benilor rom\u00e2ni \u00een cadrul institu\u021biilor europene.<\/p>\n<p id=\"p-3\">\u201ePentru acest obiectiv care poate cre\u0219te profilul european al Rom\u00e2niei, Ministerul Afacerilor Externe \u0219i Institutul European din Rom\u00e2nia faciliteaz\u0103 preg\u0103tirea candida\u021bilor rom\u00e2ni \u00een perspectiva concursului EPSO \u2013 Administratori (AD5) \u0219i va organiza o serie de sesiuni online, gratuite.<br \/>Cei care \u0219i-au depus candidatura pentru competi\u021bia EPSO \u0219i care sunt interesa\u021bi s\u0103 participe la aceast\u0103 preg\u0103tire, sunt ruga\u021bi s\u0103 completeze chestionarul de mai jos p\u00e2n\u0103 la data de 17 aprilie 2026. https:\/\/forms.gle\/Q5aQ1sRi2kxgkj4f7\u201d, a transmis vineri Oana \u021aoiu.<\/p>\n","protected":false},"excerpt":{"rendered":"<p>Cei peste 7.400 de candida\u021bi rom\u00e2ni \u00eenscri\u0219i plaseaz\u0103 Rom\u00e2nia pe locul 7 \u00een Uniunea European\u0103 ca num\u0103r total de \u00eenscrieri. Oana \u021aoiu anun\u021b\u0103 c\u0103 Ministerul de Externe \u00eei va sprijini &hellip; <a href=\"https:\/\/microscopemedia.com\/?p=681692\" class=\"more-link\">Read More<\/a><\/p>\n","protected":false},"author":1,"featured_media":681693,"comment_status":"closed","ping_status":"closed","sticky":false,"template":"Default","format":"standard","meta":[],"categories":[1],"tags":[],"_links":{"self":[{"href":"https:\/\/microscopemedia.com\/index.php?rest_route=\/wp\/v2\/posts\/681692"}],"collection":[{"href":"https:\/\/microscopemedia.com\/index.php?rest_route=\/wp\/v2\/posts"}],"about":[{"href":"https:\/\/microscopemedia.com\/index.php?rest_route=\/wp\/v2\/types\/post"}],"author":[{"embeddable":true,"href":"https:\/\/microscopemedia.com\/index.php?rest_route=\/wp\/v2\/users\/1"}],"replies":[{"embeddable":true,"href":"https:\/\/microscopemedia.com\/index.php?rest_route=%2Fwp%2Fv2%2Fcomments&post=681692"}],"version-history":[{"count":0,"href":"https:\/\/microscopemedia.com\/index.php?rest_route=\/wp\/v2\/posts\/681692\/revisions"}],"wp:featuredmedia":[{"embeddable":true,"href":"https:\/\/microscopemedia.com\/index.php?rest_route=\/wp\/v2\/media\/681693"}],"wp:attachment":[{"href":"https:\/\/microscopemedia.com\/index.php?rest_route=%2Fwp%2Fv2%2Fmedia&parent=681692"}],"wp:term":[{"taxonomy":"category","embeddable":true,"href":"https:\/\/microscopemedia.com\/index.php?rest_route=%2Fwp%2Fv2%2Fcategories&post=681692"},{"taxonomy":"post_tag","embeddable":true,"href":"https:\/\/microscopemedia.com\/index.php?rest_route=%2Fwp%2Fv2%2Ftags&post=681692"}],"curies":[{"name":"wp","href":"https:\/\/api.w.org\/{rel}","templated":true}]}}