{"id":681704,"date":"2026-03-13T19:46:03","date_gmt":"2026-03-13T19:46:03","guid":{"rendered":"https:\/\/microscopemedia.com\/?p=681704"},"modified":"2026-03-13T19:46:03","modified_gmt":"2026-03-13T19:46:03","slug":"ministrul-energiei-a-pregatit-documentele-necesare-pentru-declararea-starii-de-criza-in-domeniul-energetic","status":"publish","type":"post","link":"https:\/\/microscopemedia.com\/?p=681704","title":{"rendered":"Ministrul Energiei a preg\u0103tit documentele necesare pentru declararea st\u0103rii de criz\u0103 \u00een domeniul energetic"},"content":{"rendered":"<div><img decoding=\"async\" src=\"https:\/\/microscopemedia.com\/wp-content\/uploads\/2026\/03\/ministrul-energiei-a-pregatit-documentele-necesare-pentru-declararea-starii-de-criza-in-domeniul-energetic.jpg\" class=\"ff-og-image-inserted\"><\/div>\n<p id=\"p-0\">Bogdan Ivan a spus c\u0103 aceste documente au fost trimise Guvernului \u0219i membrilor coali\u021biei.<\/p>\n<p id=\"p-1\">\u201e\u00cen situa\u021bia \u00een care avem o escaladare continu\u0103 a pre\u021bului carburan\u021bilor, s\u0103 avem tot cadrul legal prin care s\u0103 putem interveni de \u00eendat\u0103, ca \u0219i Guvern, pentru a declara situa\u021bia de criz\u0103 \u00een domeniul energetic \u0219i pentru a putea s\u0103 lu\u0103m m\u0103suri care, pe o perioad\u0103 temporar\u0103, s\u0103 poat\u0103 s\u0103 atenueze c\u00e2t mai mult posibil efectul negativ asupra buzunarului rom\u00e2nilor \u0219i asupra companiilor. (\u2026) E un document de lucru intern, cel care a ap\u0103rut \u00een spa\u021biu public, care a fost transmis Guvernului \u0219i membrilor coali\u021biei \u00een \u00eencercarea de a g\u0103si c\u00e2t mai rapid solu\u021bii prin care s\u0103 bloc\u0103m aceast\u0103 cre\u0219tere\u201d, a spus, vineri seara, Bogdan Ivan la Digi24.<\/p>\n<p id=\"p-2\">El spune c\u0103 au fost luate deja o serie de m\u0103suri, printre care rerutarea de noi rute comerciale, extinderea contractelor aflate \u00een vigoare, schimbarea destina\u021biei anumitor capacit\u0103\u021bi de stocare a petrolului c\u0103tre motorin\u0103, care este cea mai volatil\u0103 \u00een aceast\u0103 perioad\u0103, \u0219i blocarea speculei.<\/p>\n<p id=\"p-3\">\u201eDar, \u00een continuare, avem o situa\u021bie complicat\u0103, care love\u0219te \u00eentreaga Europa \u0219i \u00eentreaga lume \u0219i, din acest punct de vedere, lu\u0103m m\u0103suri \u0219i suntem preg\u0103ti\u021bi cu acte normative foarte clare, de care trebuie s\u0103 \u0219tie \u00eentreaga coali\u021bie \u0219i care s\u0103 permit\u0103 Guvernului s\u0103 ia decizii de \u00eendat\u0103 \u00een situa\u021bia \u00een care avem, \u00een continuare, aceste situa\u021bii de escaladare \u00een Orientul Mijlociu\u201d, a mai spus ministrul Energiei.<\/p>\n<p id=\"p-4\">El spune c\u0103 m\u0103surile care au implica\u021bii \u00een zona fiscal\u0103 sau de natur\u0103 diplomatic\u0103 trebuie luate de Guvern.<\/p>\n<p id=\"p-5\">\u201eEu am fost preg\u0103tit, am venit cu aceste m\u0103suri \u0219i acte normative prin care Guvernul poate s\u0103 ac\u021bioneze de \u00eendat\u0103 \u0219i dac\u0103 se consider\u0103 la nivelul guvernamental \u0219i premierul consider\u0103 c\u0103 o parte din acele m\u0103suri trebuie luate, am creat cadrul \u00een care ele se poat\u0103 s\u0103 fie luate \u00een decurs de c\u00e2teva ore, pentru a nu fi \u00een situa\u021bia \u00een care s\u0103 mai pierdem timp pentru a redacta acte normative, pentru a lua avize de alte ministere\u201d, a mai spus Bogdan Ivan.<\/p>\n","protected":false},"excerpt":{"rendered":"<p>Bogdan Ivan a spus c\u0103 aceste documente au fost trimise Guvernului \u0219i membrilor coali\u021biei. \u201e\u00cen situa\u021bia \u00een care avem o escaladare continu\u0103 a pre\u021bului carburan\u021bilor, s\u0103 avem tot cadrul legal &hellip; <a href=\"https:\/\/microscopemedia.com\/?p=681704\" class=\"more-link\">Read More<\/a><\/p>\n","protected":false},"author":1,"featured_media":681705,"comment_status":"closed","ping_status":"closed","sticky":false,"template":"Default","format":"standard","meta":[],"categories":[1],"tags":[],"_links":{"self":[{"href":"https:\/\/microscopemedia.com\/index.php?rest_route=\/wp\/v2\/posts\/681704"}],"collection":[{"href":"https:\/\/microscopemedia.com\/index.php?rest_route=\/wp\/v2\/posts"}],"about":[{"href":"https:\/\/microscopemedia.com\/index.php?rest_route=\/wp\/v2\/types\/post"}],"author":[{"embeddable":true,"href":"https:\/\/microscopemedia.com\/index.php?rest_route=\/wp\/v2\/users\/1"}],"replies":[{"embeddable":true,"href":"https:\/\/microscopemedia.com\/index.php?rest_route=%2Fwp%2Fv2%2Fcomments&post=681704"}],"version-history":[{"count":0,"href":"https:\/\/microscopemedia.com\/index.php?rest_route=\/wp\/v2\/posts\/681704\/revisions"}],"wp:featuredmedia":[{"embeddable":true,"href":"https:\/\/microscopemedia.com\/index.php?rest_route=\/wp\/v2\/media\/681705"}],"wp:attachment":[{"href":"https:\/\/microscopemedia.com\/index.php?rest_route=%2Fwp%2Fv2%2Fmedia&parent=681704"}],"wp:term":[{"taxonomy":"category","embeddable":true,"href":"https:\/\/microscopemedia.com\/index.php?rest_route=%2Fwp%2Fv2%2Fcategories&post=681704"},{"taxonomy":"post_tag","embeddable":true,"href":"https:\/\/microscopemedia.com\/index.php?rest_route=%2Fwp%2Fv2%2Ftags&post=681704"}],"curies":[{"name":"wp","href":"https:\/\/api.w.org\/{rel}","templated":true}]}}