{"id":681718,"date":"2026-03-13T21:06:03","date_gmt":"2026-03-13T21:06:03","guid":{"rendered":"https:\/\/microscopemedia.com\/?p=681718"},"modified":"2026-03-13T21:06:03","modified_gmt":"2026-03-13T21:06:03","slug":"europarlamentarele-insarcinate-vor-putea-sa-voteze-cu-procura-danemarca-suedia-si-olanda-vor-vota-procura-si-pentru-barbati","status":"publish","type":"post","link":"https:\/\/microscopemedia.com\/?p=681718","title":{"rendered":"Europarlamentarele \u00eens\u0103rcinate vor putea s\u0103 voteze cu procur\u0103 \/ Danemarca, Suedia \u0219i Olanda vor vota procura \u0219i pentru b\u0103rba\u021bi"},"content":{"rendered":"<div><img decoding=\"async\" src=\"https:\/\/microscopemedia.com\/wp-content\/uploads\/2026\/03\/europarlamentarele-insarcinate-vor-putea-sa-voteze-cu-procura-danemarca-suedia-si-olanda-vor-vota-procura-si-pentru-barbati.jpg\" class=\"ff-og-image-inserted\"><\/div>\n<p id=\"p-0\">Ini\u021biativa a fost lansat\u0103 de pre\u0219edinta Parlamentul European, Roberta Metsola, \u0219i urm\u0103re\u0219te s\u0103 le permit\u0103 eurodeputatelor \u00eens\u0103rcinate sau care au n\u0103scut recent s\u0103 aib\u0103 posiblitatea de a desemna un coleg care s\u0103 voteze \u00een numele lor, arat\u0103 <a href=\"https:\/\/www.euractiv.com\/news\/countries-greenlight-flexible-voting-for-pregnant-meps\/\">Euractiv<\/a>.<\/p>\n<p id=\"p-1\">Vorbim despre un mecanism care ar urma s\u0103 fie valabil pentru o perioad\u0103 de trei luni \u00eenainte de na\u0219tere \u0219i \u0219ase luni dup\u0103, atunci c\u00e2nd deputatele nu pot participa fizic la vot, inclusiv la sesiunile plenare de la Strasbourg.<\/p>\n<h2 id=\"chapter-0\">Deputatele europene ajung adesea s\u0103 rateze voturi pentru c\u0103 sunt \u00een concediu de maternitate<\/h2>\n<p id=\"p-2\">\u00cen prezent,<span> <a href=\"https:\/\/www.mediafax.ro\/externe\/deputatii-europeni-isi-dau-bani-de-unii-singuri-de-ziua-europei-este-incredibil-de-usor-sa-iei-bani-fara-sa-faci-nimic-23702681\">europarlamentarele<\/a><\/span> \u00eens\u0103rcinate sau proaspete mame ajung adesea s\u0103 rateze voturi importante timp de luni de zile, mai ales \u00een situa\u021biile \u00een care nu pot c\u0103l\u0103tori la lucr\u0103rile legislativului european.<\/p>\n<p id=\"p-3\">Parlamentara liberal\u0103 danez\u0103 Sigrid Friis a salutat decizia, subliniind c\u0103 ea \u00eens\u0103\u0219i a ratat votul Parlamentului care aproba schimbarea regulilor anul trecut, deoarece se afla \u00een concediu de maternitate.<\/p>\n<p id=\"p-4\">\u201eAst\u0103zi, m\u0103 bucur c\u0103 am reu\u0219it s\u0103 acord\u0103m concediu de maternitate europarlamentarelor.<\/p>\n<p id=\"p-5\">M\u00e2ine, vom continua lupta pentru extinderea acestui drept fundamental la toate tipurile de p\u0103rin\u021bi\u201d, a declarat aceasta.<\/p>\n<h2 id=\"chapter-1\">Germania s-a ab\u021binut<\/h2>\n<p id=\"p-6\">La reuniunea de vineri, 26 de state membre au sus\u021binut m\u0103sura, \u00een timp ce Germania s-a ab\u021binut, invoc\u00e2nd preocup\u0103ri juridice legate de modificarea legisla\u021biei electorale a UE.<\/p>\n<p id=\"p-7\">Totu\u0219i, aceast\u0103 ab\u021binere nu este a\u0219teptat\u0103 s\u0103 \u00eent\u00e2rzie adoptarea noilor reguli, care urmeaz\u0103 s\u0103 fie aprobate oficial de mini\u0219trii europeni mar\u021bi, la Bruxelles.<\/p>\n<p id=\"p-8\">Dup\u0103 adoptarea politic\u0103 a deciziei, toate parlamentele na\u021bionale ale statelor membre vor trebui s\u0103 ratifice modific\u0103rile, iar \u00een Parlamentul European va avea loc \u0219i o ultim\u0103 etap\u0103 administrativ\u0103.<\/p>\n<h2 id=\"chapter-2\">Propunerea a generat \u00eens\u0103 dezbateri privind extinderea regulilor<\/h2>\n<p id=\"p-9\">Danemarca, Suedia \u0219i Olanda au dorit ca dreptul de vot prin procur\u0103 s\u0103 fie acordat \u0219i eurodeputa\u021bilor care devin ta\u021bi.<\/p>\n<p id=\"p-10\">Olanda a propus, de asemenea, ca regulile s\u0103 se aplice \u0219i parlamentarilor care sufer\u0103 de boli pe termen lung.<\/p>\n<p id=\"p-11\">Potrivit unor diploma\u021bi europeni, Ungaria \u0219i Italia au blocat extinderea m\u0103surilor la alte categorii dec\u00e2t europarlamentarele.<\/p>\n<p id=\"p-12\">\u00centr-o declara\u021bie preg\u0103tit\u0103 pentru reuniunea mini\u0219trilor de mar\u021bi, guvernul suedez afirm\u0103 c\u0103 salut\u0103 decizia ca \u201eun pas pozitiv c\u0103tre promovarea egalit\u0103\u021bii de gen \u0219i a unor condi\u021bii de munc\u0103 prietenoase cu familia pentru eurodeputa\u021bi\u201d.<\/p>\n<p id=\"p-13\">Totu\u0219i, Stockholmul consider\u0103 c\u0103 regulile ar fi trebuit s\u0103 fie mai largi \u0219i s\u0103 includ\u0103, pe l\u00e2ng\u0103 mamele care au n\u0103scut recent, \u0219i cel\u0103lalt p\u0103rinte al nou-n\u0103scutului.<\/p>\n","protected":false},"excerpt":{"rendered":"<p>Ini\u021biativa a fost lansat\u0103 de pre\u0219edinta Parlamentul European, Roberta Metsola, \u0219i urm\u0103re\u0219te s\u0103 le permit\u0103 eurodeputatelor \u00eens\u0103rcinate sau care au n\u0103scut recent s\u0103 aib\u0103 posiblitatea de a desemna un coleg &hellip; <a href=\"https:\/\/microscopemedia.com\/?p=681718\" class=\"more-link\">Read More<\/a><\/p>\n","protected":false},"author":1,"featured_media":681719,"comment_status":"closed","ping_status":"closed","sticky":false,"template":"Default","format":"standard","meta":[],"categories":[1],"tags":[],"_links":{"self":[{"href":"https:\/\/microscopemedia.com\/index.php?rest_route=\/wp\/v2\/posts\/681718"}],"collection":[{"href":"https:\/\/microscopemedia.com\/index.php?rest_route=\/wp\/v2\/posts"}],"about":[{"href":"https:\/\/microscopemedia.com\/index.php?rest_route=\/wp\/v2\/types\/post"}],"author":[{"embeddable":true,"href":"https:\/\/microscopemedia.com\/index.php?rest_route=\/wp\/v2\/users\/1"}],"replies":[{"embeddable":true,"href":"https:\/\/microscopemedia.com\/index.php?rest_route=%2Fwp%2Fv2%2Fcomments&post=681718"}],"version-history":[{"count":0,"href":"https:\/\/microscopemedia.com\/index.php?rest_route=\/wp\/v2\/posts\/681718\/revisions"}],"wp:featuredmedia":[{"embeddable":true,"href":"https:\/\/microscopemedia.com\/index.php?rest_route=\/wp\/v2\/media\/681719"}],"wp:attachment":[{"href":"https:\/\/microscopemedia.com\/index.php?rest_route=%2Fwp%2Fv2%2Fmedia&parent=681718"}],"wp:term":[{"taxonomy":"category","embeddable":true,"href":"https:\/\/microscopemedia.com\/index.php?rest_route=%2Fwp%2Fv2%2Fcategories&post=681718"},{"taxonomy":"post_tag","embeddable":true,"href":"https:\/\/microscopemedia.com\/index.php?rest_route=%2Fwp%2Fv2%2Ftags&post=681718"}],"curies":[{"name":"wp","href":"https:\/\/api.w.org\/{rel}","templated":true}]}}