{"id":681722,"date":"2026-03-13T21:26:04","date_gmt":"2026-03-13T21:26:04","guid":{"rendered":"https:\/\/microscopemedia.com\/?p=681722"},"modified":"2026-03-13T21:26:04","modified_gmt":"2026-03-13T21:26:04","slug":"zelenski-intalnire-privata-cu-printul-mostenitor-al-iranului-reza-pahlavi","status":"publish","type":"post","link":"https:\/\/microscopemedia.com\/?p=681722","title":{"rendered":"Zelenski, \u00eent\u00e2lnire privat\u0103 cu prin\u021bul mo\u0219tenitor al Iranului, Reza Pahlavi"},"content":{"rendered":"<div><img decoding=\"async\" src=\"https:\/\/microscopemedia.com\/wp-content\/uploads\/2026\/03\/zelenski-intalnire-privata-cu-printul-mostenitor-al-iranului-reza-pahlavi.jpg\" class=\"ff-og-image-inserted\"><\/div>\n<p id=\"p-0\">Pre\u0219edintele Ucrainei, Volodimir Zelenski, s-a \u00eent\u00e2lnit vineri cu prin\u021bul mo\u0219tenitor al Iranului, Reza Pahlavi, relateaz\u0103 publica\u021bia ucrainean\u0103 <a href=\"https:\/\/suspilne.media\/1263446-zelenskij-zustrivsa-z-spadkoemnim-princom-iranu-rezou-pahlavi\/\">Suspiln\u00eei<\/a>.<\/p>\n<p id=\"p-1\">Cei doi au discutat despre situa\u021bia din Orientul Mijlociu, despre starea Puterii din Iran \u0219i despre sentimentele publice din \u021bara atacat\u0103 de SUA \u0219i de Israel.<\/p>\n<p id=\"p-2\">\u00cent\u00e2lnirea celor doi a avut loc cu delega\u021bii din ambele \u021b\u0103ri, la ambasada Ucrainei din Paris, acolo unde se afl\u0103 acum Zeelenski.<\/p>\n<h2 id=\"chapter-0\">Pahlavi \u0219i Zelenski au avut \u0219i o \u00eent\u00e2lnire privat\u0103<\/h2>\n<p id=\"p-3\">\u00cen cadrul \u00eent\u00e2lnirii, au fost discutate \u00een detaliu situa\u021bia geopolitic\u0103 din regiune \u0219i au fost abordate teme despre r\u0103zboiul \u00eempotriva regimului din Iran.<\/p>\n<blockquote class=\"twitter-tweet\" readability=\"13.013245033113\">\n<p dir=\"ltr\" lang=\"en\" id=\"p-4\">Zelensky met with Iran\u2019s Crown Prince Reza Pahlavi<\/p>\n<p id=\"p-5\">The Shahzadeh expressed hope that Ukraine and Iran will be allies in the future.<\/p>\n<p id=\"p-6\">They also discussed the situation in the Middle East, the state of power in Iran, and public sentiments. <a href=\"https:\/\/t.co\/NvjkLxswmk\">pic.twitter.com\/NvjkLxswmk<\/a><\/p>\n<p id=\"p-7\">\u2014 NEXTA (@nexta_tv) <a href=\"https:\/\/twitter.com\/nexta_tv\/status\/2032514527158481379?ref_src=twsrc%5Etfw\">March 13, 2026<\/a><\/p>\n<\/blockquote>\n<p id=\"p-9\">Reza Pahlavi a condamnat cooperarea regimului iranian cu Rusia \u0219i a reafirmat recunoa\u0219terea suveranit\u0103\u021bii \u0219i integrit\u0103\u021bii teritoriale a Ucrainei, \u00een cadrul grani\u021belor sale, recunoscute la nivel global.<\/p>\n<p id=\"p-10\">Dup\u0103 \u00eent\u00e2lnirea la care au participat delega\u021bii celor dou\u0103 \u021b\u0103ri, Pahlavi a solicitat o \u00eent\u00e2lnire t\u00eate-\u00e0-t\u00eate cu pre\u0219edintele ucrainean, potrivit publica\u021biei citate.<\/p>\n<h2 id=\"chapter-1\">Cine este Reza Pahlavi<\/h2>\n<p id=\"p-11\">Reza Pahlavi este fiul ultimului \u0219ah al Iranului \u0219i unul dintre cei mai cunoscu\u021bi lideri ai opozi\u021biei iraniene din exil. De\u0219i nu conduce un partid clasic \u0219i nu are putere direct\u0103 \u00een Iran, el este v\u0103zut ca o posibil\u0103 figur\u0103 de tranzi\u021bie \u00eentr-un eventual regim post-islamic.<\/p>\n<p id=\"p-12\">S-a n\u0103scut \u00een 1960 \u0219i este fiul lui Mohammad Reza Pahlavi, ultimul monarh al Iranului.<\/p>\n<p id=\"p-13\">Tat\u0103l s\u0103u a condus Iranul p\u00e2n\u0103 \u00een 1979, c\u00e2nd regimul monarhic a fost r\u0103sturnat de Revolu\u021bia Iranian\u0103, care a dus la instaurarea republicii islamice conduse de ayatollahul Khomeini, moment \u00een care familia regal\u0103 a p\u0103r\u0103sit \u021bara.<\/p>\n<p id=\"p-14\">Reza Pahlavi a tr\u0103it \u00een mai multe \u021b\u0103ri, dar, \u00een cele din urm\u0103, s-a stabilit \u00een Statele Unite, unde \u0219i-a f\u0103cut studiile.<\/p>\n<p id=\"p-15\">A fost instruit ca pilot militar, ini\u021bial. \u00cen paralel, a fost activ \u00een diaspora iranian\u0103.<\/p>\n<p id=\"p-16\">Pahlavi tr\u0103ie\u0219te \u00een exil \u0219i sus\u021bine schimbarea regimului din Iran.<\/p>\n","protected":false},"excerpt":{"rendered":"<p>Pre\u0219edintele Ucrainei, Volodimir Zelenski, s-a \u00eent\u00e2lnit vineri cu prin\u021bul mo\u0219tenitor al Iranului, Reza Pahlavi, relateaz\u0103 publica\u021bia ucrainean\u0103 Suspiln\u00eei. Cei doi au discutat despre situa\u021bia din Orientul Mijlociu, despre starea Puterii &hellip; <a href=\"https:\/\/microscopemedia.com\/?p=681722\" class=\"more-link\">Read More<\/a><\/p>\n","protected":false},"author":1,"featured_media":681723,"comment_status":"closed","ping_status":"closed","sticky":false,"template":"Default","format":"standard","meta":[],"categories":[1],"tags":[],"_links":{"self":[{"href":"https:\/\/microscopemedia.com\/index.php?rest_route=\/wp\/v2\/posts\/681722"}],"collection":[{"href":"https:\/\/microscopemedia.com\/index.php?rest_route=\/wp\/v2\/posts"}],"about":[{"href":"https:\/\/microscopemedia.com\/index.php?rest_route=\/wp\/v2\/types\/post"}],"author":[{"embeddable":true,"href":"https:\/\/microscopemedia.com\/index.php?rest_route=\/wp\/v2\/users\/1"}],"replies":[{"embeddable":true,"href":"https:\/\/microscopemedia.com\/index.php?rest_route=%2Fwp%2Fv2%2Fcomments&post=681722"}],"version-history":[{"count":0,"href":"https:\/\/microscopemedia.com\/index.php?rest_route=\/wp\/v2\/posts\/681722\/revisions"}],"wp:featuredmedia":[{"embeddable":true,"href":"https:\/\/microscopemedia.com\/index.php?rest_route=\/wp\/v2\/media\/681723"}],"wp:attachment":[{"href":"https:\/\/microscopemedia.com\/index.php?rest_route=%2Fwp%2Fv2%2Fmedia&parent=681722"}],"wp:term":[{"taxonomy":"category","embeddable":true,"href":"https:\/\/microscopemedia.com\/index.php?rest_route=%2Fwp%2Fv2%2Fcategories&post=681722"},{"taxonomy":"post_tag","embeddable":true,"href":"https:\/\/microscopemedia.com\/index.php?rest_route=%2Fwp%2Fv2%2Ftags&post=681722"}],"curies":[{"name":"wp","href":"https:\/\/api.w.org\/{rel}","templated":true}]}}