{"id":681752,"date":"2026-03-14T06:26:03","date_gmt":"2026-03-14T06:26:03","guid":{"rendered":"https:\/\/microscopemedia.com\/?p=681752"},"modified":"2026-03-14T06:26:03","modified_gmt":"2026-03-14T06:26:03","slug":"cresterea-temperaturii-in-marea-mediterana-a-dus-la-extinderea-speciei-de-crevete-brun","status":"publish","type":"post","link":"https:\/\/microscopemedia.com\/?p=681752","title":{"rendered":"Cre\u0219terea temperaturii \u00een Marea Mediteran\u0103 a dus la extinderea speciei de \u201ecrevete brun\u201d"},"content":{"rendered":"<div><img decoding=\"async\" src=\"https:\/\/microscopemedia.com\/wp-content\/uploads\/2026\/03\/cresterea-temperaturii-in-marea-mediterana-a-dus-la-extinderea-speciei-de-crevete-brun.jpg\" class=\"ff-og-image-inserted\"><\/div>\n<p id=\"p-0\">Din februarie anul acesta, Penaeus aztecus figureaz\u0103 pe lista denumirilor comerciale pentru speciile de pescuit \u0219i acvacultur\u0103 acceptate \u00een Spania. \u00cen regiunea Catalonia, autorit\u0103\u021bile permit pescuitul profesionist al acestei specii ca metod\u0103 de control al extinderii sale.<\/p>\n<p id=\"p-1\">Zona sa de distribu\u021bie natural\u0103 se \u00eentinde de la Massachusetts p\u00e2n\u0103 \u00een Golful Mexic \u0219i nord-vestul peninsulei Yucat\u00e1n. Deocamdat\u0103, specia nu este clasificat\u0103 drept specie exotic\u0103 invaziv\u0103 \u00een Spania, unde este considerat\u0103 deja stabilit\u0103 \u00een zone precum Delta Ebrului \u0219i Mar Menor. Acolo \u00eemparte habitatul cu crevetele autohton Penaeus kerathurus.<\/p>\n<h2 id=\"chapter-0\">Cum a ajuns \u00een Marea Mediteran\u0103<\/h2>\n<p id=\"p-2\">Potrivit exper\u021bilor consulta\u021bi de<a href=\"https:\/\/efeverde.com\/el-calentamiento-del-mediterraneo-impulsa-la-expansion-del-langostino-cafe\/\" target=\"_blank\" rel=\"noopener\"> EFEverde<\/a>, principala ipotez\u0103 este c\u0103 specia a ajuns \u00een Mediteran\u0103 prin apa de balast a navelor. Nu sunt \u00eens\u0103 excluse \u0219i alte posibilit\u0103\u021bi, precum eliber\u0103ri inten\u021bionate sau sc\u0103p\u0103ri din instala\u021bii de acvacultur\u0103.<\/p>\n<p id=\"p-3\">Dup\u0103 sosirea \u00een Mediteran\u0103, specia s-a r\u0103sp\u00e2ndit \u201e\u00een mod natural \u0219i logic pentru astfel de organisme, care se dezvolt\u0103 mai bine \u00een zone de estuar \u0219i la temperaturi de aproximativ 28 \u00b0C\u201d, a explicat cercet\u0103torul Ricardo Santos-Bethencourt, de la Institut de Ci\u00e8ncies del Mar.<\/p>\n<p id=\"p-4\">Dup\u0103 prima identificare \u00een Turcia, \u00een 2009, prezen\u021ba speciei a fost confirmat\u0103 \u00een Golful Lyonului \u0219i apoi s-a extins c\u0103tre vestul Mediteranei. \u00cen 2022, un pescar a semnalat prezen\u021ba acesteia \u00een apropiere de Barcelona, iar ulterior a fost observat\u0103 \u00een Delta Ebrului.<\/p>\n<p id=\"p-5\">De acolo, specia a continuat s\u0103 se extind\u0103 c\u0103tre sud, ajung\u00e2nd \u00een Comunitatea Valencian\u0103, unde \u00een 2023 a fost identificat\u0103 \u00een zone din Alicante \u0219i Cullera, precum \u0219i \u00een regiunea Murcia.<\/p>\n<p id=\"p-6\">Cel mai recent \u201eavistament\u201d ar fi avut loc \u00een Malaga, de\u0219i acest lucru nu a fost \u00eenc\u0103 confirmat. Cercet\u0103torii au primit, pentru moment, doar fotografii trimise de pescari.<\/p>\n<h2 id=\"chapter-1\">Reprezint\u0103 un pericol pentru crevetele autohton?<\/h2>\n<p id=\"p-7\">Singura specie local\u0103 cu care ar putea intra \u00een competi\u021bie este <strong>Penaeus kerathurus<\/strong>, \u00eens\u0103 nu se \u0219tie \u00eenc\u0103 dac\u0103 noua specie reprezint\u0103 o amenin\u021bare real\u0103.<\/p>\n<p id=\"p-8\">Potrivit cercet\u0103torilor, <strong>crevetele brun nu este pr\u0103d\u0103tor pentru specia autohton\u0103 \u0219i nici nu intr\u0103 direct \u00een competi\u021bie cu aceasta<\/strong>. Totu\u0219i, dac\u0103 temperatura apei va cre\u0219te prea mult, specia venit\u0103 din Atlantic ar putea c\u00e2\u0219tiga teren, deoarece este mai bine adaptat\u0103 la ape calde.<\/p>\n<p id=\"p-9\">Exist\u0103 \u00eens\u0103 \u0219i un posibil avantaj pentru specia local\u0103. <strong>Crevetele mediteranean \u00ee\u0219i depune ou\u0103le \u00een principal prim\u0103vara, \u00een timp ce, \u00een cazul crevetelui brun, reproducerea pare s\u0103 aib\u0103 loc spre sf\u00e2r\u0219itul verii \u0219i toamna.<\/strong><\/p>\n<p id=\"p-10\">\u00cen zona sa de origine, maturizarea are loc \u00een acela\u0219i timp cu cea a speciei mediteraneene, \u00eens\u0103 \u00een Mediteran\u0103 cercet\u0103torii au observat femele aflate \u00een stadii avansate de maturitate \u00een timpul toamnei. Aceasta ar putea fi o adaptare la noile condi\u021bii \u0219i ar reduce competi\u021bia direct\u0103 \u00eentre cele dou\u0103 specii.<\/p>\n<p id=\"p-11\">\u201eSpeciile se deplaseaz\u0103, ajung \u00eentr-o zon\u0103, se dezvolt\u0103, iar odat\u0103 ce se stabilesc, nu mai pot fi eliminate. Trebuie s\u0103 monitoriz\u0103m pescuitul \u0219i s\u0103 vedem dac\u0103 poate afecta speciile locale\u201d, a avertizat Santos-Bethencourt.<\/p>\n<h2 id=\"chapter-2\">Cum poate fi diferen\u021biat\u0103 specia<\/h2>\n<p id=\"p-12\">Potrivit speciali\u0219tilor, cele dou\u0103 specii pot fi distinse relativ u\u0219or. <strong>Crevetele brun este mai deschis la culoare dec\u00e2t cel mediteranean, care are pete cu nuan\u021be de maro \u00eenchis \u0219i este, de asemenea, mai mare.<\/strong><\/p>\n<p id=\"p-13\">\u00cen ceea ce prive\u0219te gustul, cercet\u0103torii spun c\u0103 specia venit\u0103 din Atlantic nu are aroma la fel de intens\u0103 ca cea local\u0103, iar carnea este mai tare \u0219i mai pu\u021bin delicat\u0103.<\/p>\n<p id=\"p-14\">\u00cen Catalonia, Generalitat de Catalunya consider\u0103 c\u0103 pescuitul profesionist al crevetelui brun este \u201esingura metod\u0103 eficient\u0103\u201d pentru a controla extinderea speciei, a\u0219a cum s-a \u00eent\u00e2mplat \u0219i \u00een cazul crabului albastru.<\/p>\n<p id=\"p-15\">Din 2023 s-a observat o cre\u0219tere puternic\u0103 a cantit\u0103\u021bilor aduse \u00een pie\u021bele de pe\u0219te, \u00eens\u0103 cercet\u0103torii spun c\u0103 acest lucru se datoreaz\u0103 mai ales faptului c\u0103 specia este identificat\u0103 mai u\u0219or, nu neap\u0103rat unei cre\u0219teri accelerate a popula\u021biei.<\/p>\n<p id=\"p-16\">\u00cen acest an, \u00een Catalonia au fost pescuite peste 11.000 de kilograme de crevete mediteranean, comparativ cu aproximativ 580 de kilograme de crevete brun.<\/p>\n<h2 id=\"chapter-3\">O expansiune clar\u0103 c\u0103tre vest<\/h2>\n<p id=\"p-17\">\u00cen prezent, specia este considerat\u0103 stabilit\u0103 \u00een zone precum Delta Ebrului \u0219i Mar Menor, unde temperaturile ridicate \u0219i salinitatea moderat\u0103 favorizeaz\u0103 ciclul s\u0103u de via\u021b\u0103.<\/p>\n<p id=\"p-18\">Cercet\u0103torii de la Instituto de Ciencias Marinas de Andaluc\u00eda analizeaz\u0103 \u0219i posibilele observa\u021bii din Malaga.<\/p>\n<p id=\"p-19\">Potrivit speciali\u0219tilor, prezen\u021ba acestei specii pe coastele Spaniei confirm\u0103 o extindere progresiv\u0103 c\u0103tre vest \u00een \u00eentregul bazin mediteranean, probabil prin intermediul curentului nordic din Golful Lyonului.<\/p>\n<p id=\"p-20\">Introducerea acestui crustaceu ridic\u0103 \u00eengrijor\u0103ri ecologice, deoarece ocup\u0103 acela\u0219i tip de habitat ca specia local\u0103 \u0219i prefer\u0103 medii similare, precum estuarele \u0219i fundurile m\u00e2loase.<\/p>\n<p id=\"p-21\">\u00cen Marea Ionic\u0103, pescarii au observat deja c\u0103 specia venit\u0103 din Atlantic a \u00eempins crevetele autohton c\u0103tre zone mai marginale.<\/p>\n<p id=\"p-22\">\u00cen acest context, cercet\u0103torii lucreaz\u0103 \u00een cadrul proiectului \u0219tiin\u021bific InvaTropic, care urm\u0103re\u0219te anticiparea sosirii speciilor africane \u0219i a altor organisme non-native \u00een sudul Peninsulei Iberice, precum \u0219i studierea efectelor tropicaliz\u0103rii asupra ecosistemelor costiere.<\/p>\n<p id=\"p-23\">Conform legisla\u021biei care reglementeaz\u0103 Catalogul spaniol al speciilor exotice invazive, acestea sunt acele organisme introduse sau stabilite \u00eentr-un ecosistem natural sau seminatural care pot provoca schimb\u0103ri \u0219i pot reprezenta o amenin\u021bare pentru biodiversitatea local\u0103, fie prin comportamentul lor invaziv, fie prin riscul de contaminare genetic\u0103.<\/p>\n","protected":false},"excerpt":{"rendered":"<p>Din februarie anul acesta, Penaeus aztecus figureaz\u0103 pe lista denumirilor comerciale pentru speciile de pescuit \u0219i acvacultur\u0103 acceptate \u00een Spania. \u00cen regiunea Catalonia, autorit\u0103\u021bile permit pescuitul profesionist al acestei specii &hellip; <a href=\"https:\/\/microscopemedia.com\/?p=681752\" class=\"more-link\">Read More<\/a><\/p>\n","protected":false},"author":1,"featured_media":681753,"comment_status":"closed","ping_status":"closed","sticky":false,"template":"Default","format":"standard","meta":[],"categories":[1],"tags":[],"_links":{"self":[{"href":"https:\/\/microscopemedia.com\/index.php?rest_route=\/wp\/v2\/posts\/681752"}],"collection":[{"href":"https:\/\/microscopemedia.com\/index.php?rest_route=\/wp\/v2\/posts"}],"about":[{"href":"https:\/\/microscopemedia.com\/index.php?rest_route=\/wp\/v2\/types\/post"}],"author":[{"embeddable":true,"href":"https:\/\/microscopemedia.com\/index.php?rest_route=\/wp\/v2\/users\/1"}],"replies":[{"embeddable":true,"href":"https:\/\/microscopemedia.com\/index.php?rest_route=%2Fwp%2Fv2%2Fcomments&post=681752"}],"version-history":[{"count":0,"href":"https:\/\/microscopemedia.com\/index.php?rest_route=\/wp\/v2\/posts\/681752\/revisions"}],"wp:featuredmedia":[{"embeddable":true,"href":"https:\/\/microscopemedia.com\/index.php?rest_route=\/wp\/v2\/media\/681753"}],"wp:attachment":[{"href":"https:\/\/microscopemedia.com\/index.php?rest_route=%2Fwp%2Fv2%2Fmedia&parent=681752"}],"wp:term":[{"taxonomy":"category","embeddable":true,"href":"https:\/\/microscopemedia.com\/index.php?rest_route=%2Fwp%2Fv2%2Fcategories&post=681752"},{"taxonomy":"post_tag","embeddable":true,"href":"https:\/\/microscopemedia.com\/index.php?rest_route=%2Fwp%2Fv2%2Ftags&post=681752"}],"curies":[{"name":"wp","href":"https:\/\/api.w.org\/{rel}","templated":true}]}}