{"id":681764,"date":"2026-03-14T08:06:04","date_gmt":"2026-03-14T08:06:04","guid":{"rendered":"https:\/\/microscopemedia.com\/?p=681764"},"modified":"2026-03-14T08:06:04","modified_gmt":"2026-03-14T08:06:04","slug":"meta-neaga-dar-surse-din-interiorul-companiei-spun-ca-se-pregateste-concedierea-a-peste-20-din-angajati","status":"publish","type":"post","link":"https:\/\/microscopemedia.com\/?p=681764","title":{"rendered":"META neag\u0103, dar surse din interiorul companiei spun c\u0103 se preg\u0103te\u0219te concedierea a peste 20% din angaja\u021bi"},"content":{"rendered":"<div><img decoding=\"async\" src=\"https:\/\/microscopemedia.com\/wp-content\/uploads\/2026\/03\/meta-neaga-dar-surse-din-interiorul-companiei-spun-ca-se-pregateste-concedierea-a-peste-20-din-angajati.jpg\" class=\"ff-og-image-inserted\"><\/div>\n<p id=\"p-0\">Meta, compania-mam\u0103 a re\u021belei sociale Facebook, s-ar putea confrunta cu o nou\u0103 rund\u0103 major\u0103 de concedieri, potrivit unor surse din interior citate de Reuters.<\/p>\n<p id=\"p-1\">Reducerile de personal ar putea ajunge la aproximativ o cincime din for\u021ba total\u0103 de munc\u0103 a companiei, \u00een contextul investi\u021biilor masive \u00een infrastructura de inteligen\u021b\u0103 artificial\u0103 (IA). Reprezentan\u021bii Meta au respins \u00eens\u0103 informa\u021biile, catalog\u00e2ndu-le drept speculative.<\/p>\n<p id=\"p-2\">Trei persoane familiarizate cu situa\u021bia spun c\u0103 reprezentan\u021bii din conducerea Meta analizeaz\u0103 un plan de restructurare care ar putea afecta cel pu\u021bin 20% dintre angaja\u021bi.<\/p>\n<h2 id=\"chapter-0\">NU este cunoscut\u0103 dimensiunea exact\u0103 a concedierilor<\/h2>\n<p id=\"p-3\">M\u0103sura ar avea rolul de a compensa costurile ridicate ale dezvolt\u0103rii tehnologiilor bazate pe inteligen\u021b\u0103 artificial\u0103 \u0219i de a preg\u0103ti compania pentru o organizare mai eficient\u0103, \u00een care angaja\u021bii folosesc instrumente avansate de IA pentru a realiza mai mult cu echipe mai mici.<\/p>\n<p id=\"p-4\">Deocamdat\u0103 nu a fost stabilit\u0103 o dat\u0103 pentru eventualele concedieri \u0219i nici dimensiunea exact\u0103 a reducerilor.<\/p>\n<p id=\"p-5\">Totu\u0219i, potrivit surselor citate, directorii companiei ar fi informat recent managerii de nivel superior despre aceste planuri \u0219i le-ar fi cerut s\u0103 \u00eenceap\u0103 s\u0103 preg\u0103teasc\u0103 scenarii de reducere a personalului.<\/p>\n<h2 id=\"chapter-1\">META clasific\u0103 informa\u021biile drept \u201especula\u021bii\u201d<\/h2>\n<p id=\"p-6\">Meta a respins oficial informa\u021biile.<\/p>\n<p id=\"p-7\">\u00centrebat despre posibilitatea unei noi runde de concedieri, purt\u0103torul de cuv\u00e2nt al companiei, Andy Stone, a declarat c\u0103 relat\u0103rile ap\u0103rute \u00een pres\u0103 sunt \u201especula\u021bii despre abord\u0103ri teoretice\u201d.<\/p>\n<p id=\"p-8\">Dac\u0103 planul s-ar materializa, aceasta ar fi cea mai ampl\u0103 reducere de personal de la restructurarea major\u0103 ini\u021biat\u0103 de companie la sf\u00e2r\u0219itul anului 2022 \u0219i \u00eenceputul lui 2023. La 31 decembrie, Meta avea aproape 79.000 de angaja\u021bi la nivel global.<\/p>\n<h2 id=\"chapter-2\">\u00cen 2022, META a concediat 13% din angaja\u021bi<\/h2>\n<p id=\"p-9\">\u00cen noiembrie 2022, compania a concediat aproximativ 11.000 de persoane, adic\u0103 circa 13% din for\u021ba de munc\u0103 de atunci. Aproximativ patru luni mai t\u00e2rziu, Meta a anun\u021bat eliminarea a \u00eenc\u0103 10.000 de posturi.<\/p>\n<p id=\"p-10\">Strategia companiei este str\u00e2ns legat\u0103 de ambi\u021biile sale \u00een domeniul inteligen\u021bei artificiale generative.<\/p>\n<p id=\"p-11\">\u00cen ultimul an, directorul executiv Mark Zuckerberg a accelerat investi\u021biile pentru a face Meta mai competitiv\u0103 \u00een acest sector, inclusiv prin recrutarea de cercet\u0103tori specializa\u021bi \u0219i achizi\u021bia altor companii din domeniu.<\/p>\n<h2 id=\"chapter-3\">\u201eO singur\u0103 persoan\u0103 extrem de talentat\u0103\u201d poate face totul<\/h2>\n<p id=\"p-12\">La \u00eenceputul anului, Zuckerberg a subliniat c\u0103 aceste investi\u021bii aduc deja c\u00e2\u0219tiguri de eficien\u021b\u0103. \u201eProiecte care \u00eenainte necesitau echipe mari pot fi acum finalizate de o singur\u0103 persoan\u0103 extrem de talentat\u0103\u201d, a afirmat el.<\/p>\n<p id=\"p-13\">Planurile <a href=\"https:\/\/www.mediafax.ro\/tehnologie\/meta-achizitioneaza-moltbook-pentru-a-accelera-dezvoltarea-agentilor-ai-23700508\">Meta<\/a> reflect\u0103 o tendin\u021b\u0103 mai larg\u0103 \u00een r\u00e2ndul marilor companii americane, \u00een special din sectorul tehnologic, care \u00ee\u0219i reorganizeaz\u0103 opera\u021biunile pentru a integra inteligen\u021ba artificial\u0103 \u0219i pentru a reduce costurile.<\/p>\n<p id=\"p-14\">\u00cen acest context, companiile investesc masiv \u00een tehnologie, dar \u00een acela\u0219i timp reevalueaz\u0103 dimensiunea \u0219i structura for\u021bei de munc\u0103.<\/p>\n","protected":false},"excerpt":{"rendered":"<p>Meta, compania-mam\u0103 a re\u021belei sociale Facebook, s-ar putea confrunta cu o nou\u0103 rund\u0103 major\u0103 de concedieri, potrivit unor surse din interior citate de Reuters. Reducerile de personal ar putea ajunge &hellip; <a href=\"https:\/\/microscopemedia.com\/?p=681764\" class=\"more-link\">Read More<\/a><\/p>\n","protected":false},"author":1,"featured_media":681765,"comment_status":"closed","ping_status":"closed","sticky":false,"template":"Default","format":"standard","meta":[],"categories":[1],"tags":[],"_links":{"self":[{"href":"https:\/\/microscopemedia.com\/index.php?rest_route=\/wp\/v2\/posts\/681764"}],"collection":[{"href":"https:\/\/microscopemedia.com\/index.php?rest_route=\/wp\/v2\/posts"}],"about":[{"href":"https:\/\/microscopemedia.com\/index.php?rest_route=\/wp\/v2\/types\/post"}],"author":[{"embeddable":true,"href":"https:\/\/microscopemedia.com\/index.php?rest_route=\/wp\/v2\/users\/1"}],"replies":[{"embeddable":true,"href":"https:\/\/microscopemedia.com\/index.php?rest_route=%2Fwp%2Fv2%2Fcomments&post=681764"}],"version-history":[{"count":0,"href":"https:\/\/microscopemedia.com\/index.php?rest_route=\/wp\/v2\/posts\/681764\/revisions"}],"wp:featuredmedia":[{"embeddable":true,"href":"https:\/\/microscopemedia.com\/index.php?rest_route=\/wp\/v2\/media\/681765"}],"wp:attachment":[{"href":"https:\/\/microscopemedia.com\/index.php?rest_route=%2Fwp%2Fv2%2Fmedia&parent=681764"}],"wp:term":[{"taxonomy":"category","embeddable":true,"href":"https:\/\/microscopemedia.com\/index.php?rest_route=%2Fwp%2Fv2%2Fcategories&post=681764"},{"taxonomy":"post_tag","embeddable":true,"href":"https:\/\/microscopemedia.com\/index.php?rest_route=%2Fwp%2Fv2%2Ftags&post=681764"}],"curies":[{"name":"wp","href":"https:\/\/api.w.org\/{rel}","templated":true}]}}