{"id":681766,"date":"2026-03-14T08:16:04","date_gmt":"2026-03-14T08:16:04","guid":{"rendered":"https:\/\/microscopemedia.com\/?p=681766"},"modified":"2026-03-14T08:16:04","modified_gmt":"2026-03-14T08:16:04","slug":"liderii-ue-insista-asupra-restrictiilor-privind-vizele-pentru-veteranii-de-razboi-rusi-initiativa-sustinuta-si-de-romania","status":"publish","type":"post","link":"https:\/\/microscopemedia.com\/?p=681766","title":{"rendered":"Liderii UE insist\u0103 asupra restric\u021biilor privind vizele pentru veteranii de r\u0103zboi ru\u0219i. Ini\u021biativa, sus\u021binut\u0103 \u0219i de Rom\u00e2nia"},"content":{"rendered":"<div><img decoding=\"async\" src=\"https:\/\/microscopemedia.com\/wp-content\/uploads\/2026\/03\/liderii-ue-insista-asupra-restrictiilor-privind-vizele-pentru-veteranii-de-razboi-rusi-initiativa-sustinuta-si-de-romania.jpg\" class=\"ff-og-image-inserted\"><\/div>\n<p id=\"p-0\">Liderii germani Friedrich Merz \u0219i polonez Donald Tusk se num\u0103r\u0103 printre liderii UE care \u00eendeamn\u0103 Bruxelles-ul s\u0103 \u00een\u0103spreasc\u0103 regulile de acordare a vizelor pentru cet\u0103\u021benii ru\u0219i cu experien\u021b\u0103 \u00een lupt\u0103 \u00een Ucraina, noteaz\u0103 <a href=\"https:\/\/www.politico.eu\/article\/eu-leaders-visa-crackdown-russian-war-veterans\/\" target=\"_blank\" rel=\"noopener\">Politico<\/a>.<\/p>\n<p id=\"p-1\">\u00centr-o scrisoare adresat\u0103 pre\u0219edintelui Consiliului European, Ant\u00f3nio Costa, \u0219i pre\u0219edintei Comisiei Europene, Ursula von der Leyen, opt lideri au avertizat c\u0103 r\u0103zboiul Moscovei \u00eempotriva Ucrainei creeaz\u0103 riscuri de securitate intern\u0103 pe termen lung pentru spa\u021biul de liber\u0103 circula\u021bie Schengen al UE.<\/p>\n<p id=\"p-2\">Ace\u0219tia sus\u021bin c\u0103 combatan\u021bii demobiliza\u021bi sau afla\u021bi \u00een rota\u021bie, inclusiv mii de persoane recrutate din \u00eenchisori, ar putea \u00eencerca s\u0103 c\u0103l\u0103toreasc\u0103 \u00een \u021b\u0103rile UE, aliment\u00e2nd poten\u021bial crima organizat\u0103, infrac\u021biunile violente sau activit\u0103\u021bile ostile ale statului. Ace\u0219tia spun c\u0103 num\u0103rul tot mai mare de vize eliberate cet\u0103\u021benilor ru\u0219i spore\u0219te urgen\u021ba acestei probleme.<\/p>\n<p id=\"p-3\">Conform estim\u0103rilor din industria turismului , cet\u0103\u021benii ru\u0219i au depus \u00eentre 620.000 \u0219i 670.000 de cereri de viz\u0103 Schengen \u00een 2025, clas\u00e2ndu-se printre primele cinci na\u021bionalit\u0103\u021bi care solicit\u0103 intrarea \u00een UE. Aproximativ patru din cinci solicitan\u021bi au primit o viz\u0103.<\/p>\n<p id=\"p-4\">\u201ePrin urmare, orice intrare poate avea consecin\u021be grave pentru securitatea unui stat membru sau a \u00eentregului spa\u021biu Schengen\u201d, se arat\u0103 \u00een scrisoare.<\/p>\n<p id=\"p-5\">Ini\u021biativa, sus\u021binut\u0103 \u0219i de Estonia, Finlanda, Letonia, Lituania, Rom\u00e2nia \u0219i Suedia, solicit\u0103 Comisiei s\u0103 preg\u0103teasc\u0103 restric\u021bii specifice privind vizele \u0219i s\u0103 exploreze modific\u0103ri ale normelor UE care s\u0103 permit\u0103 interdic\u021bii coordonate de intrare. \u021a\u0103rile UE au \u00een\u0103sprit deja accesul \u00een ultimii ani, majoritatea vizelor fiind emise acum pentru \u0219ederi mai scurte \u0219i cu o valabilitate mai limitat\u0103.<\/p>\n","protected":false},"excerpt":{"rendered":"<p>Liderii germani Friedrich Merz \u0219i polonez Donald Tusk se num\u0103r\u0103 printre liderii UE care \u00eendeamn\u0103 Bruxelles-ul s\u0103 \u00een\u0103spreasc\u0103 regulile de acordare a vizelor pentru cet\u0103\u021benii ru\u0219i cu experien\u021b\u0103 \u00een lupt\u0103 &hellip; <a href=\"https:\/\/microscopemedia.com\/?p=681766\" class=\"more-link\">Read More<\/a><\/p>\n","protected":false},"author":1,"featured_media":681767,"comment_status":"closed","ping_status":"closed","sticky":false,"template":"Default","format":"standard","meta":[],"categories":[1],"tags":[],"_links":{"self":[{"href":"https:\/\/microscopemedia.com\/index.php?rest_route=\/wp\/v2\/posts\/681766"}],"collection":[{"href":"https:\/\/microscopemedia.com\/index.php?rest_route=\/wp\/v2\/posts"}],"about":[{"href":"https:\/\/microscopemedia.com\/index.php?rest_route=\/wp\/v2\/types\/post"}],"author":[{"embeddable":true,"href":"https:\/\/microscopemedia.com\/index.php?rest_route=\/wp\/v2\/users\/1"}],"replies":[{"embeddable":true,"href":"https:\/\/microscopemedia.com\/index.php?rest_route=%2Fwp%2Fv2%2Fcomments&post=681766"}],"version-history":[{"count":0,"href":"https:\/\/microscopemedia.com\/index.php?rest_route=\/wp\/v2\/posts\/681766\/revisions"}],"wp:featuredmedia":[{"embeddable":true,"href":"https:\/\/microscopemedia.com\/index.php?rest_route=\/wp\/v2\/media\/681767"}],"wp:attachment":[{"href":"https:\/\/microscopemedia.com\/index.php?rest_route=%2Fwp%2Fv2%2Fmedia&parent=681766"}],"wp:term":[{"taxonomy":"category","embeddable":true,"href":"https:\/\/microscopemedia.com\/index.php?rest_route=%2Fwp%2Fv2%2Fcategories&post=681766"},{"taxonomy":"post_tag","embeddable":true,"href":"https:\/\/microscopemedia.com\/index.php?rest_route=%2Fwp%2Fv2%2Ftags&post=681766"}],"curies":[{"name":"wp","href":"https:\/\/api.w.org\/{rel}","templated":true}]}}