{"id":681770,"date":"2026-03-14T08:36:04","date_gmt":"2026-03-14T08:36:04","guid":{"rendered":"https:\/\/microscopemedia.com\/?p=681770"},"modified":"2026-03-14T08:36:04","modified_gmt":"2026-03-14T08:36:04","slug":"atac-cu-explozibili-asupra-unei-scoli-evreiesti-din-amsterdam-in-timpul-noptii","status":"publish","type":"post","link":"https:\/\/microscopemedia.com\/?p=681770","title":{"rendered":"Atac cu explozibili asupra unei \u0219coli evreie\u0219ti din Amsterdam \u00een timpul nop\u021bii"},"content":{"rendered":"<div><img decoding=\"async\" src=\"https:\/\/microscopemedia.com\/wp-content\/uploads\/2026\/03\/atac-cu-explozibili-asupra-unei-scoli-evreiesti-din-amsterdam-in-timpul-noptii.jpg\" class=\"ff-og-image-inserted\"><\/div>\n<p id=\"p-0\">Peretele exterior al unei \u0219coli evreie\u0219ti din Amsterdam a fost detonat \u00een noaptea de vineri spre s\u00e2mb\u0103t\u0103, \u00een ceea ce primarul Capitalei olandeze denume\u0219te \u201eun act la\u0219 de agresiune\u201d \u00eempotriva comunit\u0103\u021bii evreie\u0219ti.<\/p>\n<p id=\"p-1\">Nu au fost raporta\u021bi r\u0103ni\u021bi.<\/p>\n<p id=\"p-2\">Pe imaginile de supraveghere se vede un b\u0103rbat care planteaz\u0103 un dispozitiv exploziv pe o latur\u0103 a \u0219colii.<\/p>\n<h2 id=\"chapter-0\">Atacul seam\u0103n\u0103 izbitor cu cel din Rotterdam \u0219i Li\u00e8ge<\/h2>\n<p id=\"p-3\">Imaginile, care sunt acum, \u00een posesia poli\u021biei, amintesc de un mod de operare similar cu cele aplicate \u00een Rotterdam \u0219i la sinagogi din Li\u00e8ge (Belgia).<\/p>\n<p id=\"p-4\">S\u00e2mb\u0103t\u0103 diminea\u021ba, devreme, primarul Capitalei olandeze, Femke Halsema, a condamnat actul drept un \u201eact la\u0219 de agresiune\u201d.<\/p>\n<p id=\"p-5\">\u00cen Belgia, la Li\u00e8ge, un act asem\u0103n\u0103tor a cauzat un incendiu puternic luni.<\/p>\n<p id=\"p-6\">\u0218coala se afl\u0103 \u00een partea sudic\u0103 a Amsterdamului, iar explozia nu a reu\u0219it s\u0103 distrug\u0103 mult.<\/p>\n<p id=\"p-7\">\u201eComunitatea evreiasc\u0103 din Amsterdam se confrunt\u0103 din ce \u00een ce mai des cu acte de antisemitism, iar asta e inacceptabil\u201d, spune primarul Amsterdamului.<\/p>\n<p id=\"p-8\">\u00cengrijor\u0103ri \u00een privin\u021ba unor alte posibile atacuri \u00eempotriva evreilor din \u00eentreaga lume au crescut de la atacurile SUA \u0219i ale Israelului asupra Iranului.<\/p>\n","protected":false},"excerpt":{"rendered":"<p>Peretele exterior al unei \u0219coli evreie\u0219ti din Amsterdam a fost detonat \u00een noaptea de vineri spre s\u00e2mb\u0103t\u0103, \u00een ceea ce primarul Capitalei olandeze denume\u0219te \u201eun act la\u0219 de agresiune\u201d \u00eempotriva &hellip; <a href=\"https:\/\/microscopemedia.com\/?p=681770\" class=\"more-link\">Read More<\/a><\/p>\n","protected":false},"author":1,"featured_media":681771,"comment_status":"closed","ping_status":"closed","sticky":false,"template":"Default","format":"standard","meta":[],"categories":[1],"tags":[],"_links":{"self":[{"href":"https:\/\/microscopemedia.com\/index.php?rest_route=\/wp\/v2\/posts\/681770"}],"collection":[{"href":"https:\/\/microscopemedia.com\/index.php?rest_route=\/wp\/v2\/posts"}],"about":[{"href":"https:\/\/microscopemedia.com\/index.php?rest_route=\/wp\/v2\/types\/post"}],"author":[{"embeddable":true,"href":"https:\/\/microscopemedia.com\/index.php?rest_route=\/wp\/v2\/users\/1"}],"replies":[{"embeddable":true,"href":"https:\/\/microscopemedia.com\/index.php?rest_route=%2Fwp%2Fv2%2Fcomments&post=681770"}],"version-history":[{"count":0,"href":"https:\/\/microscopemedia.com\/index.php?rest_route=\/wp\/v2\/posts\/681770\/revisions"}],"wp:featuredmedia":[{"embeddable":true,"href":"https:\/\/microscopemedia.com\/index.php?rest_route=\/wp\/v2\/media\/681771"}],"wp:attachment":[{"href":"https:\/\/microscopemedia.com\/index.php?rest_route=%2Fwp%2Fv2%2Fmedia&parent=681770"}],"wp:term":[{"taxonomy":"category","embeddable":true,"href":"https:\/\/microscopemedia.com\/index.php?rest_route=%2Fwp%2Fv2%2Fcategories&post=681770"},{"taxonomy":"post_tag","embeddable":true,"href":"https:\/\/microscopemedia.com\/index.php?rest_route=%2Fwp%2Fv2%2Ftags&post=681770"}],"curies":[{"name":"wp","href":"https:\/\/api.w.org\/{rel}","templated":true}]}}