{"id":681772,"date":"2026-03-14T09:07:04","date_gmt":"2026-03-14T09:07:04","guid":{"rendered":"https:\/\/microscopemedia.com\/?p=681772"},"modified":"2026-03-14T09:07:04","modified_gmt":"2026-03-14T09:07:04","slug":"franta-returneaza-coastei-de-fildes-o-toba-sacra-jefuita-in-era-coloniala","status":"publish","type":"post","link":"https:\/\/microscopemedia.com\/?p=681772","title":{"rendered":"Fran\u021ba returneaz\u0103 Coastei de Filde\u0219 o tob\u0103 sacr\u0103 jefuit\u0103 \u00een era colonial\u0103"},"content":{"rendered":"<div><img decoding=\"async\" src=\"https:\/\/microscopemedia.com\/wp-content\/uploads\/2026\/03\/franta-returneaza-coastei-de-fildes-o-toba-sacra-jefuita-in-era-coloniala.webp\" class=\"ff-og-image-inserted\"><\/div>\n<p id=\"p-0\">A fost prima astfel de returnare a Fran\u021bei \u00een Coasta de Filde\u0219 \u0219i a f\u0103cut parte dintr-o campanie mai ampl\u0103 \u00eentre guvernele europene \u0219i occidentale de a returna obiecte pre\u021bioase dup\u0103 decenii de rezisten\u021b\u0103, noteaz\u0103 <a href=\"https:\/\/apnews.com\/article\/ivory-coast-france-artifact-colonial-era-abidjan-f6a5c6b75eb11655dfe1883519eb91fe\" target=\"_blank\" rel=\"noopener\">AP<\/a>.<\/p>\n<p id=\"p-1\">Djidji Ay\u00f4kw\u00e9, o tob\u0103 masiv\u0103 din lemn sculptat, folosit\u0103 odinioar\u0103 de popula\u021bia Atchan din regiunea Abidjan pentru a comunica \u00eentre sate, a fost jefuit\u0103 de autorit\u0103\u021bile coloniale franceze \u00een 1916 \u0219i se num\u0103r\u0103 printre cel pu\u021bin 140 de artefacte jefuite pe care Coasta de Filde\u0219 a cerut Fran\u021bei s\u0103 le returneze.<\/p>\n<p id=\"p-2\">\u201eAceasta este o zi istoric\u0103 \u0219i un moment de dreptate \u0219i comemorare\u201d, a declarat ministrul Culturii din Coasta de Filde\u0219, Fran\u00e7oise Remarck, la un eveniment organizat pentru primirea artefactului pe Aeroportul Interna\u021bional F\u00e9lix Houphou\u00ebt-Boigny.<\/p>\n<p id=\"p-3\">Toba de lemn (al c\u0103rei nume \u00eenseamn\u0103 \u201eleu-panter\u0103\u201d) m\u0103soar\u0103 aproximativ 3,4 metri lungime \u0219i c\u00e2nt\u0103re\u0219te aproximativ 400 kg. <strong>Istoricii spun c\u0103 a jucat un rol cheie \u00een avertizarea satelor cu privire la recrutarea pentru munc\u0103 for\u021bat\u0103 organizat\u0103 de autorit\u0103\u021bile coloniale<\/strong>.<\/p>\n<p id=\"p-4\">&nbsp;<\/p>\n","protected":false},"excerpt":{"rendered":"<p>A fost prima astfel de returnare a Fran\u021bei \u00een Coasta de Filde\u0219 \u0219i a f\u0103cut parte dintr-o campanie mai ampl\u0103 \u00eentre guvernele europene \u0219i occidentale de a returna obiecte pre\u021bioase &hellip; <a href=\"https:\/\/microscopemedia.com\/?p=681772\" class=\"more-link\">Read More<\/a><\/p>\n","protected":false},"author":1,"featured_media":681773,"comment_status":"closed","ping_status":"closed","sticky":false,"template":"Default","format":"standard","meta":[],"categories":[1],"tags":[],"_links":{"self":[{"href":"https:\/\/microscopemedia.com\/index.php?rest_route=\/wp\/v2\/posts\/681772"}],"collection":[{"href":"https:\/\/microscopemedia.com\/index.php?rest_route=\/wp\/v2\/posts"}],"about":[{"href":"https:\/\/microscopemedia.com\/index.php?rest_route=\/wp\/v2\/types\/post"}],"author":[{"embeddable":true,"href":"https:\/\/microscopemedia.com\/index.php?rest_route=\/wp\/v2\/users\/1"}],"replies":[{"embeddable":true,"href":"https:\/\/microscopemedia.com\/index.php?rest_route=%2Fwp%2Fv2%2Fcomments&post=681772"}],"version-history":[{"count":0,"href":"https:\/\/microscopemedia.com\/index.php?rest_route=\/wp\/v2\/posts\/681772\/revisions"}],"wp:featuredmedia":[{"embeddable":true,"href":"https:\/\/microscopemedia.com\/index.php?rest_route=\/wp\/v2\/media\/681773"}],"wp:attachment":[{"href":"https:\/\/microscopemedia.com\/index.php?rest_route=%2Fwp%2Fv2%2Fmedia&parent=681772"}],"wp:term":[{"taxonomy":"category","embeddable":true,"href":"https:\/\/microscopemedia.com\/index.php?rest_route=%2Fwp%2Fv2%2Fcategories&post=681772"},{"taxonomy":"post_tag","embeddable":true,"href":"https:\/\/microscopemedia.com\/index.php?rest_route=%2Fwp%2Fv2%2Ftags&post=681772"}],"curies":[{"name":"wp","href":"https:\/\/api.w.org\/{rel}","templated":true}]}}