{"id":681774,"date":"2026-03-14T09:26:03","date_gmt":"2026-03-14T09:26:03","guid":{"rendered":"https:\/\/microscopemedia.com\/?p=681774"},"modified":"2026-03-14T09:26:03","modified_gmt":"2026-03-14T09:26:03","slug":"a-opta-zi-de-proteste-violente-in-cuba-dupa-penele-masive-de-curent-manifestantii-au-atacat-sediul-partidului-comunist","status":"publish","type":"post","link":"https:\/\/microscopemedia.com\/?p=681774","title":{"rendered":"A opta zi de proteste violente \u00een Cuba dup\u0103 penele masive de curent. Manifestan\u021bii au atacat sediul Partidului Comunist"},"content":{"rendered":"<div><img decoding=\"async\" src=\"https:\/\/microscopemedia.com\/wp-content\/uploads\/2026\/03\/a-opta-zi-de-proteste-violente-in-cuba-dupa-penele-masive-de-curent-manifestantii-au-atacat-sediul-partidului-comunist.jpg\" class=\"ff-og-image-inserted\"><\/div>\n<p id=\"p-0\">Potrivit imaginilor distribuite pe re\u021belele sociale, manifestan\u021bii au m\u0103r\u0219\u0103luit pe str\u0103zile ora\u0219ului, lumin\u00e2ndu-\u0219i drumul cu lanternele telefoanelor mobile \u0219i scand\u00e2nd \u201elibertate\u201d. O parte dintre protestatari au atacat sediul local al Partidul Comunist din Cuba, considerat un simbol al puterii regimului. Din cl\u0103dire au fost scoase documente, calculatoare \u0219i mobilier, care au fost apoi incendiate \u00een apropierea sediului, noteaz\u0103 <a href=\"https:\/\/www.mediafax.ro\/www.elmundo.es\/internacional\/2026\/03\/14\/69b4fc9ee9cf4ad9618b45b9.html\">El Mundo<\/a>.<\/p>\n<p id=\"p-1\">Martorii sus\u021bin c\u0103 for\u021bele de securitate au intervenit \u00een for\u021b\u0103 pentru a dispersa mul\u021bimea. Locuitori ai ora\u0219ului au relatat pe re\u021belele sociale c\u0103 poli\u021bia ar fi tras focuri de arm\u0103, iar un minor ar fi fost r\u0103nit \u00een timpul interven\u021biei. Informa\u021biile nu au fost confirmate oficial.<\/p>\n<p id=\"p-2\">Protestele din Mor\u00f3n sunt considerate cele mai importante manifesta\u021bii din ultimii ani, dup\u0103 revolta popular\u0103 din iulie 2021, c\u00e2nd mii de cubanezi au ie\u0219it \u00een strad\u0103 \u00eempotriva guvernului, iar autorit\u0103\u021bile au reprimat dur demonstra\u021biile.<\/p>\n<p id=\"p-3\">Nemul\u021bumirea popula\u021biei este alimentat\u0103 de criza energetic\u0103 profund\u0103 care afecteaz\u0103 insula. \u00cen unele zile, p\u00e2n\u0103 la 68 % din \u021bar\u0103 r\u0103m\u00e2ne simultan f\u0103r\u0103 electricitate, potrivit datelor oficiale, iar penele de curent pot dura multe ore.<\/p>\n<p id=\"p-4\">Pe l\u00e2ng\u0103 lipsa energiei electrice, cubanezii se confrunt\u0103 \u0219i cu penurie de alimente, medicamente \u0219i alte produse de baz\u0103, ceea ce amplific\u0103 tensiunile sociale \u0219i determin\u0103 tot mai mul\u021bi oameni s\u0103 ias\u0103 \u00een strad\u0103 pentru a cere schimb\u0103ri.<\/p>\n","protected":false},"excerpt":{"rendered":"<p>Potrivit imaginilor distribuite pe re\u021belele sociale, manifestan\u021bii au m\u0103r\u0219\u0103luit pe str\u0103zile ora\u0219ului, lumin\u00e2ndu-\u0219i drumul cu lanternele telefoanelor mobile \u0219i scand\u00e2nd \u201elibertate\u201d. O parte dintre protestatari au atacat sediul local al &hellip; <a href=\"https:\/\/microscopemedia.com\/?p=681774\" class=\"more-link\">Read More<\/a><\/p>\n","protected":false},"author":1,"featured_media":681775,"comment_status":"closed","ping_status":"closed","sticky":false,"template":"Default","format":"standard","meta":[],"categories":[1],"tags":[],"_links":{"self":[{"href":"https:\/\/microscopemedia.com\/index.php?rest_route=\/wp\/v2\/posts\/681774"}],"collection":[{"href":"https:\/\/microscopemedia.com\/index.php?rest_route=\/wp\/v2\/posts"}],"about":[{"href":"https:\/\/microscopemedia.com\/index.php?rest_route=\/wp\/v2\/types\/post"}],"author":[{"embeddable":true,"href":"https:\/\/microscopemedia.com\/index.php?rest_route=\/wp\/v2\/users\/1"}],"replies":[{"embeddable":true,"href":"https:\/\/microscopemedia.com\/index.php?rest_route=%2Fwp%2Fv2%2Fcomments&post=681774"}],"version-history":[{"count":0,"href":"https:\/\/microscopemedia.com\/index.php?rest_route=\/wp\/v2\/posts\/681774\/revisions"}],"wp:featuredmedia":[{"embeddable":true,"href":"https:\/\/microscopemedia.com\/index.php?rest_route=\/wp\/v2\/media\/681775"}],"wp:attachment":[{"href":"https:\/\/microscopemedia.com\/index.php?rest_route=%2Fwp%2Fv2%2Fmedia&parent=681774"}],"wp:term":[{"taxonomy":"category","embeddable":true,"href":"https:\/\/microscopemedia.com\/index.php?rest_route=%2Fwp%2Fv2%2Fcategories&post=681774"},{"taxonomy":"post_tag","embeddable":true,"href":"https:\/\/microscopemedia.com\/index.php?rest_route=%2Fwp%2Fv2%2Ftags&post=681774"}],"curies":[{"name":"wp","href":"https:\/\/api.w.org\/{rel}","templated":true}]}}