{"id":681782,"date":"2026-03-14T10:16:04","date_gmt":"2026-03-14T10:16:04","guid":{"rendered":"https:\/\/microscopemedia.com\/?p=681782"},"modified":"2026-03-14T10:16:04","modified_gmt":"2026-03-14T10:16:04","slug":"bucurestenii-nu-vor-mai-plati-apa-rece-la-pret-de-apa-calda-proiectul-privind-reducerea-facturilor-a-fost-adoptat-in-consiliul-general","status":"publish","type":"post","link":"https:\/\/microscopemedia.com\/?p=681782","title":{"rendered":"Bucure\u0219tenii nu vor mai pl\u0103ti ap\u0103 rece la pre\u021b de ap\u0103 cald\u0103 \/ Proiectul privind reducerea facturilor a fost adoptat \u00een Consiliul General"},"content":{"rendered":"<div><img decoding=\"async\" src=\"https:\/\/microscopemedia.com\/wp-content\/uploads\/2026\/03\/bucurestenii-nu-vor-mai-plati-apa-rece-la-pret-de-apa-calda-proiectul-privind-reducerea-facturilor-a-fost-adoptat-in-consiliul-general.jpg\" class=\"ff-og-image-inserted\"><\/div>\n<p id=\"p-0\">Consiliul General al Municipiului Bucure\u0219ti a aprobat un proiect de hot\u0103r\u00e2re care prevede reducerea facturilor la energie termic\u0103 pentru locuitorii Capitalei atunci c\u00e2nd serviciile de \u00eenc\u0103lzire \u0219i ap\u0103 cald\u0103 nu sunt furnizate \u00een parametrii contractuali.<\/p>\n<p id=\"p-1\">Ini\u021biativa este prezentat\u0103 drept o victorie pentru consilierii generali ai <a href=\"https:\/\/www.mediafax.ro\/politic\/pusl-si-a-ales-noii-membri-ai-structurilor-de-conducere-23683085\">Partidului Umanist Social Liberal<\/a> (PUSL) \u0219i pentru bucure\u0219teni.<\/p>\n<h2 id=\"chapter-0\">Locuitorii care nu beneficiaz\u0103 de ap\u0103 cald\u0103 sau c\u0103ldur\u0103 vor putea primi retroactiv sumele<\/h2>\n<p id=\"p-2\">Potrivit hot\u0103r\u00e2rii adoptate, locuitorii care nu beneficiaz\u0103 de ap\u0103 cald\u0103 sau c\u0103ldur\u0103 la standardele stabilite vor pl\u0103ti facturi mai mici.<\/p>\n<p id=\"p-3\">De asemenea, ace\u0219tia vor putea primi retroactiv sumele care li se cuvin, \u00eencep\u00e2nd cu 1 ianuarie 2026, \u00een cazul \u00een care serviciile furnizate nu au respectat parametrii contractuali.<\/p>\n<p id=\"p-4\">Proiectul a fost ini\u021biat de consilierii generali ai PSD \u0219i PUSL \u0219i a fost adoptat cu 40 de voturi \u201epentru\u201d \u0219i 12 ab\u021bineri.<\/p>\n<h2 id=\"chapter-1\">\u201eUn principiu de bun-sim\u021b\u201d<\/h2>\n<p id=\"p-5\">Sus\u021bin\u0103torii ini\u021biativei afirm\u0103 c\u0103 m\u0103sura introduce un principiu de echitate \u00een rela\u021bia dintre sistemul de termoficare \u0219i consumatori.<\/p>\n<p id=\"p-6\">\u201eAprobarea proiectului \u00eenseamn\u0103 aplicarea unui principiu de bun-sim\u021b: c\u00e2t prime\u0219ti, at\u00e2t pl\u0103te\u0219ti. Am \u00eencercat s\u0103 impunem acest principiu al\u0103turi de colegii de la PSD, dar a existat un blocaj de aproximativ o lun\u0103, cauzat de primarul general, care s-a opus acestui proiect, f\u0103r\u0103 a avea \u00eens\u0103 obiec\u021bii de fond\u201d, a declarat Bogdan Ion Jelea, liderul consilierilor PUSL din Consiliul General al Capitalei.<\/p>\n<h2 id=\"chapter-2\">\u201eUn rezultat c\u00e2t se poate de bun\u201d<\/h2>\n<p id=\"p-7\">Acesta a subliniat c\u0103 adoptarea proiectului va pune cap\u0103t situa\u021biilor \u00een care bucure\u0219tenii pl\u0103teau tarife pentru ap\u0103 cald\u0103 sau c\u0103ldur\u0103 chiar \u0219i atunci c\u00e2nd serviciile nu erau furnizate corespunz\u0103tor. \u201eRezultatul de ast\u0103zi este unul c\u00e2t se poate de bun, pentru c\u0103 bucure\u0219tenii nu vor mai pl\u0103ti ap\u0103 rece la pre\u021b de ap\u0103 cald\u0103\u201d, a ad\u0103ugat Jelea.<\/p>\n<p id=\"p-8\">Hot\u0103r\u00e2rea adoptat\u0103 de Consiliul General urmeaz\u0103 s\u0103 fie aplicat\u0103 \u00een sistemul de termoficare al Capitalei, astfel \u00eenc\u00e2t facturile s\u0103 reflecte mai exact calitatea serviciilor furnizate.<\/p>\n","protected":false},"excerpt":{"rendered":"<p>Consiliul General al Municipiului Bucure\u0219ti a aprobat un proiect de hot\u0103r\u00e2re care prevede reducerea facturilor la energie termic\u0103 pentru locuitorii Capitalei atunci c\u00e2nd serviciile de \u00eenc\u0103lzire \u0219i ap\u0103 cald\u0103 nu &hellip; <a href=\"https:\/\/microscopemedia.com\/?p=681782\" class=\"more-link\">Read More<\/a><\/p>\n","protected":false},"author":1,"featured_media":681783,"comment_status":"closed","ping_status":"closed","sticky":false,"template":"Default","format":"standard","meta":[],"categories":[1],"tags":[],"_links":{"self":[{"href":"https:\/\/microscopemedia.com\/index.php?rest_route=\/wp\/v2\/posts\/681782"}],"collection":[{"href":"https:\/\/microscopemedia.com\/index.php?rest_route=\/wp\/v2\/posts"}],"about":[{"href":"https:\/\/microscopemedia.com\/index.php?rest_route=\/wp\/v2\/types\/post"}],"author":[{"embeddable":true,"href":"https:\/\/microscopemedia.com\/index.php?rest_route=\/wp\/v2\/users\/1"}],"replies":[{"embeddable":true,"href":"https:\/\/microscopemedia.com\/index.php?rest_route=%2Fwp%2Fv2%2Fcomments&post=681782"}],"version-history":[{"count":0,"href":"https:\/\/microscopemedia.com\/index.php?rest_route=\/wp\/v2\/posts\/681782\/revisions"}],"wp:featuredmedia":[{"embeddable":true,"href":"https:\/\/microscopemedia.com\/index.php?rest_route=\/wp\/v2\/media\/681783"}],"wp:attachment":[{"href":"https:\/\/microscopemedia.com\/index.php?rest_route=%2Fwp%2Fv2%2Fmedia&parent=681782"}],"wp:term":[{"taxonomy":"category","embeddable":true,"href":"https:\/\/microscopemedia.com\/index.php?rest_route=%2Fwp%2Fv2%2Fcategories&post=681782"},{"taxonomy":"post_tag","embeddable":true,"href":"https:\/\/microscopemedia.com\/index.php?rest_route=%2Fwp%2Fv2%2Ftags&post=681782"}],"curies":[{"name":"wp","href":"https:\/\/api.w.org\/{rel}","templated":true}]}}