{"id":681792,"date":"2026-03-14T11:16:03","date_gmt":"2026-03-14T11:16:03","guid":{"rendered":"https:\/\/microscopemedia.com\/?p=681792"},"modified":"2026-03-14T11:16:03","modified_gmt":"2026-03-14T11:16:03","slug":"baluta-despre-bugetul-pe-2026-are-deficiente-parlamentarii-psd-vor-corecta-aceste-neajunsuri","status":"publish","type":"post","link":"https:\/\/microscopemedia.com\/?p=681792","title":{"rendered":"B\u0103lu\u021b\u0103, despre bugetul pe 2026: Are deficien\u021be. Parlamentarii PSD vor corecta aceste neajunsuri"},"content":{"rendered":"<div><img decoding=\"async\" src=\"https:\/\/microscopemedia.com\/wp-content\/uploads\/2026\/03\/baluta-despre-bugetul-pe-2026-are-deficiente-parlamentarii-psd-vor-corecta-aceste-neajunsuri.jpg\" class=\"ff-og-image-inserted\"><\/div>\n<p id=\"p-0\"><span>\u201ePSD a f\u0103cut eforturi deosebite pentru acest buget, \u00eens\u0103, din p\u0103cate, \u00een forma \u00een care el se prezint\u0103 ast\u0103zi, \u00een niciun caz nu eviden\u021biaz\u0103 o viziune social-democrat\u0103\u201d, anun\u021b\u0103 B\u0103lu\u021b\u0103.&nbsp;<\/span><\/p>\n<h2 id=\"chapter-0\">Critici la adresa bugetului<\/h2>\n<p id=\"p-1\"><span>Potrivit primarului Sectorului 4, parlamentarii social-democra\u021bi vor depune \u00een decursul s\u0103pt\u0103m\u00e2nii viitoare pentru a corecta deficien\u021bele bugetului propus de Guvern.&nbsp;<\/span><\/p>\n<p id=\"p-2\"><span>\u201eCeea ce v\u0103 garantez este c\u0103 \u00een Parlament aceste neajunsuri vor fi corectate de Partidul Social Democrat, iar bugetul nu poate s\u0103 treac\u0103 \u00een aceast\u0103 form\u0103. Dac\u0103 mai st\u0103 mult, n-o s\u0103 mai facem nimic nici anul acesta. Ca atare, deficien\u021bele pe care le-am constatat \u00een aceast\u0103 lege a bugetului ne-am propus s\u0103 le corect\u0103m \u00een Parlament, pentru c\u0103 prin for\u021ba pe care grupul nostru o are sunt convins c\u0103 va reu\u0219i s\u0103 corecteze toate lipsurile pe care acest buget le are\u201d, transmite B\u0103lu\u021b\u0103.&nbsp;<\/span><\/p>\n<h2 id=\"chapter-1\">Subfinana\u021barea pachetului social<\/h2>\n<p id=\"p-3\"><span>Printre deficien\u021b\u0103, B\u0103lu\u021b\u0103 a identificat m\u0103surile sociale promise de PSD. \u201em\u0103surile de protec\u021bie social\u0103, pachetul social pe care l-am promis \u0219i care este complet subfinan\u021bat reprezint\u0103 o prioritate pentru Partidul Social Democrat\u201d.&nbsp;<\/span><\/p>\n<p id=\"p-4\"><span>Acesta a anun\u021bat c\u0103 o list\u0103 complet\u0103 cu modific\u0103rile pe care le va cere forma\u021biune ava fi anun\u021bat\u0103 dup\u0103 o reuniune intern\u0103. \u201eDup\u0103 Consiliul Politic Na\u021bional, sunt convins c\u0103 ve\u021bi primi suma amendamentelor pe care Partidul Social Democrat le va face la bugetul Rom\u00e2niei\u201d, spune B\u0103lu\u021b\u0103.&nbsp;<\/span><\/p>\n<h2 id=\"chapter-2\">Atacuri la adresa premierului Bolojan<\/h2>\n<p id=\"p-5\"><span>De asemenea, edilul a profitat de ocazie pentru a lansa un nou val de atacuri la adresa premierului Bolojan: \u201eA durat patru luni de zile p\u00e2n\u0103 c\u00e2nd acest om care fr\u00e2neaz\u0103 dezvoltare a Rom\u00e2niei, pe numele d\u00e2nsului, Ilie Bolojan, a reu\u0219it de-abia ieri s\u0103 adopte cre\u0219terea salariului minim pe economie. Discut\u0103m despre un om care nu a \u021binut cont niciodat\u0103 de nevoile persoanelor cu dizabilit\u0103\u021bi, prefer\u00e2nd \u00een contrapartid\u0103, s\u0103 ofere bani pentru a juca la burs\u0103\u201d, transmite Daniel B\u0103lu\u021b\u0103.&nbsp;<\/span><\/p>\n<p id=\"p-6\"><span>Daniel B\u0103lu\u021b\u0103 a precizat c\u0103 PSD nu inten\u021bioneaz\u0103 s\u0103 renun\u021be la participarea \u00een coali\u021bia de guvernare. \u201eUna este coali\u021bia \u0219i alta este Bolojan. Nimeni nu a spus c\u0103 nu dorim s\u0103 continu\u0103m \u00eentr-o coali\u021bie, dar, a\u0219a cum v-am spus \u0219i repet, o astfel de construc\u021bie politic\u0103 nu st\u0103 \u00eentr-un singur om care, din p\u0103cate, \u0219i-a dovedit limitele, incapacitatea de a dialoga, lipsa de empatie \u0219i mai ales aceast\u0103 aceast\u0103 calitate \u0219i pun ghilimele de rigoare, de a fr\u00e2na, ori ceea ce \u021bine de PSD\u201d.&nbsp;<\/span><\/p>\n","protected":false},"excerpt":{"rendered":"<p>\u201ePSD a f\u0103cut eforturi deosebite pentru acest buget, \u00eens\u0103, din p\u0103cate, \u00een forma \u00een care el se prezint\u0103 ast\u0103zi, \u00een niciun caz nu eviden\u021biaz\u0103 o viziune social-democrat\u0103\u201d, anun\u021b\u0103 B\u0103lu\u021b\u0103.&nbsp; Critici &hellip; <a href=\"https:\/\/microscopemedia.com\/?p=681792\" class=\"more-link\">Read More<\/a><\/p>\n","protected":false},"author":1,"featured_media":681793,"comment_status":"closed","ping_status":"closed","sticky":false,"template":"Default","format":"standard","meta":[],"categories":[1],"tags":[],"_links":{"self":[{"href":"https:\/\/microscopemedia.com\/index.php?rest_route=\/wp\/v2\/posts\/681792"}],"collection":[{"href":"https:\/\/microscopemedia.com\/index.php?rest_route=\/wp\/v2\/posts"}],"about":[{"href":"https:\/\/microscopemedia.com\/index.php?rest_route=\/wp\/v2\/types\/post"}],"author":[{"embeddable":true,"href":"https:\/\/microscopemedia.com\/index.php?rest_route=\/wp\/v2\/users\/1"}],"replies":[{"embeddable":true,"href":"https:\/\/microscopemedia.com\/index.php?rest_route=%2Fwp%2Fv2%2Fcomments&post=681792"}],"version-history":[{"count":0,"href":"https:\/\/microscopemedia.com\/index.php?rest_route=\/wp\/v2\/posts\/681792\/revisions"}],"wp:featuredmedia":[{"embeddable":true,"href":"https:\/\/microscopemedia.com\/index.php?rest_route=\/wp\/v2\/media\/681793"}],"wp:attachment":[{"href":"https:\/\/microscopemedia.com\/index.php?rest_route=%2Fwp%2Fv2%2Fmedia&parent=681792"}],"wp:term":[{"taxonomy":"category","embeddable":true,"href":"https:\/\/microscopemedia.com\/index.php?rest_route=%2Fwp%2Fv2%2Fcategories&post=681792"},{"taxonomy":"post_tag","embeddable":true,"href":"https:\/\/microscopemedia.com\/index.php?rest_route=%2Fwp%2Fv2%2Ftags&post=681792"}],"curies":[{"name":"wp","href":"https:\/\/api.w.org\/{rel}","templated":true}]}}