{"id":681810,"date":"2026-03-14T13:26:04","date_gmt":"2026-03-14T13:26:04","guid":{"rendered":"https:\/\/microscopemedia.com\/?p=681810"},"modified":"2026-03-14T13:26:04","modified_gmt":"2026-03-14T13:26:04","slug":"in-ce-etapa-a-ajuns-hanul-solacolu-proiect-initiat-de-nicusor-dan-si-continuat-in-2025-de-stelian-bujduveanu","status":"publish","type":"post","link":"https:\/\/microscopemedia.com\/?p=681810","title":{"rendered":"\u00cen ce etap\u0103 a ajuns Hanul Solacolu, proiect ini\u021biat de Nicu\u0219or Dan \u0219i continuat \u00een 2025 de Stelian Bujduveanu"},"content":{"rendered":"<div><img decoding=\"async\" src=\"https:\/\/microscopemedia.com\/wp-content\/uploads\/2026\/03\/in-ce-etapa-a-ajuns-hanul-solacolu-proiect-initiat-de-nicusor-dan-si-continuat-in-2025-de-stelian-bujduveanu.jpg\" class=\"ff-og-image-inserted\"><\/div>\n<p id=\"p-0\">Potrivit prim\u0103riei, interven\u021biile au avut ca obiectiv salvarea cl\u0103dirii Hanul Solacolu, aflate \u00eentr-o stare avansat\u0103 de degradare. Proiectul de recuperare a imobilului a fost \u00eenceput \u00een perioada administra\u021biei fostului primar general Nicu\u0219or Dan \u0219i \u0219i a fost continuat\u0103 de administra\u021bia condus\u0103 de Stelian Bujduveanu, \u00een 2025.<\/p>\n<p id=\"p-1\">Cl\u0103direa, <strong>situat\u0103 la num\u0103rul 134 pe Calea Mo\u0219ilor, a fost construit\u0103 \u00een anul 1859 de fra\u021bii Solacolu<\/strong>. Ini\u021bial, <strong>aici a func\u021bionat prima fabric\u0103 de paste f\u0103inoase din Bucure\u0219ti<\/strong>, iar fa\u021bada era <strong>prev\u0103zut\u0103 cu pr\u0103v\u0103lii orientate c\u0103tre una dintre cele mai importante artere comerciale ale ora\u0219ului<\/strong>, cunoscut\u0103 \u00een trecut \u0219i sub numele de Podul T\u00e2rgului de Afar\u0103. Ulterior, imobilul a fost transformat \u00een han.<\/p>\n<p id=\"p-2\">\u00cen perioada comunist\u0103, <strong>cl\u0103direa a fost na\u021bionalizat\u0103, iar dup\u0103 anul 2000 a fost retrocedat\u0103 proprietarului. De-a lungul timpului, cutremurele din 1940, 1977, 1986 \u0219i 1990 au afectat grav structura de rezisten\u021b\u0103, imobilul fiind \u00eencadrat \u00een clasa I de risc seismic.<\/strong><\/p>\n<p id=\"p-4\">Prim\u0103ria arat\u0103 c\u0103, \u00eenainte de interven\u021bie, cl\u0103direa ajunsese \u00eentr-o stare avansat\u0103 de degradare, fiind plin\u0103 de gunoaie \u0219i moloz. \u00cen 2022 au fost realizate procedurile de expropriere, iar din 2023 Administra\u021bia Municipal\u0103 pentru Consolidarea Cl\u0103dirilor cu Risc Seismic a \u00eenceput lucr\u0103rile de punere \u00een siguran\u021b\u0103.<\/p>\n<p id=\"p-5\">Lucr\u0103rile au inclus sprijinirea elementelor de zid\u0103rie cu st\u00e2lpi metalici \u0219i grinzi de lemn, precum \u0219i realizarea unui sistem pentru preluarea apelor pluviale, pentru a preveni infiltra\u021biile \u00een subsol. \u00cen timpul interven\u021biilor au fost evacuate aproximativ <strong>2.000 de tone de gunoaie din interiorul cl\u0103dirii<\/strong>. De asemenea, a fost p\u0103strat\u0103 c\u0103r\u0103mida de acum 167 de ani.<\/p>\n<p id=\"p-6\">\u00cen prezent, cl\u0103direa nu mai presupune un un pericol public.<\/p>\n<p id=\"p-7\">\u00cen etapa urm\u0103toare, autorit\u0103\u021bile preg\u0103tesc organizarea unui concurs interna\u021bional de solu\u021bii pentru proiectarea restaur\u0103rii cl\u0103dirii, \u00een colaborare cu Ordinul Arhitec\u021bilor din Rom\u00e2nia. \u00cen paralel, se desf\u0103\u0219oar\u0103 investiga\u021bii arheologice, analize ale terenului \u0219i proceduri pentru ob\u021binerea avizelor necesare, precum \u0219i identificarea unor surse de finan\u021bare nerambursabil\u0103 pentru reabilitarea complet\u0103 a imobilului.<\/p>\n","protected":false},"excerpt":{"rendered":"<p>Potrivit prim\u0103riei, interven\u021biile au avut ca obiectiv salvarea cl\u0103dirii Hanul Solacolu, aflate \u00eentr-o stare avansat\u0103 de degradare. Proiectul de recuperare a imobilului a fost \u00eenceput \u00een perioada administra\u021biei fostului primar &hellip; <a href=\"https:\/\/microscopemedia.com\/?p=681810\" class=\"more-link\">Read More<\/a><\/p>\n","protected":false},"author":1,"featured_media":681811,"comment_status":"closed","ping_status":"closed","sticky":false,"template":"Default","format":"standard","meta":[],"categories":[1],"tags":[],"_links":{"self":[{"href":"https:\/\/microscopemedia.com\/index.php?rest_route=\/wp\/v2\/posts\/681810"}],"collection":[{"href":"https:\/\/microscopemedia.com\/index.php?rest_route=\/wp\/v2\/posts"}],"about":[{"href":"https:\/\/microscopemedia.com\/index.php?rest_route=\/wp\/v2\/types\/post"}],"author":[{"embeddable":true,"href":"https:\/\/microscopemedia.com\/index.php?rest_route=\/wp\/v2\/users\/1"}],"replies":[{"embeddable":true,"href":"https:\/\/microscopemedia.com\/index.php?rest_route=%2Fwp%2Fv2%2Fcomments&post=681810"}],"version-history":[{"count":0,"href":"https:\/\/microscopemedia.com\/index.php?rest_route=\/wp\/v2\/posts\/681810\/revisions"}],"wp:featuredmedia":[{"embeddable":true,"href":"https:\/\/microscopemedia.com\/index.php?rest_route=\/wp\/v2\/media\/681811"}],"wp:attachment":[{"href":"https:\/\/microscopemedia.com\/index.php?rest_route=%2Fwp%2Fv2%2Fmedia&parent=681810"}],"wp:term":[{"taxonomy":"category","embeddable":true,"href":"https:\/\/microscopemedia.com\/index.php?rest_route=%2Fwp%2Fv2%2Fcategories&post=681810"},{"taxonomy":"post_tag","embeddable":true,"href":"https:\/\/microscopemedia.com\/index.php?rest_route=%2Fwp%2Fv2%2Ftags&post=681810"}],"curies":[{"name":"wp","href":"https:\/\/api.w.org\/{rel}","templated":true}]}}