{"id":681820,"date":"2026-03-14T14:36:03","date_gmt":"2026-03-14T14:36:03","guid":{"rendered":"https:\/\/microscopemedia.com\/?p=681820"},"modified":"2026-03-14T14:36:03","modified_gmt":"2026-03-14T14:36:03","slug":"gavi-revine-in-lotul-barcelonei-dupa-sapte-luni-de-la-accidentarea-la-genunchi","status":"publish","type":"post","link":"https:\/\/microscopemedia.com\/?p=681820","title":{"rendered":"Gavi revine \u00een lotul Barcelonei dup\u0103 \u0219apte luni de la accidentarea la genunchi"},"content":{"rendered":"<div><img decoding=\"async\" src=\"https:\/\/microscopemedia.com\/wp-content\/uploads\/2026\/03\/gavi-revine-in-lotul-barcelonei-dupa-sapte-luni-de-la-accidentarea-la-genunchi.jpg\" class=\"ff-og-image-inserted\"><\/div>\n<p id=\"p-0\">Mijloca\u0219ul spaniol, \u00een v\u00e2rst\u0103 de 20 de ani, a suferit o interven\u021bie chirurgical\u0103 la menisc dup\u0103 o accidentare suferit\u0103 la antrenament, \u00een august.<\/p>\n<p id=\"p-1\">Clubul a confirmat c\u0103 interna\u021bionalul spaniol este preg\u0103tit s\u0103 revin\u0103 pe teren dup\u0103 ce \u00een ultima s\u0103pt\u0103m\u00e2n\u0103 s-a antrenat al\u0103turi de coechipierii s\u0103i.<\/p>\n<p id=\"p-2\">\u201eSunt fericit. Poate va putea juca c\u00e2teva minute. Este bine s\u0103-l avem din nou. Se vede la antrenamente ce aduce echipei, dar trebuie s\u0103 avem grij\u0103 de el. Este pe drumul cel bun. Totul se face pas cu pas. Ultima accidentare nu a fost u\u0219oar\u0103 pentru el\u201d, a spus antrenorul Barcelonei, Hansi Flick, conform The Athletic.<\/p>\n<p id=\"p-3\">Gavi a jucat doar \u00een dou\u0103 meciuri din La Liga \u00een acest sezon, ultima sa apari\u021bie fiind \u00een august 2025, \u00eempotriva lui Levante.<\/p>\n<p id=\"p-4\">Revenirea lui Gavi este important\u0103 pentru Barcelona, care s-a confruntat cu mai multe probleme de lot \u00een acest sezon.<\/p>\n<p id=\"p-5\">Catalanii sunt lideri \u00een La Liga, cu patru puncte avans fa\u021b\u0103 de Real Madrid.<\/p>\n","protected":false},"excerpt":{"rendered":"<p>Mijloca\u0219ul spaniol, \u00een v\u00e2rst\u0103 de 20 de ani, a suferit o interven\u021bie chirurgical\u0103 la menisc dup\u0103 o accidentare suferit\u0103 la antrenament, \u00een august. Clubul a confirmat c\u0103 interna\u021bionalul spaniol este &hellip; <a href=\"https:\/\/microscopemedia.com\/?p=681820\" class=\"more-link\">Read More<\/a><\/p>\n","protected":false},"author":1,"featured_media":681821,"comment_status":"closed","ping_status":"closed","sticky":false,"template":"Default","format":"standard","meta":[],"categories":[1],"tags":[],"_links":{"self":[{"href":"https:\/\/microscopemedia.com\/index.php?rest_route=\/wp\/v2\/posts\/681820"}],"collection":[{"href":"https:\/\/microscopemedia.com\/index.php?rest_route=\/wp\/v2\/posts"}],"about":[{"href":"https:\/\/microscopemedia.com\/index.php?rest_route=\/wp\/v2\/types\/post"}],"author":[{"embeddable":true,"href":"https:\/\/microscopemedia.com\/index.php?rest_route=\/wp\/v2\/users\/1"}],"replies":[{"embeddable":true,"href":"https:\/\/microscopemedia.com\/index.php?rest_route=%2Fwp%2Fv2%2Fcomments&post=681820"}],"version-history":[{"count":0,"href":"https:\/\/microscopemedia.com\/index.php?rest_route=\/wp\/v2\/posts\/681820\/revisions"}],"wp:featuredmedia":[{"embeddable":true,"href":"https:\/\/microscopemedia.com\/index.php?rest_route=\/wp\/v2\/media\/681821"}],"wp:attachment":[{"href":"https:\/\/microscopemedia.com\/index.php?rest_route=%2Fwp%2Fv2%2Fmedia&parent=681820"}],"wp:term":[{"taxonomy":"category","embeddable":true,"href":"https:\/\/microscopemedia.com\/index.php?rest_route=%2Fwp%2Fv2%2Fcategories&post=681820"},{"taxonomy":"post_tag","embeddable":true,"href":"https:\/\/microscopemedia.com\/index.php?rest_route=%2Fwp%2Fv2%2Ftags&post=681820"}],"curies":[{"name":"wp","href":"https:\/\/api.w.org\/{rel}","templated":true}]}}