{"id":681832,"date":"2026-03-14T15:36:03","date_gmt":"2026-03-14T15:36:03","guid":{"rendered":"https:\/\/microscopemedia.com\/?p=681832"},"modified":"2026-03-14T15:36:03","modified_gmt":"2026-03-14T15:36:03","slug":"jurgen-habermas-unul-dintre-cei-mai-importanti-intelectuali-ai-germaniei-postbelice-a-murit-la-96-de-ani","status":"publish","type":"post","link":"https:\/\/microscopemedia.com\/?p=681832","title":{"rendered":"J\u00fcrgen Habermas, unul dintre cei mai importan\u021bi intelectuali ai Germaniei postbelice, a murit la 96 de ani"},"content":{"rendered":"<div><img decoding=\"async\" src=\"https:\/\/microscopemedia.com\/wp-content\/uploads\/2026\/03\/jurgen-habermas-unul-dintre-cei-mai-importanti-intelectuali-ai-germaniei-postbelice-a-murit-la-96-de-ani.png\" class=\"ff-og-image-inserted\"><\/div>\n<p id=\"p-0\">Considerat unul dintre cei mai importan\u021bi intelectuali ai secolului XX, Habermas a marcat dezbaterea politic\u0103 \u0219i intelectual\u0103 din Germania timp de peste \u0219apte decenii.<\/p>\n<p id=\"p-1\">Ideile sale despre democra\u021bie, spa\u021biul public \u0219i construirea consensului politic au influen\u021bat puternic societatea german\u0103 de dup\u0103 r\u0103zboi.<\/p>\n<p id=\"p-2\">N\u0103scut la 18 iunie 1929 \u00eentr-o familie burghez\u0103 din D\u00fcsseldorf, Habermas a studiat filosofia, psihologia, literatura german\u0103 \u0219i economia la universit\u0103\u021bile din G\u00f6ttingen, Z\u00fcrich \u0219i Bonn.<\/p>\n<p id=\"p-3\">Printre lucr\u0103rile sale cele mai cunoscute se num\u0103r\u0103 \u201eTransformarea structural\u0103 a sferei publice\u201d (1962) \u0219i \u201eTeoria ac\u021biunii comunicative\u201d (1981), considerate opere fundamentale ale filosofiei contemporane.<\/p>\n<p data-start=\"1196\" data-end=\"1445\" id=\"p-4\">Habermas a participat activ la dezbateri publice importante din Germania, inclusiv la controversa din anii 1980 privind interpretarea Holocaustului, sus\u021bin\u00e2nd c\u0103 asumarea trecutului nazist trebuie s\u0103 r\u0103m\u00e2n\u0103 un element central al identit\u0103\u021bii germane.<\/p>\n<p data-start=\"1447\" data-end=\"1756\" id=\"p-5\">\u00cen ultimele decenii, el a sus\u021binut integrarea european\u0103 \u0219i a avertizat asupra riscurilor revenirii na\u021bionalismului \u0219i militarismului \u00een Germania.<\/p>\n","protected":false},"excerpt":{"rendered":"<p>Considerat unul dintre cei mai importan\u021bi intelectuali ai secolului XX, Habermas a marcat dezbaterea politic\u0103 \u0219i intelectual\u0103 din Germania timp de peste \u0219apte decenii. Ideile sale despre democra\u021bie, spa\u021biul public &hellip; <a href=\"https:\/\/microscopemedia.com\/?p=681832\" class=\"more-link\">Read More<\/a><\/p>\n","protected":false},"author":1,"featured_media":681833,"comment_status":"closed","ping_status":"closed","sticky":false,"template":"Default","format":"standard","meta":[],"categories":[1],"tags":[],"_links":{"self":[{"href":"https:\/\/microscopemedia.com\/index.php?rest_route=\/wp\/v2\/posts\/681832"}],"collection":[{"href":"https:\/\/microscopemedia.com\/index.php?rest_route=\/wp\/v2\/posts"}],"about":[{"href":"https:\/\/microscopemedia.com\/index.php?rest_route=\/wp\/v2\/types\/post"}],"author":[{"embeddable":true,"href":"https:\/\/microscopemedia.com\/index.php?rest_route=\/wp\/v2\/users\/1"}],"replies":[{"embeddable":true,"href":"https:\/\/microscopemedia.com\/index.php?rest_route=%2Fwp%2Fv2%2Fcomments&post=681832"}],"version-history":[{"count":0,"href":"https:\/\/microscopemedia.com\/index.php?rest_route=\/wp\/v2\/posts\/681832\/revisions"}],"wp:featuredmedia":[{"embeddable":true,"href":"https:\/\/microscopemedia.com\/index.php?rest_route=\/wp\/v2\/media\/681833"}],"wp:attachment":[{"href":"https:\/\/microscopemedia.com\/index.php?rest_route=%2Fwp%2Fv2%2Fmedia&parent=681832"}],"wp:term":[{"taxonomy":"category","embeddable":true,"href":"https:\/\/microscopemedia.com\/index.php?rest_route=%2Fwp%2Fv2%2Fcategories&post=681832"},{"taxonomy":"post_tag","embeddable":true,"href":"https:\/\/microscopemedia.com\/index.php?rest_route=%2Fwp%2Fv2%2Ftags&post=681832"}],"curies":[{"name":"wp","href":"https:\/\/api.w.org\/{rel}","templated":true}]}}