{"id":681836,"date":"2026-03-14T16:06:04","date_gmt":"2026-03-14T16:06:04","guid":{"rendered":"https:\/\/microscopemedia.com\/?p=681836"},"modified":"2026-03-14T16:06:04","modified_gmt":"2026-03-14T16:06:04","slug":"cu-o-luna-inainte-de-alegerile-cruciale-viktor-orban-a-acoperit-strazile-budapestei-cu-portretele-lui-zelenski-ce-arata-sondajele","status":"publish","type":"post","link":"https:\/\/microscopemedia.com\/?p=681836","title":{"rendered":"Cu o lun\u0103 \u00eenainte de alegerile cruciale, Viktor Orban a acoperit str\u0103zile Budapestei cu portretele lui Zelenski. Ce arat\u0103 sondajele"},"content":{"rendered":"<p id=\"p-0\">Alegerile parlamentare din Ungaria, au loc peste o lun\u0103, pe 12 aprilie. Iar Viktor Orban practic a acoperit str\u0103zile Budapestei cu portrete ale lui Zelenski, campania liderului Fidesz fiind axat\u0103 pe tema Ucrainei \u0219i sf\u00e2r\u0219itul r\u0103zboiului.<\/p>\n<p id=\"p-1\">Afi\u0219ele de campanie \u00eei portretizeaz\u0103 pe Volodimir Zelenski, pre\u0219edintele Ucrainei, Ursula von der Leyen, \u0219efa Comisiei Europene, \u0219i Manfred Weber, liderul PPE, Viktor Orban spun\u00e2nd c\u0103 se lupt\u0103 \u0219i cu actuala conducere de la Bruxelles, din familia PPE.<\/p>\n<p id=\"p-2\"><img class=\"aligncenter wp-image-23703030 size-full\" src=\"https:\/\/microscopemedia.com\/wp-content\/uploads\/2026\/03\/cu-o-luna-inainte-de-alegerile-cruciale-viktor-orban-a-acoperit-strazile-budapestei-cu-portretele-lui-zelenski-ce-arata-sondajele.webp\" alt width=\"700\" height=\"933\" loading=\"lazy\" decoding=\"async\" srcset=\"https:\/\/microscopemedia.com\/wp-content\/uploads\/2026\/03\/cu-o-luna-inainte-de-alegerile-cruciale-viktor-orban-a-acoperit-strazile-budapestei-cu-portretele-lui-zelenski-ce-arata-sondajele-2.webp 500w, https:\/\/microscopemedia.com\/wp-content\/uploads\/2026\/03\/cu-o-luna-inainte-de-alegerile-cruciale-viktor-orban-a-acoperit-strazile-budapestei-cu-portretele-lui-zelenski-ce-arata-sondajele.webp 728w\"><\/p>\n<p class=\"p1\" id=\"p-3\"><img class=\"aligncenter wp-image-23703031 size-full\" src=\"https:\/\/microscopemedia.com\/wp-content\/uploads\/2026\/03\/cu-o-luna-inainte-de-alegerile-cruciale-viktor-orban-a-acoperit-strazile-budapestei-cu-portretele-lui-zelenski-ce-arata-sondajele-1.webp\" alt width=\"700\" height=\"560\" loading=\"lazy\" decoding=\"async\" srcset=\"https:\/\/microscopemedia.com\/wp-content\/uploads\/2026\/03\/cu-o-luna-inainte-de-alegerile-cruciale-viktor-orban-a-acoperit-strazile-budapestei-cu-portretele-lui-zelenski-ce-arata-sondajele-3.webp 500w, https:\/\/microscopemedia.com\/wp-content\/uploads\/2026\/03\/cu-o-luna-inainte-de-alegerile-cruciale-viktor-orban-a-acoperit-strazile-budapestei-cu-portretele-lui-zelenski-ce-arata-sondajele-1.webp 728w\">Viktor Orban se afl\u0103 la putere \u00een Ungaria deja de 19 ani \u0219i, din 2010, ocup\u0103 \u00een mod continuu func\u021bia de prim ministru.<\/p>\n<h2 id=\"chapter-0\"><span dir=\"auto\">Tisza se men\u021bine totu\u0219i \u00een frunte<\/span><\/h2>\n<p class=\"p1\" id=\"p-4\">Principalul s\u0103u concurent la aceste alegeri este Peter Madyar, liderul partidului de opozi\u021bie \u201e<span dir=\"auto\">Tisza<\/span>\u201d.<\/p>\n<p class=\"text-module__text__0GDob text-module__dark-grey__UFC18 text-module__medium__2Rl30 text-module__heading_article__2yUro heading-module__base__p-zaD heading-module__heading_article__h3IXH headline-module__headline__L8lWb\" data-testid=\"Heading\" id=\"p-5\"><span dir=\"auto\">Sondajele arat\u0103 c\u0103 Tisza se men\u021bine totu\u0219i \u00een topul preferin\u021bele electoratului, pe m\u0103sur\u0103 ce alegerile se apropie, <span><strong><a href=\"https:\/\/www.reuters.com\/world\/hungarys-opposition-tisza-party-maintains-lead-election-nears-poll-shows-2026-03-11\/\">arat\u0103 Reuters<\/a><\/strong><\/span>. Dar avantajul s-a redus u\u0219or, \u00een ultimele s\u0103pt\u0103m\u00e2ni.<\/span><\/p>\n<p data-testid=\"Heading\" id=\"p-6\">O cercetare a companiei 21 Research Centre (21 Kutatokozpont), realizat\u0103 \u00eentre 2 \u0219i 6 martie \u0219i publicat\u0103 miercuri, a ar\u0103tat c\u0103 Tisza conduce cu 14 puncte procentuale fa\u021b\u0103 de Fidesz \u00een r\u00e2ndul aleg\u0103torilor hot\u0103r\u00e2\u021bi, \u00een sc\u0103dere de la un avans de 16 puncte \u00een ultimul sondaj din ianuarie.<\/p>\n<div class=\"text-module__text__0GDob text-module__dark-grey__UFC18 text-module__regular__qJJtA text-module__small__sph8i body-module__full_width__kCIGb body-module__small_body__gOmDf article-body-module__paragraph__Ts-yF\" data-testid=\"paragraph-3\"><span dir=\"auto\">Partidul de centru-dreapta Tisza, condus de fostul membru al guvernului&nbsp;<\/span><span><strong><a class=\"text-module__text__0GDob text-module__inherit-color__PhuPF text-module__inherit-font__1P1hv text-module__inherit-size__EyiQW link-module__link__INqxZ link-module__underline_default__-okuC\" href=\"https:\/\/www.reuters.com\/world\/hungary-is-crossroads-between-europe-dictators-opposition-leader-says-2026-02-26\/\" data-testid=\"Link\"><span dir=\"auto\">Peter Magyar, <\/span><\/a><\/strong><\/span><span dir=\"auto\">a avut sprijinul a 53% dintre aleg\u0103torii hot\u0103r\u00e2\u021bi, neschimbat fa\u021b\u0103 de ianuarie, potrivit Centrului de Cercetare 21, \u00een timp ce 39% au sus\u021binut Fidesz, \u00een cre\u0219tere fa\u021b\u0103 de 37% \u00een sondajul anterior.<\/span><\/div>\n<h2 data-testid=\"paragraph-3\" id=\"chapter-1\">Care ar putea fi configura\u021bia noului Parlament<\/h2>\n<p><span dir=\"auto\">Sondajul, publicat de site-ul de \u0219tiri 24.hu, a ar\u0103tat un sprijin de 38% pentru Tisza \u00een r\u00e2ndul tuturor aleg\u0103torilor, Fidesz fiind sus\u021binut de 30%.<\/span><\/p>\n<p><span dir=\"auto\">Conform sondajului, Tisza ar putea c\u00e2\u0219tiga 115 locuri \u00een parlamentul ungar cu 199 de locuri, iar Fidesz s-ar putea a\u0219tepta la 78 de locuri. <\/span><\/p>\n<p><span dir=\"auto\">Partidul de extrem\u0103 dreapta Patria Noastr\u0103 (Mi Hazank) ar fi singurul alt partid care ar dep\u0103\u0219i pragul de 5% pentru a c\u00e2\u0219tiga locuri.<\/span><\/p>\n<h2 data-testid=\"paragraph-5\" id=\"chapter-2\">Promisiunile lui Magyar. Cel mai mare test pentru Orban<\/h2>\n<div data-testid=\"paragraph-5\" readability=\"22\">\n<p><span dir=\"auto\">Magyar spune c\u0103 partidul s\u0103u va combate corup\u021bia, va debloca miliarde de euro din fondurile \u00eenghe\u021bate ale Uniunii Europene pentru a stimula economia \u0219i va ancora ferm Ungaria \u00een UE \u0219i NATO.<\/span><\/p>\n<p>Partidul Fidesz a prezentat \u0219i el alte sondaje care \u00eei indic\u0103 \u00een continuare \u0219anse de victorie, de\u0219i oponen\u021bii \u2013 care \u00eel critic\u0103 pe Orb\u00e1n pentru c\u0103 submineaz\u0103 statul de drept \u0219i men\u021bine rela\u021bii str\u00e2nse cu Rusia \u2013 sus\u021bin c\u0103 aceste sondaje au fost realizate \u00een principal de institute care au leg\u0103turi financiare sau personale cu partidul de la guvernare.<\/p>\n<p>Viktor Orban se confrunt\u0103 cu cea mai mare provocare la adresa guvern\u0103rii sale din ultimii 16 ani, de\u0219i rezultatul scrutinului \u2013 care are loc pe fondul r\u0103zboiului dintre Ucraina \u0219i Rusia \u0219i al provoc\u0103rilor economice tot mai mari \u2013 r\u0103m\u00e2ne extrem de incert, sondajele de opinie indic\u00e2nd faptul c\u0103 mul\u021bi aleg\u0103tori sunt \u00eenc\u0103 indeci\u0219i.<\/p>\n<\/div>\n","protected":false},"excerpt":{"rendered":"<p>Alegerile parlamentare din Ungaria, au loc peste o lun\u0103, pe 12 aprilie. Iar Viktor Orban practic a acoperit str\u0103zile Budapestei cu portrete ale lui Zelenski, campania liderului Fidesz fiind axat\u0103 &hellip; <a href=\"https:\/\/microscopemedia.com\/?p=681836\" class=\"more-link\">Read More<\/a><\/p>\n","protected":false},"author":1,"featured_media":681837,"comment_status":"closed","ping_status":"closed","sticky":false,"template":"Default","format":"standard","meta":[],"categories":[1],"tags":[],"_links":{"self":[{"href":"https:\/\/microscopemedia.com\/index.php?rest_route=\/wp\/v2\/posts\/681836"}],"collection":[{"href":"https:\/\/microscopemedia.com\/index.php?rest_route=\/wp\/v2\/posts"}],"about":[{"href":"https:\/\/microscopemedia.com\/index.php?rest_route=\/wp\/v2\/types\/post"}],"author":[{"embeddable":true,"href":"https:\/\/microscopemedia.com\/index.php?rest_route=\/wp\/v2\/users\/1"}],"replies":[{"embeddable":true,"href":"https:\/\/microscopemedia.com\/index.php?rest_route=%2Fwp%2Fv2%2Fcomments&post=681836"}],"version-history":[{"count":0,"href":"https:\/\/microscopemedia.com\/index.php?rest_route=\/wp\/v2\/posts\/681836\/revisions"}],"wp:featuredmedia":[{"embeddable":true,"href":"https:\/\/microscopemedia.com\/index.php?rest_route=\/wp\/v2\/media\/681837"}],"wp:attachment":[{"href":"https:\/\/microscopemedia.com\/index.php?rest_route=%2Fwp%2Fv2%2Fmedia&parent=681836"}],"wp:term":[{"taxonomy":"category","embeddable":true,"href":"https:\/\/microscopemedia.com\/index.php?rest_route=%2Fwp%2Fv2%2Fcategories&post=681836"},{"taxonomy":"post_tag","embeddable":true,"href":"https:\/\/microscopemedia.com\/index.php?rest_route=%2Fwp%2Fv2%2Ftags&post=681836"}],"curies":[{"name":"wp","href":"https:\/\/api.w.org\/{rel}","templated":true}]}}