{"id":681842,"date":"2026-03-14T17:06:03","date_gmt":"2026-03-14T17:06:03","guid":{"rendered":"https:\/\/microscopemedia.com\/?p=681842"},"modified":"2026-03-14T17:06:03","modified_gmt":"2026-03-14T17:06:03","slug":"germania-introduce-noi-reguli-in-armata-despre-barbi-si-coafuri-dupa-ce-un-sergent-major-a-mers-in-instanta-ca-sa-poarte-parul-lung","status":"publish","type":"post","link":"https:\/\/microscopemedia.com\/?p=681842","title":{"rendered":"Germania introduce noi reguli \u00een Armat\u0103 despre b\u0103rbi \u0219i coafuri, dup\u0103 ce un sergent major a mers \u00een instan\u021b\u0103 ca s\u0103 poarte p\u0103rul lung"},"content":{"rendered":"<div><img decoding=\"async\" src=\"https:\/\/microscopemedia.com\/wp-content\/uploads\/2026\/03\/germania-introduce-noi-reguli-in-armata-despre-barbi-si-coafuri-dupa-ce-un-sergent-major-a-mers-in-instanta-ca-sa-poarte-parul-lung.jpg\" class=\"ff-og-image-inserted\"><\/div>\n<p class=\"p1\" id=\"p-0\">Comisarul Bundestagului pentru afacerile militare, Henning Otte, a solicitat Ministerului Ap\u0103r\u0103rii din <span><strong><a href=\"https:\/\/www.mediafax.ro\/stirile-zilei\/pe-cine-mai-ancheteaza-procurorii-in-germania-un-istoric-de-aproape-70-ani-pentru-ca-l-a-comparat-pe-putin-cu-hitler-23700544\">Germania<\/a><\/strong><\/span> s\u0103 adopte c\u00e2t mai cur\u00e2nd posibil noi reguli care s\u0103 reglementeze aspectul militarilor, potrivit <span><strong><a href=\"https:\/\/www.spiegel.de\/politik\/deutschland\/wehrbeauftragter-fordert-neuen-haar-und-barterlass-fuer-truppe-a-1511448d-1d40-4e0d-bfde-80b3dc427d7e\">Der Spiegel<\/a><\/strong><\/span>.<\/p>\n<p class=\"p1\" id=\"p-1\">Potrivit lui, normele actuale sunt \u00eenvechite, iar o nou\u0103 instruc\u021biune nu a putut fi elaborat\u0103 de mai bine de \u0219apte ani, \u00een ciuda solicit\u0103rii instan\u021bei de judecat\u0103 de a revizui regulile \u00eenc\u0103 din 2019.<\/p>\n<p class=\"p1\" id=\"p-2\">Otte a declarat c\u0103 lipsa unor norme clare provoac\u0103 nemul\u021bumire \u00een r\u00e2ndul solda\u021bilor \u0219i creeaz\u0103 confuzie \u00een serviciul de zi cu zi.<\/p>\n<p class=\"p1\" id=\"p-3\">El a subliniat c\u0103 \u00een armat\u0103 este deosebit de important s\u0103 existe cerin\u021be clare \u0219i uniforme, care s\u0103 \u021bin\u0103 cont at\u00e2t de sarcinile de serviciu, c\u00e2t \u0219i de drepturile personale ale militarilor.<\/p>\n<p class=\"p1\" id=\"p-4\">Motivul disputei a fost un caz judiciar ini\u021biat de un sergent major, care a cerut s\u0103 li se permit\u0103 b\u0103rba\u021bilor s\u0103 poarte p\u0103rul lung, la fel ca \u0219i femeilor. Instan\u021ba i-a respins pl\u00e2ngerea sergentului major.<\/p>\n<div data-sara-click-el=\"body_element\" data-area=\"text\" data-pos=\"6\" readability=\"8.5\">\n<div class=\"RichText lg:w-8\/12 md:w-10\/12 lg:mx-auto md:mx-auto lg:px-24 md:px-24 sm:px-16 break-words word-wrap\" readability=\"37\">\n<p data-forward-id=\"2rhjrov531p\" id=\"p-5\"><span dir=\"auto\">\u201eSolda\u021bii no\u0219tri a\u0219teapt\u0103 o nou\u0103 baz\u0103 juridic\u0103 de mai bine de \u0219apte ani\u201d, declar\u0103 Otte. \u201eFaptul c\u0103 membrii Bundeswehr<\/span><span dir=\"auto\">ului trebuie \u00eenc\u0103 s\u0103 respecte un regulament \u00eenvechit provoac\u0103 resentimente tot mai mari \u0219i este, \u00een opinia mea, inacceptabil.\u201d<\/span><\/p>\n<\/div>\n<\/div>\n<p class=\"p1\" id=\"p-6\">Comisarul Bundestagului pentru afacerile militare, Henning Otte, spune acum c\u0103 regulile ar trebui s\u0103 fie actualizate \u00een termeni rezonabili.<\/p>\n<p class=\"p1\" id=\"p-7\">\u00cen Ministerul Ap\u0103r\u0103rii al Germaniei, s-a anun\u021bat deja c\u0103 noile instruc\u021biuni sunt \u00een curs de elaborare, ceea ce genereaz\u0103 tot felul de discu\u021bii.<\/p>\n","protected":false},"excerpt":{"rendered":"<p>Comisarul Bundestagului pentru afacerile militare, Henning Otte, a solicitat Ministerului Ap\u0103r\u0103rii din Germania s\u0103 adopte c\u00e2t mai cur\u00e2nd posibil noi reguli care s\u0103 reglementeze aspectul militarilor, potrivit Der Spiegel. Potrivit &hellip; <a href=\"https:\/\/microscopemedia.com\/?p=681842\" class=\"more-link\">Read More<\/a><\/p>\n","protected":false},"author":1,"featured_media":681843,"comment_status":"closed","ping_status":"closed","sticky":false,"template":"Default","format":"standard","meta":[],"categories":[1],"tags":[],"_links":{"self":[{"href":"https:\/\/microscopemedia.com\/index.php?rest_route=\/wp\/v2\/posts\/681842"}],"collection":[{"href":"https:\/\/microscopemedia.com\/index.php?rest_route=\/wp\/v2\/posts"}],"about":[{"href":"https:\/\/microscopemedia.com\/index.php?rest_route=\/wp\/v2\/types\/post"}],"author":[{"embeddable":true,"href":"https:\/\/microscopemedia.com\/index.php?rest_route=\/wp\/v2\/users\/1"}],"replies":[{"embeddable":true,"href":"https:\/\/microscopemedia.com\/index.php?rest_route=%2Fwp%2Fv2%2Fcomments&post=681842"}],"version-history":[{"count":0,"href":"https:\/\/microscopemedia.com\/index.php?rest_route=\/wp\/v2\/posts\/681842\/revisions"}],"wp:featuredmedia":[{"embeddable":true,"href":"https:\/\/microscopemedia.com\/index.php?rest_route=\/wp\/v2\/media\/681843"}],"wp:attachment":[{"href":"https:\/\/microscopemedia.com\/index.php?rest_route=%2Fwp%2Fv2%2Fmedia&parent=681842"}],"wp:term":[{"taxonomy":"category","embeddable":true,"href":"https:\/\/microscopemedia.com\/index.php?rest_route=%2Fwp%2Fv2%2Fcategories&post=681842"},{"taxonomy":"post_tag","embeddable":true,"href":"https:\/\/microscopemedia.com\/index.php?rest_route=%2Fwp%2Fv2%2Ftags&post=681842"}],"curies":[{"name":"wp","href":"https:\/\/api.w.org\/{rel}","templated":true}]}}