{"id":681846,"date":"2026-03-14T17:26:03","date_gmt":"2026-03-14T17:26:03","guid":{"rendered":"https:\/\/microscopemedia.com\/?p=681846"},"modified":"2026-03-14T17:26:03","modified_gmt":"2026-03-14T17:26:03","slug":"iran-international-trupul-secretarului-consiliului-suprem-de-aparare-al-iranului-a-fost-inmormantat-fara-cap","status":"publish","type":"post","link":"https:\/\/microscopemedia.com\/?p=681846","title":{"rendered":"Iran International: trupul secretarului Consiliului Suprem de Ap\u0103rare al Iranului a fost \u00eenmorm\u00e2ntat f\u0103r\u0103 cap"},"content":{"rendered":"<p class=\"p1\" id=\"p-0\">Farhikhtegan, <span><strong><a href=\"https:\/\/www.iranintl.com\/202603148245\">citat de Iran International<\/a><\/strong><\/span>, a raportat ast\u0103zi c\u0103 trupul lui Ali Shamkhani, temutul&nbsp; secretar al Consiliului Suprem de Ap\u0103rare al Iranului a fost \u00eenmorm\u00e2ntat ast\u0103zi.<\/p>\n<p id=\"p-1\">Ceremonia de \u00eenmorm\u00e2ntare a trupului lui Shamkhani a avut loc s\u00e2mb\u0103t\u0103 la Imamzadeh Saleh \u00een nordul Teheranului.<\/p>\n<p class=\"p1\" id=\"p-2\">Farhikhtegan, <span><strong><a href=\"https:\/\/www.iranintl.com\/202603148245\">citat de Iran International<\/a><\/strong><\/span>, sus\u021bine c\u0103 trupul liderului iranian nu avea cap \u00een timpul \u00eenmorm\u00e2nt\u0103rii. Acest lucru a putut fi observat deoarece capul nu a fost acoperit cu e\u0219arf\u0103<\/p>\n<h2 id=\"chapter-0\">Ucis \u00eempreun\u0103 cu Khamenei<\/h2>\n<p id=\"p-3\"><img class=\"aligncenter wp-image-23703051 size-full\" src=\"https:\/\/microscopemedia.com\/wp-content\/uploads\/2026\/03\/iran-international-trupul-secretarului-consiliului-suprem-de-aparare-al-iranului-a-fost-inmormantat-fara-cap.webp\" alt width=\"700\" height=\"292\" loading=\"lazy\" decoding=\"async\" srcset=\"https:\/\/microscopemedia.com\/wp-content\/uploads\/2026\/03\/iran-international-trupul-secretarului-consiliului-suprem-de-aparare-al-iranului-a-fost-inmormantat-fara-cap-2.webp 500w, https:\/\/microscopemedia.com\/wp-content\/uploads\/2026\/03\/iran-international-trupul-secretarului-consiliului-suprem-de-aparare-al-iranului-a-fost-inmormantat-fara-cap.webp 728w\"><\/p>\n<p class=\"p1\" id=\"p-4\">Shamkhani a fost ucis \u00een atacul din prima zi a bombardamentului americano israelian asupra casei liderului iranian. Shamkhani era acolo \u00eempreun\u0103 cu Ali Khamenei \u0219i mai mul\u021bi oficiali de rang \u00eenalt ai Republicii Islamice.<\/p>\n<p id=\"p-5\"><b>Ali Shamkhan (70 de ani) <\/b>a fost un ofi\u021ber naval \u0219i politician iranian care a ocupat func\u021bia de secretar al&nbsp; Consiliului Suprem de Securitate Na\u021bional\u0103 al Iranului din 2013 p\u00e2n\u0103 \u00een 2023.<\/p>\n<p id=\"p-6\">Anterior, a ocupat func\u021bia de comandant at\u00e2t al Marinei IRGC, c\u00e2t \u0219i al Marinei Republicii Islamice a Iranului \u0219i ministru al Ap\u0103r\u0103rii p\u00e2n\u0103 \u00een 2005.<\/p>\n<p id=\"p-7\">Shamkhani a fost membru al Consiliului de Discern\u0103m\u00e2nt al Iranului \u0219i consilier politic al liderului suprem al Iranului din 2023.<\/p>\n<h2 id=\"chapter-1\">De la negocieri de pace, la \u021bint\u0103 predilect\u0103<\/h2>\n<p id=\"p-8\"><img class=\"aligncenter wp-image-23703052 size-full\" src=\"https:\/\/microscopemedia.com\/wp-content\/uploads\/2026\/03\/iran-international-trupul-secretarului-consiliului-suprem-de-aparare-al-iranului-a-fost-inmormantat-fara-cap-1.webp\" alt width=\"700\" height=\"980\" loading=\"lazy\" decoding=\"async\" srcset=\"https:\/\/microscopemedia.com\/wp-content\/uploads\/2026\/03\/iran-international-trupul-secretarului-consiliului-suprem-de-aparare-al-iranului-a-fost-inmormantat-fara-cap-3.webp 500w, https:\/\/microscopemedia.com\/wp-content\/uploads\/2026\/03\/iran-international-trupul-secretarului-consiliului-suprem-de-aparare-al-iranului-a-fost-inmormantat-fara-cap-1.webp 728w\"><\/p>\n<p id=\"p-9\"><b>Ali Shamkhan<\/b> a fost una dintre persoanele numite politic care au supravegheat negocierile dintre Iran \u0219i SUA, care vizau ajungerea la un acord de pace nuclear\u0103.<sup id=\"cite_ref-The_New_York_Times_4-0\" class=\"reference\"><\/sup><\/p>\n<p id=\"p-10\">\u00cen iunie 2025, Shamkhani a fost grav r\u0103nit \u00eentr-un atac aerian israelian \u00een timpul r\u0103zboiului dintre Iran \u0219i Israel.&nbsp;Rapoartele ini\u021biale au sus\u021binut \u00een mod eronat c\u0103 ar fi fost ucis,<sup id=\"cite_ref-5\" class=\"reference\"><\/sup>&nbsp;dar ulterior <b>Shamkhan <\/b>a reap\u0103rut \u00een public.<\/p>\n<p id=\"p-11\">Cu toate acestea, Ali Shamkhan a fost ucis la \u00eenceputul anului urm\u0103tor, pe 28 februarie 2026, \u00eempreun\u0103 cu Ali Khamenei.<sup id=\"cite_ref-:8_6-0\" class=\"reference\"><\/sup><\/p>\n","protected":false},"excerpt":{"rendered":"<p>Farhikhtegan, citat de Iran International, a raportat ast\u0103zi c\u0103 trupul lui Ali Shamkhani, temutul&nbsp; secretar al Consiliului Suprem de Ap\u0103rare al Iranului a fost \u00eenmorm\u00e2ntat ast\u0103zi. Ceremonia de \u00eenmorm\u00e2ntare a &hellip; <a href=\"https:\/\/microscopemedia.com\/?p=681846\" class=\"more-link\">Read More<\/a><\/p>\n","protected":false},"author":1,"featured_media":681847,"comment_status":"closed","ping_status":"closed","sticky":false,"template":"Default","format":"standard","meta":[],"categories":[1],"tags":[],"_links":{"self":[{"href":"https:\/\/microscopemedia.com\/index.php?rest_route=\/wp\/v2\/posts\/681846"}],"collection":[{"href":"https:\/\/microscopemedia.com\/index.php?rest_route=\/wp\/v2\/posts"}],"about":[{"href":"https:\/\/microscopemedia.com\/index.php?rest_route=\/wp\/v2\/types\/post"}],"author":[{"embeddable":true,"href":"https:\/\/microscopemedia.com\/index.php?rest_route=\/wp\/v2\/users\/1"}],"replies":[{"embeddable":true,"href":"https:\/\/microscopemedia.com\/index.php?rest_route=%2Fwp%2Fv2%2Fcomments&post=681846"}],"version-history":[{"count":0,"href":"https:\/\/microscopemedia.com\/index.php?rest_route=\/wp\/v2\/posts\/681846\/revisions"}],"wp:featuredmedia":[{"embeddable":true,"href":"https:\/\/microscopemedia.com\/index.php?rest_route=\/wp\/v2\/media\/681847"}],"wp:attachment":[{"href":"https:\/\/microscopemedia.com\/index.php?rest_route=%2Fwp%2Fv2%2Fmedia&parent=681846"}],"wp:term":[{"taxonomy":"category","embeddable":true,"href":"https:\/\/microscopemedia.com\/index.php?rest_route=%2Fwp%2Fv2%2Fcategories&post=681846"},{"taxonomy":"post_tag","embeddable":true,"href":"https:\/\/microscopemedia.com\/index.php?rest_route=%2Fwp%2Fv2%2Ftags&post=681846"}],"curies":[{"name":"wp","href":"https:\/\/api.w.org\/{rel}","templated":true}]}}