{"id":681858,"date":"2026-03-14T18:46:04","date_gmt":"2026-03-14T18:46:04","guid":{"rendered":"https:\/\/microscopemedia.com\/?p=681858"},"modified":"2026-03-14T18:46:04","modified_gmt":"2026-03-14T18:46:04","slug":"au-avut-aprobare-sa-traga-spune-miruta-despre-avioanele-ridicate-vineri-dupa-detectarea-unor-done-in-apropierea-granitei","status":"publish","type":"post","link":"https:\/\/microscopemedia.com\/?p=681858","title":{"rendered":"Au avut aprobare s\u0103 trag\u0103, spune Miru\u021b\u0103, despre avioanele ridicate vineri dup\u0103 detectarea unor done \u00een apropierea grani\u021bei"},"content":{"rendered":"<div><img decoding=\"async\" src=\"https:\/\/microscopemedia.com\/wp-content\/uploads\/2026\/03\/au-avut-aprobare-sa-traga-spune-miruta-despre-avioanele-ridicate-vineri-dupa-detectarea-unor-done-in-apropierea-granitei.jpg\" class=\"ff-og-image-inserted\"><\/div>\n<p id=\"p-0\">\u201eAu avut aprobare s\u0103 trag\u0103, au avut decizie s\u0103 trag\u0103 din partea zonei militare, din partea zonei de conducere a Ministerului Ap\u0103r\u0103rii\u201d, a spus Radu Miru\u021b\u0103, s\u00e2mb\u0103t\u0103, la Digi24.<\/p>\n<p id=\"p-1\">\u00centrebat dac\u0103 unele aparate de zbor au intrat razant \u00een spa\u021biul aerian al Rom\u00e2niei, ministrul Ap\u0103r\u0103rii a spus: \u201eE o chestiune extraordinar de fin\u0103, pentru c\u0103 sunt drone care merg cu dedica\u021bie pentru porturile ucrainene de la Dun\u0103re \u0219i care, pe traiectoria lor, pentru c\u00e2te o frac\u021biune de moment, pot s\u0103 ciupeasc\u0103 spa\u021biul aerian rom\u00e2nesc. E foarte la limit\u0103 situa\u021bia \u00een astfel de cazuri, pentru c\u0103 dureaz\u0103 c\u00e2teva secunde. Ce s-a \u00eent\u00e2mplat ieri nu a fost o dron\u0103 care a p\u0103truns ad\u00e2nc \u00een teritoriul na\u021bional \u0219i nu a fost dobor\u00e2t\u0103. Ieri s-au ridicat, de exemplu, de trei ori escadrile de c\u00e2te dou\u0103 avioane de v\u00e2n\u0103toare\u201d.<\/p>\n<p id=\"p-2\">Trei mesaje Ro-Alert au fost emise vineri \u00een jude\u021bul Tulcea. Acesta avertizau asupra posibilit\u0103\u021bii c\u0103derii <span><a href=\"https:\/\/www.mediafax.ro\/social\/nou-mesaj-ro-alert-in-tulcea-alte-doua-avioane-ridicate-dupa-atacuri-cu-drone-asupra-porturilor-ucrainene-23702656\" target=\"_blank\" rel=\"noopener\">unor obiecte<\/a><\/span>, dup\u0103 ce au fost detectate \u021binte \u00een apropierea grani\u021bei cu Ucraina.<\/p>\n","protected":false},"excerpt":{"rendered":"<p>\u201eAu avut aprobare s\u0103 trag\u0103, au avut decizie s\u0103 trag\u0103 din partea zonei militare, din partea zonei de conducere a Ministerului Ap\u0103r\u0103rii\u201d, a spus Radu Miru\u021b\u0103, s\u00e2mb\u0103t\u0103, la Digi24. \u00centrebat &hellip; <a href=\"https:\/\/microscopemedia.com\/?p=681858\" class=\"more-link\">Read More<\/a><\/p>\n","protected":false},"author":1,"featured_media":681859,"comment_status":"closed","ping_status":"closed","sticky":false,"template":"Default","format":"standard","meta":[],"categories":[1],"tags":[],"_links":{"self":[{"href":"https:\/\/microscopemedia.com\/index.php?rest_route=\/wp\/v2\/posts\/681858"}],"collection":[{"href":"https:\/\/microscopemedia.com\/index.php?rest_route=\/wp\/v2\/posts"}],"about":[{"href":"https:\/\/microscopemedia.com\/index.php?rest_route=\/wp\/v2\/types\/post"}],"author":[{"embeddable":true,"href":"https:\/\/microscopemedia.com\/index.php?rest_route=\/wp\/v2\/users\/1"}],"replies":[{"embeddable":true,"href":"https:\/\/microscopemedia.com\/index.php?rest_route=%2Fwp%2Fv2%2Fcomments&post=681858"}],"version-history":[{"count":0,"href":"https:\/\/microscopemedia.com\/index.php?rest_route=\/wp\/v2\/posts\/681858\/revisions"}],"wp:featuredmedia":[{"embeddable":true,"href":"https:\/\/microscopemedia.com\/index.php?rest_route=\/wp\/v2\/media\/681859"}],"wp:attachment":[{"href":"https:\/\/microscopemedia.com\/index.php?rest_route=%2Fwp%2Fv2%2Fmedia&parent=681858"}],"wp:term":[{"taxonomy":"category","embeddable":true,"href":"https:\/\/microscopemedia.com\/index.php?rest_route=%2Fwp%2Fv2%2Fcategories&post=681858"},{"taxonomy":"post_tag","embeddable":true,"href":"https:\/\/microscopemedia.com\/index.php?rest_route=%2Fwp%2Fv2%2Ftags&post=681858"}],"curies":[{"name":"wp","href":"https:\/\/api.w.org\/{rel}","templated":true}]}}