{"id":681862,"date":"2026-03-14T19:16:03","date_gmt":"2026-03-14T19:16:03","guid":{"rendered":"https:\/\/microscopemedia.com\/?p=681862"},"modified":"2026-03-14T19:16:03","modified_gmt":"2026-03-14T19:16:03","slug":"papa-leon-s-a-instalat-in-palatul-pontifical-dupa-zece-luni-de-la-alegerea-sa","status":"publish","type":"post","link":"https:\/\/microscopemedia.com\/?p=681862","title":{"rendered":"Papa Leon s-a instalat \u00een Palatul pontifical dup\u0103 zece luni de la alegerea sa"},"content":{"rendered":"<div><img decoding=\"async\" src=\"https:\/\/microscopemedia.com\/wp-content\/uploads\/2026\/03\/papa-leon-s-a-instalat-in-palatul-pontifical-dupa-zece-luni-de-la-alegerea-sa.jpg\" class=\"ff-og-image-inserted\"><\/div>\n<p id=\"p-0\">\u201e\u00cen aceast\u0103 dup\u0103-amiaz\u0103, Papa Leon al XIV-lea va intra \u00een posesia apartamentelor sale din Palatul Apostolic \u0219i se va instala, \u00eempreun\u0103 cu cei mai apropia\u021bi colaboratori ai s\u0103i, \u00een spa\u021biile ocupate anterior de predecesorii s\u0103i\u201d, a anun\u021bat Vaticanul \u00eentr-un comunicat, citat de <span><a href=\"https:\/\/www.lefigaro.fr\/actualite-france\/vatican-le-pape-leon-xiv-s-installe-dans-le-palais-pontifical-pres-d-un-an-apres-son-election-20260314\" target=\"_blank\" rel=\"noopener\">Le Figaro<\/a><\/span>.<\/p>\n<p id=\"p-1\">De la alegerea sa \u00een mai 2025, Papa a continuat s\u0103 locuiasc\u0103 la Palatul Sf\u00e2ntului Oficiu, la doi pa\u0219i de Vatican, unde st\u0103tea deja \u00een calitate de cardinal.<\/p>\n<p id=\"p-2\">\u00cen ochii observatorilor, aceast\u0103 mutare marcheaz\u0103 o form\u0103 de \u201erevenire la normal\u201d dup\u0103 pontificatul lui Francisc, care a locuit de la alegerea sa \u00een 2013 p\u00e2n\u0103 la moartea sa \u00een 2025 \u00een re\u0219edin\u021ba Santa Marta, din Vatican, consider\u00e2nd apartamentele pontificale prea spa\u021bioase \u0219i prea vaste.<\/p>\n<p id=\"p-3\">\u00cen ultimele luni, au fost f\u0103cute lucr\u0103ri de amenajare la palatul pontifical, \u00een special \u00een ceea ce prive\u0219te conexiunea la internet \u0219i securitatea.<\/p>\n<p id=\"p-4\">Locuin\u021ba de aproximativ zece camere situat\u0103 aici, \u00een care locuiesc papii din 1870, cuprinde, printre altele, o capel\u0103, un vestibul, o bibliotec\u0103, un birou, o sufragerie, un dormitor \u0219i o \u00eenc\u0103pere din care papa roste\u0219te \u00een fiecare duminic\u0103 rug\u0103ciunea Angelus printr-o fereastr\u0103 cu vedere spre Pia\u021ba Sf\u00e2ntul Petru.<\/p>\n<p id=\"p-5\">Leon al XIV-lea a decis, de asemenea, s\u0103 reia tradi\u021bia re\u0219edin\u021bei de var\u0103 a papilor la Castel Gandolfo, l\u00e2ng\u0103 Roma, o tradi\u021bie abandonat\u0103 \u0219i ea de predecesorul s\u0103u argentinian.<\/p>\n","protected":false},"excerpt":{"rendered":"<p>\u201e\u00cen aceast\u0103 dup\u0103-amiaz\u0103, Papa Leon al XIV-lea va intra \u00een posesia apartamentelor sale din Palatul Apostolic \u0219i se va instala, \u00eempreun\u0103 cu cei mai apropia\u021bi colaboratori ai s\u0103i, \u00een spa\u021biile &hellip; <a href=\"https:\/\/microscopemedia.com\/?p=681862\" class=\"more-link\">Read More<\/a><\/p>\n","protected":false},"author":1,"featured_media":681863,"comment_status":"closed","ping_status":"closed","sticky":false,"template":"Default","format":"standard","meta":[],"categories":[1],"tags":[],"_links":{"self":[{"href":"https:\/\/microscopemedia.com\/index.php?rest_route=\/wp\/v2\/posts\/681862"}],"collection":[{"href":"https:\/\/microscopemedia.com\/index.php?rest_route=\/wp\/v2\/posts"}],"about":[{"href":"https:\/\/microscopemedia.com\/index.php?rest_route=\/wp\/v2\/types\/post"}],"author":[{"embeddable":true,"href":"https:\/\/microscopemedia.com\/index.php?rest_route=\/wp\/v2\/users\/1"}],"replies":[{"embeddable":true,"href":"https:\/\/microscopemedia.com\/index.php?rest_route=%2Fwp%2Fv2%2Fcomments&post=681862"}],"version-history":[{"count":0,"href":"https:\/\/microscopemedia.com\/index.php?rest_route=\/wp\/v2\/posts\/681862\/revisions"}],"wp:featuredmedia":[{"embeddable":true,"href":"https:\/\/microscopemedia.com\/index.php?rest_route=\/wp\/v2\/media\/681863"}],"wp:attachment":[{"href":"https:\/\/microscopemedia.com\/index.php?rest_route=%2Fwp%2Fv2%2Fmedia&parent=681862"}],"wp:term":[{"taxonomy":"category","embeddable":true,"href":"https:\/\/microscopemedia.com\/index.php?rest_route=%2Fwp%2Fv2%2Fcategories&post=681862"},{"taxonomy":"post_tag","embeddable":true,"href":"https:\/\/microscopemedia.com\/index.php?rest_route=%2Fwp%2Fv2%2Ftags&post=681862"}],"curies":[{"name":"wp","href":"https:\/\/api.w.org\/{rel}","templated":true}]}}