{"id":681866,"date":"2026-03-14T20:16:03","date_gmt":"2026-03-14T20:16:03","guid":{"rendered":"https:\/\/microscopemedia.com\/?p=681866"},"modified":"2026-03-14T20:16:03","modified_gmt":"2026-03-14T20:16:03","slug":"antrenorul-laszlo-balint-si-a-dat-demisia-de-la-otelul-galati","status":"publish","type":"post","link":"https:\/\/microscopemedia.com\/?p=681866","title":{"rendered":"Antrenorul Laszlo Balint \u0219i-a dat demisia de la O\u021belul Gala\u021bi"},"content":{"rendered":"<div><img decoding=\"async\" src=\"https:\/\/microscopemedia.com\/wp-content\/uploads\/2026\/03\/antrenorul-laszlo-balint-si-a-dat-demisia-de-la-otelul-galati.jpg\" class=\"ff-og-image-inserted\"><\/div>\n<p id=\"p-0\">\u201e\u00cen aceast\u0103 sear\u0103 a fost ultimul meu meci ca antrenor la O\u021belul Gala\u021bi. Este decizia mea final\u0103. Chiar dac\u0103 s\u0103pt\u0103m\u00e2na trecut\u0103 v-am spus c\u0103 sunt un lupt\u0103tor \u0219i a\u0219a este. Eu sunt omul care merge p\u00e2n\u0103 la cap\u0103t \u00eentr-o astfel de lupt\u0103, dar consider c\u0103 \u00een acest moment grupul de juc\u0103tori poate avea nevoie de o schimbare de energie, nu \u0219tiu, \u00een ceea ce prive\u0219te omul care \u00eei conduce\u201d, a spus Laszlo Balint.<\/p>\n<p id=\"p-1\">El spune c\u0103 este un moment \u00een care \u201eprobabil anumi\u021bi juc\u0103tori sunt un pic bloca\u021bi, e o oarecare lips\u0103 de \u00eencredere \u0219i consider c\u0103, repet, schimbarea aceasta de energie, poate \u0219i de metodologie, va aduce din nou acel boost de \u00eencredere pentru echip\u0103\u201d.<\/p>\n<p id=\"p-2\">\u201eCu siguran\u021b\u0103 \u0219i eu am partea mea de vin\u0103 \u0219i stafful meu are partea de vin\u0103, dar consider c\u0103 vina este \u00eemp\u0103r\u021bit\u0103. (\u2026) Am luat decizia, este strict decizia mea pe care am anun\u021bat-o \u0219i conducerii, am anun\u021bat \u0219i vestiarul, deci este o decizie care \u00een acest moment trebuie doar confirmat\u0103 de semnarea documentelor, at\u00e2t \u0219i nimic mai mult\u201d, a mai spus antrenorul.<\/p>\n<p id=\"p-3\">O\u021belul Gala\u021bi a fost <span><a href=\"https:\/\/www.mediafax.ro\/sport\/otelul-galati-pierde-acasa-cu-csikszereda-scor-2-3-in-prima-etapa-din-play-out-23703064\" target=\"_blank\" rel=\"noopener\">\u00eenvins\u0103<\/a><\/span> pe teren propriu de FK Csikszereda, scor 2-3, s\u00e2mb\u0103t\u0103, \u00een prima etap\u0103 a play-out-ului din Superliga.<\/p>\n","protected":false},"excerpt":{"rendered":"<p>\u201e\u00cen aceast\u0103 sear\u0103 a fost ultimul meu meci ca antrenor la O\u021belul Gala\u021bi. Este decizia mea final\u0103. Chiar dac\u0103 s\u0103pt\u0103m\u00e2na trecut\u0103 v-am spus c\u0103 sunt un lupt\u0103tor \u0219i a\u0219a este. &hellip; <a href=\"https:\/\/microscopemedia.com\/?p=681866\" class=\"more-link\">Read More<\/a><\/p>\n","protected":false},"author":1,"featured_media":681867,"comment_status":"closed","ping_status":"closed","sticky":false,"template":"Default","format":"standard","meta":[],"categories":[1],"tags":[],"_links":{"self":[{"href":"https:\/\/microscopemedia.com\/index.php?rest_route=\/wp\/v2\/posts\/681866"}],"collection":[{"href":"https:\/\/microscopemedia.com\/index.php?rest_route=\/wp\/v2\/posts"}],"about":[{"href":"https:\/\/microscopemedia.com\/index.php?rest_route=\/wp\/v2\/types\/post"}],"author":[{"embeddable":true,"href":"https:\/\/microscopemedia.com\/index.php?rest_route=\/wp\/v2\/users\/1"}],"replies":[{"embeddable":true,"href":"https:\/\/microscopemedia.com\/index.php?rest_route=%2Fwp%2Fv2%2Fcomments&post=681866"}],"version-history":[{"count":0,"href":"https:\/\/microscopemedia.com\/index.php?rest_route=\/wp\/v2\/posts\/681866\/revisions"}],"wp:featuredmedia":[{"embeddable":true,"href":"https:\/\/microscopemedia.com\/index.php?rest_route=\/wp\/v2\/media\/681867"}],"wp:attachment":[{"href":"https:\/\/microscopemedia.com\/index.php?rest_route=%2Fwp%2Fv2%2Fmedia&parent=681866"}],"wp:term":[{"taxonomy":"category","embeddable":true,"href":"https:\/\/microscopemedia.com\/index.php?rest_route=%2Fwp%2Fv2%2Fcategories&post=681866"},{"taxonomy":"post_tag","embeddable":true,"href":"https:\/\/microscopemedia.com\/index.php?rest_route=%2Fwp%2Fv2%2Ftags&post=681866"}],"curies":[{"name":"wp","href":"https:\/\/api.w.org\/{rel}","templated":true}]}}