{"id":681868,"date":"2026-03-14T20:26:03","date_gmt":"2026-03-14T20:26:03","guid":{"rendered":"https:\/\/microscopemedia.com\/?p=681868"},"modified":"2026-03-14T20:26:03","modified_gmt":"2026-03-14T20:26:03","slug":"ce-spune-ciprian-ciucu-despre-o-posibila-candidatura-la-presedintia-romaniei","status":"publish","type":"post","link":"https:\/\/microscopemedia.com\/?p=681868","title":{"rendered":"Ce spune Ciprian Ciucu despre o posibil\u0103 candidatur\u0103 la Pre\u0219edin\u021bia Rom\u00e2niei"},"content":{"rendered":"<div><img decoding=\"async\" src=\"https:\/\/microscopemedia.com\/wp-content\/uploads\/2026\/03\/ce-spune-ciprian-ciucu-despre-o-posibila-candidatura-la-presedintia-romaniei.jpg\" class=\"ff-og-image-inserted\"><\/div>\n<p id=\"p-0\">\u00centrebat dac\u0103 are ambi\u021bii de a candida la func\u021bia de pre\u0219edinte al Rom\u00e2niei, Ciucu a spus c\u0103 prioritatea sa este s\u0103 demonstreze c\u0103 merit\u0103 un nou mandat de primar general. \u201eEu, \u00een primul r\u00e2nd, trebuie s\u0103 demonstrez c\u0103 merit s\u0103 mai fiu o dat\u0103 primar general\u201d, a afirmat el \u00eentr-o emisiune la Digi24.<\/p>\n<p id=\"p-1\">Edilul a precizat c\u0103 urm\u0103torii doi ani vor fi dificili pentru administra\u021bia Capitalei.<\/p>\n<p id=\"p-2\">\u201eMai am doi ani \u0219i vor fi doi ani grei. Avem ni\u0219te probleme bugetare uria\u0219e. Sunt ni\u0219te reforme \u0219i ni\u0219te proiecte care trebuie s\u0103 se \u00eent\u00e2mple\u201d, a spus Ciucu.<\/p>\n<p id=\"p-3\">\u201eMi se potrivesc mai degrab\u0103 pozi\u021biile executive din care s\u0103 ias\u0103 ceva vizibil, palpabil, dec\u00e2t cele de reprezentare. Evident, este o onoare pentru oricine s\u0103 fie pre\u0219edinte\u201d, a declarat primarul.<\/p>\n<p id=\"p-4\">Primarul general a subliniat c\u0103 \u00ee\u0219i dore\u0219te s\u0103 r\u0103m\u00e2n\u0103 la conducerea ora\u0219ului pentru \u00eenc\u0103 dou\u0103 mandate.<\/p>\n<p id=\"p-5\">\u201e\u00cemi doresc \u00eenc\u0103 dou\u0103 mandate de primar, pentru c\u0103 lucrurile acestea se fac \u00eentr-un ciclu de zece ani, care \u00eenseamn\u0103 transformare. Acum, \u00een dou\u0103 ani, poate o s\u0103 reu\u0219im s\u0103 facem c\u00e2teva repara\u021bii la problemele bugetare pe care le avem\u201d, a afirmat Ciucu.<\/p>\n","protected":false},"excerpt":{"rendered":"<p>\u00centrebat dac\u0103 are ambi\u021bii de a candida la func\u021bia de pre\u0219edinte al Rom\u00e2niei, Ciucu a spus c\u0103 prioritatea sa este s\u0103 demonstreze c\u0103 merit\u0103 un nou mandat de primar general. &hellip; <a href=\"https:\/\/microscopemedia.com\/?p=681868\" class=\"more-link\">Read More<\/a><\/p>\n","protected":false},"author":1,"featured_media":681869,"comment_status":"closed","ping_status":"closed","sticky":false,"template":"Default","format":"standard","meta":[],"categories":[1],"tags":[],"_links":{"self":[{"href":"https:\/\/microscopemedia.com\/index.php?rest_route=\/wp\/v2\/posts\/681868"}],"collection":[{"href":"https:\/\/microscopemedia.com\/index.php?rest_route=\/wp\/v2\/posts"}],"about":[{"href":"https:\/\/microscopemedia.com\/index.php?rest_route=\/wp\/v2\/types\/post"}],"author":[{"embeddable":true,"href":"https:\/\/microscopemedia.com\/index.php?rest_route=\/wp\/v2\/users\/1"}],"replies":[{"embeddable":true,"href":"https:\/\/microscopemedia.com\/index.php?rest_route=%2Fwp%2Fv2%2Fcomments&post=681868"}],"version-history":[{"count":0,"href":"https:\/\/microscopemedia.com\/index.php?rest_route=\/wp\/v2\/posts\/681868\/revisions"}],"wp:featuredmedia":[{"embeddable":true,"href":"https:\/\/microscopemedia.com\/index.php?rest_route=\/wp\/v2\/media\/681869"}],"wp:attachment":[{"href":"https:\/\/microscopemedia.com\/index.php?rest_route=%2Fwp%2Fv2%2Fmedia&parent=681868"}],"wp:term":[{"taxonomy":"category","embeddable":true,"href":"https:\/\/microscopemedia.com\/index.php?rest_route=%2Fwp%2Fv2%2Fcategories&post=681868"},{"taxonomy":"post_tag","embeddable":true,"href":"https:\/\/microscopemedia.com\/index.php?rest_route=%2Fwp%2Fv2%2Ftags&post=681868"}],"curies":[{"name":"wp","href":"https:\/\/api.w.org\/{rel}","templated":true}]}}