{"id":681874,"date":"2026-03-14T21:36:03","date_gmt":"2026-03-14T21:36:03","guid":{"rendered":"https:\/\/microscopemedia.com\/?p=681874"},"modified":"2026-03-14T21:36:03","modified_gmt":"2026-03-14T21:36:03","slug":"onu-atrage-atentia-pana-in-2050-ucraina-ar-putea-deveni-tara-cu-cea-mai-mica-proportie-de-tineri-din-lume-cum-sta-romania","status":"publish","type":"post","link":"https:\/\/microscopemedia.com\/?p=681874","title":{"rendered":"ONU atrage aten\u021bia: p\u00e2n\u0103 \u00een 2050, Ucraina ar putea deveni \u021bara cu cea mai mic\u0103 propor\u021bie de tineri din lume. Cum st\u0103 Rom\u00e2nia"},"content":{"rendered":"<h2 id=\"chapter-0\"><strong>Ucraina: p\u00e2n\u0103 \u00een 2050, doar 6,6% din popula\u021bia \u021b\u0103rii va fi de p\u00e2n\u0103 \u00een 25 de ani<\/strong><\/h2>\n<div id=\"attachment_23703132\" class=\"wp-caption aligncenter\"><img aria-describedby=\"caption-attachment-23703132\" class=\"wp-image-23703132 size-full\" src=\"https:\/\/microscopemedia.com\/wp-content\/uploads\/2026\/03\/onu-atrage-atentia-pana-in-2050-ucraina-ar-putea-deveni-tara-cu-cea-mai-mica-proportie-de-tineri-din-lume-cum-sta-romania.webp\" alt width=\"700\" height=\"656\" loading=\"lazy\" decoding=\"async\" srcset=\"https:\/\/microscopemedia.com\/wp-content\/uploads\/2026\/03\/onu-atrage-atentia-pana-in-2050-ucraina-ar-putea-deveni-tara-cu-cea-mai-mica-proportie-de-tineri-din-lume-cum-sta-romania-3.webp 500w, https:\/\/microscopemedia.com\/wp-content\/uploads\/2026\/03\/onu-atrage-atentia-pana-in-2050-ucraina-ar-putea-deveni-tara-cu-cea-mai-mica-proportie-de-tineri-din-lume-cum-sta-romania.webp 728w\"><\/p>\n<p id=\"caption-attachment-23703132\" class=\"wp-caption-text\">Raport ONU \u2013 Tineri<\/p>\n<\/div>\n<p id=\"p-0\"><span><strong><a href=\"https:\/\/www.un.org\/development\/desa\/pd\/sites\/www.un.org.development.desa.pd\/files\/undesa_pd_2026_world_population_highlights-youth.pdf\">Raportul ONU<\/a> <\/strong><\/span>arat\u0103 c\u0103, \u00een cazul Ucrainei, \u00een 2000 \u021bara avea 7,349 milioane de tineri cu v\u00e2rste cuprinse \u00eentre 15 \u0219i 24 de ani. Reprezentau 14,8% din popula\u021bia \u021b\u0103rii.<\/p>\n<p id=\"p-1\">\u00cen 2025, la 3 ani dup\u0103 ce Rusia a invadat-o, Ucraina mai are doar 4,181 milioane de tineri. Adic\u0103 doar 9%.<\/p>\n<p id=\"p-2\">P\u00e2n\u0103 \u00een 2050, Ucraina ar putea r\u0103m\u00e2ne doar cu 2,315 milioane de tineri \u00eentre 15 \u0219i 24 de ani. &nbsp;Aceasta reprezint\u0103 doar 6,6% din popula\u021bia \u021b\u0103rii, <span><strong><a href=\"https:\/\/www.un.org\/development\/desa\/pd\/sites\/www.un.org.development.desa.pd\/files\/undesa_pd_2026_world_population_highlights-youth.pdf\">atrage aten\u021bia ONU<\/a><\/strong><\/span>.<\/p>\n<p id=\"p-3\">Raportul complex abordeaz\u0103 multe tematici, inclusiv decesele \u00een r\u00e2ndul tinerilor cauzate de violen\u021ba colectiv\u0103 \u0219i de interven\u021biile autorit\u0103\u021bilor.<\/p>\n<p id=\"p-4\">\u201eTinerii de sex masculin sunt afecta\u021bi \u00een mod dispropor\u021bionat, reprezent\u00e2nd 89 % dintre victime \u00een 2021.<\/p>\n<p id=\"p-5\">Conflictele armate \u00een curs din \u021b\u0103ri precum Afganistan, Burkina Faso, Republica Democratic\u0103 Congo, Etiopia, Sudan, Ucraina \u0219i Yemen au un impact devastator asupra tinerilor. Ace\u0219tia sunt adesea uci\u0219i, mutila\u021bi, supu\u0219i violen\u021bei sexuale, traumatiza\u021bi sau str\u0103muta\u021bi for\u021bat, fie \u00een interiorul \u021b\u0103rilor lor, fie peste grani\u021bele interna\u021bionale.<\/p>\n<p id=\"p-6\">Mortalitatea tinerilor legat\u0103 de interven\u021biile legale \u2013 care implic\u0103 adesea for\u021bele de ordine \u2013 r\u0103m\u00e2ne, de asemenea, o problem\u0103 critic\u0103 \u00een \u021b\u0103ri precum Haiti \u0219i Filipine, ridic\u00e2nd \u00eengrijor\u0103ri cu privire la utilizarea excesiv\u0103 a for\u021bei, impunitatea \u0219i \u00eenc\u0103lc\u0103rile drepturilor omului, \u00een special \u00een r\u00e2ndul popula\u021biilor de tineri marginaliza\u021bi \u0219i vulnerabili\u201d, sus\u021bine raportul.<\/p>\n<h2 id=\"chapter-1\"><strong>\u00cen 2050, num\u0103rul tinerilor din Rom\u00e2nia ajunge la doar 11% din totalul popula\u021bie<\/strong><\/h2>\n<div id=\"attachment_23703133\" class=\"wp-caption aligncenter\" readability=\"40\"><img aria-describedby=\"caption-attachment-23703133\" class=\"wp-image-23703133 size-full\" src=\"https:\/\/microscopemedia.com\/wp-content\/uploads\/2026\/03\/onu-atrage-atentia-pana-in-2050-ucraina-ar-putea-deveni-tara-cu-cea-mai-mica-proportie-de-tineri-din-lume-cum-sta-romania-1.webp\" alt width=\"700\" height=\"466\" loading=\"lazy\" decoding=\"async\" srcset=\"https:\/\/microscopemedia.com\/wp-content\/uploads\/2026\/03\/onu-atrage-atentia-pana-in-2050-ucraina-ar-putea-deveni-tara-cu-cea-mai-mica-proportie-de-tineri-din-lume-cum-sta-romania-4.webp 500w, https:\/\/microscopemedia.com\/wp-content\/uploads\/2026\/03\/onu-atrage-atentia-pana-in-2050-ucraina-ar-putea-deveni-tara-cu-cea-mai-mica-proportie-de-tineri-din-lume-cum-sta-romania-1.webp 728w\"><\/p>\n<p id=\"caption-attachment-23703133\" class=\"wp-caption-text\">Mii de tineri au participat la prima zi a Festivalului Untold, joi, 7 august 2025, la Cluj. Festivalul, aflat la cea de-a 10 editie, s-a clasat pentru al doilea an consecutiv, pe locul 3 \u00een Top 100 cele mai bune festivaluri ale lumii. RAUL STEF \/ MEDIAFAX FOTO<\/p>\n<\/div>\n<p id=\"p-7\">Nici \u00een cazul Rom\u00e2niei, situa\u021bia nu este prea fericit\u0103.<\/p>\n<p id=\"p-8\">Documentul ONU arat\u0103 c\u0103 \u00een 2020, Rom\u00e2nia avea doar 3,4 milioane de tineri cu v\u00e2rste cuprinse \u00eentre 15 \u0219i 24 de ani, \u00eensemn\u00e2nd 15,6% din total popula\u021bie.<\/p>\n<p id=\"p-9\">Anul trecut, \u00een 2025, num\u0103rul tinerilor, din total popula\u021bie, crescuse: erau 2,102 milioane. Adic\u0103 20,3% din total.<\/p>\n<p id=\"p-10\">\u00cens\u0103 pentru 2050, predic\u021biile ONU pentru num\u0103rul tinerilor din Rom\u00e2nia sunt urm\u0103toarele: 1,598 de milioane de tineri cu v\u00e2rste cuprinse \u00eentre 15 \u0219i 24 de ani, ceea ce \u00eenseamn\u0103 doar 11,6%, practic aproape jum\u0103tate de num\u0103rul din 2025.<\/p>\n<div id=\"attachment_23703134\" class=\"wp-caption aligncenter\"><img aria-describedby=\"caption-attachment-23703134\" class=\"wp-image-23703134 size-full\" src=\"https:\/\/microscopemedia.com\/wp-content\/uploads\/2026\/03\/onu-atrage-atentia-pana-in-2050-ucraina-ar-putea-deveni-tara-cu-cea-mai-mica-proportie-de-tineri-din-lume-cum-sta-romania-2.webp\" alt width=\"700\" height=\"512\" loading=\"lazy\" decoding=\"async\" srcset=\"https:\/\/microscopemedia.com\/wp-content\/uploads\/2026\/03\/onu-atrage-atentia-pana-in-2050-ucraina-ar-putea-deveni-tara-cu-cea-mai-mica-proportie-de-tineri-din-lume-cum-sta-romania-5.webp 500w, https:\/\/microscopemedia.com\/wp-content\/uploads\/2026\/03\/onu-atrage-atentia-pana-in-2050-ucraina-ar-putea-deveni-tara-cu-cea-mai-mica-proportie-de-tineri-din-lume-cum-sta-romania-2.webp 728w\"><\/p>\n<p id=\"caption-attachment-23703134\" class=\"wp-caption-text\">Raport ONU \u2013 Tineri<\/p>\n<\/div>\n<h2 id=\"chapter-2\"><strong>ONU recomand\u0103 ca guvernele s\u0103 fac\u0103 strategii pentru tineri<\/strong><\/h2>\n<p id=\"p-11\">\u201eAv\u00e2nd \u00een vedere c\u0103 popula\u021bia t\u00e2n\u0103r\u0103 la nivel mondial dep\u0103\u0219e\u0219te 1,3 miliarde de persoane, se preconizeaz\u0103 c\u0103 structura \u0219i distribu\u021bia geografic\u0103 a acesteia se vor modifica semnificativ \u00een urm\u0103toarele decenii.<\/p>\n<p id=\"p-12\">Modelele de cre\u0219tere a popula\u021biei tinere vor varia probabil de la o \u021bar\u0103 la alta, cre\u00e2nd oportunit\u0103\u021bi \u0219i provoc\u0103ri diverse, care depind de contextele demografice, sociale \u0219i economice locale.<\/p>\n<p id=\"p-13\">Aceste schimb\u0103ri vor modela modul \u00een care tinerii tr\u0103iesc, \u00eenva\u021b\u0103, muncesc \u0219i particip\u0103 la via\u021ba social\u0103, cu consecin\u021be importante pentru dezvoltare, echitate \u0219i bun\u0103stare.<\/p>\n<p id=\"p-14\">Abordarea acestor dinamici necesit\u0103 politici orientate spre viitor \u00een domeniul educa\u021biei, s\u0103n\u0103t\u0103\u021bii, ocup\u0103rii for\u021bei de munc\u0103, protec\u021biei sociale \u0219i autonomiz\u0103rii tinerilor, integrate \u00een strategii na\u021bionale de dezvoltare mai ample.<\/p>\n<p id=\"p-15\">Datele \u0219i proiec\u021biile din raport ofer\u0103 guvernelor, organiza\u021biilor de tineret \u0219i societ\u0103\u021bii civile o baz\u0103 solid\u0103 de dovezi pentru a anticipa nevoile emergente, pentru a concepe interven\u021bii \u021bintite \u0219i a se asigura c\u0103 schimb\u0103rile demografice contribuie la o dezvoltare incluziv\u0103, echitabil\u0103 \u0219i durabil\u0103.<\/p>\n<p id=\"p-16\">Prin corelarea previziunilor demografice cu ac\u021biunile strategice, p\u0103r\u021bile interesate pot \u00eemputernici tinerii ca factori ai progresului social \u0219i economic\u201d, <span><strong><a href=\"https:\/\/www.un.org\/development\/desa\/pd\/sites\/www.un.org.development.desa.pd\/files\/undesa_pd_2026_world_population_highlights-youth.pdf\">recomand\u0103 ONU<\/a><\/strong><\/span>.<\/p>\n","protected":false},"excerpt":{"rendered":"<p>Ucraina: p\u00e2n\u0103 \u00een 2050, doar 6,6% din popula\u021bia \u021b\u0103rii va fi de p\u00e2n\u0103 \u00een 25 de ani Raport ONU \u2013 Tineri Raportul ONU arat\u0103 c\u0103, \u00een cazul Ucrainei, \u00een 2000 &hellip; <a href=\"https:\/\/microscopemedia.com\/?p=681874\" class=\"more-link\">Read More<\/a><\/p>\n","protected":false},"author":1,"featured_media":681875,"comment_status":"closed","ping_status":"closed","sticky":false,"template":"Default","format":"standard","meta":[],"categories":[1],"tags":[],"_links":{"self":[{"href":"https:\/\/microscopemedia.com\/index.php?rest_route=\/wp\/v2\/posts\/681874"}],"collection":[{"href":"https:\/\/microscopemedia.com\/index.php?rest_route=\/wp\/v2\/posts"}],"about":[{"href":"https:\/\/microscopemedia.com\/index.php?rest_route=\/wp\/v2\/types\/post"}],"author":[{"embeddable":true,"href":"https:\/\/microscopemedia.com\/index.php?rest_route=\/wp\/v2\/users\/1"}],"replies":[{"embeddable":true,"href":"https:\/\/microscopemedia.com\/index.php?rest_route=%2Fwp%2Fv2%2Fcomments&post=681874"}],"version-history":[{"count":0,"href":"https:\/\/microscopemedia.com\/index.php?rest_route=\/wp\/v2\/posts\/681874\/revisions"}],"wp:featuredmedia":[{"embeddable":true,"href":"https:\/\/microscopemedia.com\/index.php?rest_route=\/wp\/v2\/media\/681875"}],"wp:attachment":[{"href":"https:\/\/microscopemedia.com\/index.php?rest_route=%2Fwp%2Fv2%2Fmedia&parent=681874"}],"wp:term":[{"taxonomy":"category","embeddable":true,"href":"https:\/\/microscopemedia.com\/index.php?rest_route=%2Fwp%2Fv2%2Fcategories&post=681874"},{"taxonomy":"post_tag","embeddable":true,"href":"https:\/\/microscopemedia.com\/index.php?rest_route=%2Fwp%2Fv2%2Ftags&post=681874"}],"curies":[{"name":"wp","href":"https:\/\/api.w.org\/{rel}","templated":true}]}}