{"id":681882,"date":"2026-03-14T22:56:03","date_gmt":"2026-03-14T22:56:03","guid":{"rendered":"https:\/\/microscopemedia.com\/?p=681882"},"modified":"2026-03-14T22:56:03","modified_gmt":"2026-03-14T22:56:03","slug":"elvetia-ia-o-decizie-surpriza-inchide-spatiul-aerian-pentru-avioanele-sua-in-cazul-razboiului-impotriva-iranului","status":"publish","type":"post","link":"https:\/\/microscopemedia.com\/?p=681882","title":{"rendered":"Elve\u021bia ia o decizie surpriz\u0103: \u00eenchide spa\u021biul aerian pentru avioanele SUA, \u00een cazul r\u0103zboiului \u00eempotriva Iranului"},"content":{"rendered":"<div><img decoding=\"async\" src=\"https:\/\/microscopemedia.com\/wp-content\/uploads\/2026\/03\/elvetia-ia-o-decizie-surpriza-inchide-spatiul-aerian-pentru-avioanele-sua-in-cazul-razboiului-impotriva-iranului.jpg\" class=\"ff-og-image-inserted\"><\/div>\n<p id=\"p-0\"><span dir=\"auto\"><span><strong><a href=\"https:\/\/www.mediafax.ro\/externe\/elvetia-analizeaza-impactul-celei-mai-recente-anchete-comerciale-a-sua-23701716\">Elve\u021bia<\/a> <\/strong><\/span>\u0219i-a \u00eenchis spa\u021biul aerian pentru zborurile militare americane direct legate de r\u0103zboiul din Iran. A invocat tradi\u021bia sa de neutralitate \u00een conflictele armate, <span><strong><a href=\"https:\/\/www.swissinfo.ch\/eng\/switzerland-bars-us-overflights-linked-to-combat-in-iran-war\/91099558\">relateaz\u0103 Swissinfo.ch.<\/a><\/strong><\/span><\/span><\/p>\n<p id=\"p-1\"><span dir=\"auto\">Dou\u0103 cereri pentru ca avioane de recunoa\u0219tere americane s\u0103 treac\u0103 deasupra Elve\u021biei duminic\u0103 au fost respinse, a anun\u021bat guvernul federal de la Berna<span><strong><a href=\"https:\/\/www.reuters.com\/business\/aerospace-defense\/swiss-reject-two-flyover-requests-us-flights-related-iran-war-permits-three-2026-03-14\/?taid=69b5dcc3bee12000015e35d8&amp;utm_campaign=trueAnthem:+Trending+Content&amp;utm_medium=trueAnthem&amp;utm_source=twitter\"> \u00eentr-un comunicat<\/a><\/strong><\/span>.<\/span><\/p>\n<p id=\"p-2\"><span dir=\"auto\"> Alte trei zboruri, inclusiv dou\u0103 aeronave de transport, au fost aprobate.<\/span><\/p>\n<p id=\"p-3\"><span dir=\"auto\">Survolurile ulterioare ale SUA care dep\u0103\u0219esc num\u0103rul normal vor fi interzise, \u200b\u200bcu excep\u021bia cazului \u00een care scopul lor este clar \u0219i nu are leg\u0103tur\u0103 cu r\u0103zboiul, a precizat Guvernul.<\/span><\/p>\n<p id=\"p-4\"><span dir=\"auto\">\u201eLegea neutralit\u0103\u021bii interzice survolurile p\u0103r\u021bilor implicate \u00een conflict care servesc unui scop militar\u201d, se arat\u0103 \u00een declara\u021bie.<\/span><\/p>\n<p id=\"p-5\"><span dir=\"auto\">Potrivit WSJ, <\/span><span><strong><a href=\"https:\/\/www.rbc.ua\/rus\/news\/ssha-planuyut-zakinchuvati-viynu-proti-iranu-1773459226.html\"><span dir=\"auto\">Trump nu inten\u021bioneaz\u0103 s\u0103 pun\u0103 cap\u0103t ostilit\u0103\u021bilor \u00een urm\u0103toarele s\u0103pt\u0103m\u00e2ni<\/span><\/a><\/strong><\/span><span dir=\"auto\">&nbsp;. Mai mult, Reuters a scris \u0219i c\u0103&nbsp;<\/span><strong><span><a href=\"https:\/\/www.rbc.ua\/rus\/news\/vzhe-zanadto-pizno-tramp-vidhiliv-peregovori-1773509877.html\"><span dir=\"auto\">administra\u021bia Trump a respins propunerea alia\u021bilor din Orientul Mijlociu de a \u00eencepe un dialog<\/span><\/a><\/span><\/strong><span dir=\"auto\"><strong><span>&nbsp;<\/span><\/strong>pentru a pune cap\u0103t r\u0103zboiului din Iran.<\/span><\/p>\n<p id=\"p-6\"><span dir=\"auto\">\u00centre timp, \u00een Europa, unii lideri \u00eei cer deja lui Donald Trump s\u0103 pun\u0103 cap\u0103t r\u0103zboiului. Cancelarul german <\/span><strong><span><a href=\"https:\/\/www.rbc.ua\/rus\/news\/merts-situatsiyu-irani-nam-potriben-plan-1773441688.html\"><span dir=\"auto\">Friedrich Merz a insistat c\u0103 este nevoie de un plan pentru a pune cap\u0103t r\u0103zboiului<\/span><\/a><span dir=\"auto\">&nbsp;.<\/span><\/span><\/strong><\/p>\n","protected":false},"excerpt":{"rendered":"<p>Elve\u021bia \u0219i-a \u00eenchis spa\u021biul aerian pentru zborurile militare americane direct legate de r\u0103zboiul din Iran. A invocat tradi\u021bia sa de neutralitate \u00een conflictele armate, relateaz\u0103 Swissinfo.ch. Dou\u0103 cereri pentru ca &hellip; <a href=\"https:\/\/microscopemedia.com\/?p=681882\" class=\"more-link\">Read More<\/a><\/p>\n","protected":false},"author":1,"featured_media":681883,"comment_status":"closed","ping_status":"closed","sticky":false,"template":"Default","format":"standard","meta":[],"categories":[1],"tags":[],"_links":{"self":[{"href":"https:\/\/microscopemedia.com\/index.php?rest_route=\/wp\/v2\/posts\/681882"}],"collection":[{"href":"https:\/\/microscopemedia.com\/index.php?rest_route=\/wp\/v2\/posts"}],"about":[{"href":"https:\/\/microscopemedia.com\/index.php?rest_route=\/wp\/v2\/types\/post"}],"author":[{"embeddable":true,"href":"https:\/\/microscopemedia.com\/index.php?rest_route=\/wp\/v2\/users\/1"}],"replies":[{"embeddable":true,"href":"https:\/\/microscopemedia.com\/index.php?rest_route=%2Fwp%2Fv2%2Fcomments&post=681882"}],"version-history":[{"count":0,"href":"https:\/\/microscopemedia.com\/index.php?rest_route=\/wp\/v2\/posts\/681882\/revisions"}],"wp:featuredmedia":[{"embeddable":true,"href":"https:\/\/microscopemedia.com\/index.php?rest_route=\/wp\/v2\/media\/681883"}],"wp:attachment":[{"href":"https:\/\/microscopemedia.com\/index.php?rest_route=%2Fwp%2Fv2%2Fmedia&parent=681882"}],"wp:term":[{"taxonomy":"category","embeddable":true,"href":"https:\/\/microscopemedia.com\/index.php?rest_route=%2Fwp%2Fv2%2Fcategories&post=681882"},{"taxonomy":"post_tag","embeddable":true,"href":"https:\/\/microscopemedia.com\/index.php?rest_route=%2Fwp%2Fv2%2Ftags&post=681882"}],"curies":[{"name":"wp","href":"https:\/\/api.w.org\/{rel}","templated":true}]}}