{"id":681884,"date":"2026-03-14T23:06:04","date_gmt":"2026-03-14T23:06:04","guid":{"rendered":"https:\/\/microscopemedia.com\/?p=681884"},"modified":"2026-03-14T23:06:04","modified_gmt":"2026-03-14T23:06:04","slug":"razboiul-din-orientul-mijlociu-ziua-16-netanyahu-a-luat-legatura-cu-zelenski-israel-anunta-noi-lovituri-in-iran-iar-tensiunile-se-extind-in-regiune-f1-anuleaza-cursele-din-regiune","status":"publish","type":"post","link":"https:\/\/microscopemedia.com\/?p=681884","title":{"rendered":"R\u0103zboiul din Orientul Mijlociu, ziua 16. Netanyahu a luat leg\u0103tura cu Zelenski. Israel anun\u021b\u0103 noi lovituri \u00een Iran, iar tensiunile se extind \u00een regiune. F1 anuleaz\u0103 cursele din regiune"},"content":{"rendered":"<div><img decoding=\"async\" src=\"https:\/\/microscopemedia.com\/wp-content\/uploads\/2026\/03\/razboiul-din-orientul-mijlociu-ziua-16-netanyahu-a-luat-legatura-cu-zelenski-israel-anunta-noi-lovituri-in-iran-iar-tensiunile-se-extind-in-regiune-f1-anuleaza-cursele-din-regiune.jpg\" class=\"ff-og-image-inserted\"><\/div>\n<h2 id=\"chapter-0\">UPDATE Netanyahu a luat leg\u0103tura cu Zelenski<\/h2>\n<p id=\"p-0\">Biroul prim-ministrului Benjamin Netanyahu a luat leg\u0103tura cu echipa pre\u0219edintelui ucrainean Zelenski pentru a solicita o convorbire telefonic\u0103, a declarat un oficial israelian pentru The Times of Israel.<\/p>\n<p id=\"p-1\">Potrivit Ynet, Netanyahu dore\u0219te s\u0103 discute despre cooperarea \u00een combaterea dronelor iraniene, cu care Ucraina se confrunt\u0103 de ani de zile.<\/p>\n<h2 id=\"chapter-1\">Rezumatul ultimelor ore<\/h2>\n<ul>\n<li>Israelul a anun\u021bat c\u0103 a ucis \u00eenc\u0103 doi oficiali iranieni de rang \u00eenalt \u0219i c\u0103 a ajuns la 400 de valuri de atacuri aeriene asupra unor \u021binte din vestul \u0219i centrul Iranului, la dou\u0103 s\u0103pt\u0103m\u00e2ni de la izbucnirea r\u0103zboiului. Evolu\u021biile vin pe fondul unei extinderi a tensiunilor regionale, cu efecte asupra securit\u0103\u021bii maritime, pie\u021belor globale \u0219i stabilit\u0103\u021bii din statele vecine.<\/li>\n<li>Un nou punct de presiune r\u0103m\u00e2ne Str\u00e2mtoarea Ormuz, rut\u0103 esen\u021bial\u0103 pentru transportul global de petrol. Pre\u0219edintele american Donald Trump \u0219i-a reiterat apelul c\u0103tre alte state s\u0103 contribuie la securizarea traficului maritim din zon\u0103, \u00een timp ce autorit\u0103\u021bile iraniene au transmis mesaje contradictorii privind restric\u021biile impuse. Ministrul iranian de Externe, Abbas Araghchi, a declarat c\u0103 str\u00e2mtoarea ar fi \u00eenchis\u0103 doar navelor americane \u0219i israeliene. Tot Araghchi a respins afirma\u021biile venite din SUA potrivit c\u0103rora liderul suprem al Iranului, Mojtaba Khamenei, ar fi fost r\u0103nit \u0219i desfigurat \u00een urma primului val de atacuri americano-israeliene de luna trecut\u0103. Khamenei a r\u0103mas \u00een afara vie\u021bii publice de la numirea sa, aliment\u00e2nd specula\u021biile privind starea sa.<\/li>\n<li>\u00cen paralel, pre\u0219edintele ucrainean Volodimir Zelenski a acuzat Rusia c\u0103 a furnizat Iranului informa\u021bii \u0219i drone folosite \u00een atacuri asupra bazelor militare americane din Orientul Mijlociu, o acuza\u021bie care, dac\u0103 se confirm\u0103, ar indica o implicare mai ampl\u0103 a Moscovei \u00een conflict.<\/li>\n<li>Escaladarea militar\u0103 readuce \u00een prim-plan \u0219i traume mai vechi din regiune. \u00cen Liban, mul\u021bi dintre cei care au copil\u0103rit \u00een timpul r\u0103zboiului civil din 1975-1990 spun c\u0103 noile lovituri din Orientul Mijlociu reactiveaz\u0103 amintiri \u0219i temeri pe care le credeau dep\u0103\u0219ite.<\/li>\n<li>\u00centre timp, conflictul pare s\u0103 afecteze \u0219i mai mult securitatea regional\u0103. Dou\u0103 drone au lovit ieri ambasada SUA din Bagdad, \u00eens\u0103 amploarea pagubelor \u0219i existen\u021ba unor victime nu sunt deocamdat\u0103 clare. Premierul Irakului a condamnat atacul, avertiz\u00e2nd c\u0103 acesta expune \u021bara unor \u201econsecin\u021be grave\u201d \u0219i promi\u021b\u00e2nd continuarea anchetei pentru identificarea celor responsabili.<\/li>\n<li><a href=\"https:\/\/www.mediafax.ro\/sport\/oficial-formula-1-anuleaza-doua-curse-majore-din-cauza-razboiului-din-orientul-mijlociu-23703146\">Formula 1 a anun\u021bat anularea<\/a> Marelui Premiu din Bahrain \u0219i a Marelui Premiu al Arabiei Saudite, pe fondul r\u0103zboiului din Orientul Mijlociu. Cele dou\u0103 curse erau programate s\u0103 se desf\u0103\u0219oare pe 12 aprilie, \u00een Bahrain, respectiv pe 19 aprilie, \u00een Arabia Saudit\u0103.<\/li>\n<li><a href=\"https:\/\/www.mediafax.ro\/stirile-zilei\/elvetia-ia-o-decizie-surpriza-inchide-spatiul-aerian-pentru-avioanele-sua-in-cazul-razboiului-impotriva-iranului-23703145\">Elve\u021bia a anun\u021bat<\/a> s\u00e2mb\u0103t\u0103 c\u0103 a respins solicit\u0103rile SUA de survol al spa\u021biului aerian na\u021bional, \u00een contextul r\u0103zboiului din Iran. Berna a autorizat doar aeronavele de transport s\u0103 survoleze spa\u021biul na\u021bional<\/li>\n<li>Trei membre ale echipei feminine de fotbal a Iranului, care acceptaser\u0103 vize de refugiat pentru a r\u0103m\u00e2ne \u00een Australia, au decis s\u0103 se \u00eentoarc\u0103 \u00een \u021bara lor natal\u0103, a declarat ministrul australian al afacerilor interne.<\/li>\n<\/ul>\n","protected":false},"excerpt":{"rendered":"<p>UPDATE Netanyahu a luat leg\u0103tura cu Zelenski Biroul prim-ministrului Benjamin Netanyahu a luat leg\u0103tura cu echipa pre\u0219edintelui ucrainean Zelenski pentru a solicita o convorbire telefonic\u0103, a declarat un oficial israelian &hellip; <a href=\"https:\/\/microscopemedia.com\/?p=681884\" class=\"more-link\">Read More<\/a><\/p>\n","protected":false},"author":1,"featured_media":681885,"comment_status":"closed","ping_status":"closed","sticky":false,"template":"Default","format":"standard","meta":[],"categories":[1],"tags":[],"_links":{"self":[{"href":"https:\/\/microscopemedia.com\/index.php?rest_route=\/wp\/v2\/posts\/681884"}],"collection":[{"href":"https:\/\/microscopemedia.com\/index.php?rest_route=\/wp\/v2\/posts"}],"about":[{"href":"https:\/\/microscopemedia.com\/index.php?rest_route=\/wp\/v2\/types\/post"}],"author":[{"embeddable":true,"href":"https:\/\/microscopemedia.com\/index.php?rest_route=\/wp\/v2\/users\/1"}],"replies":[{"embeddable":true,"href":"https:\/\/microscopemedia.com\/index.php?rest_route=%2Fwp%2Fv2%2Fcomments&post=681884"}],"version-history":[{"count":0,"href":"https:\/\/microscopemedia.com\/index.php?rest_route=\/wp\/v2\/posts\/681884\/revisions"}],"wp:featuredmedia":[{"embeddable":true,"href":"https:\/\/microscopemedia.com\/index.php?rest_route=\/wp\/v2\/media\/681885"}],"wp:attachment":[{"href":"https:\/\/microscopemedia.com\/index.php?rest_route=%2Fwp%2Fv2%2Fmedia&parent=681884"}],"wp:term":[{"taxonomy":"category","embeddable":true,"href":"https:\/\/microscopemedia.com\/index.php?rest_route=%2Fwp%2Fv2%2Fcategories&post=681884"},{"taxonomy":"post_tag","embeddable":true,"href":"https:\/\/microscopemedia.com\/index.php?rest_route=%2Fwp%2Fv2%2Ftags&post=681884"}],"curies":[{"name":"wp","href":"https:\/\/api.w.org\/{rel}","templated":true}]}}