{"id":681928,"date":"2026-03-15T07:47:03","date_gmt":"2026-03-15T07:47:03","guid":{"rendered":"https:\/\/microscopemedia.com\/?p=681928"},"modified":"2026-03-15T07:47:03","modified_gmt":"2026-03-15T07:47:03","slug":"psd-se-reuneste-duminica-pentru-a-decide-strategia-privind-votul-pe-bugetul-de-stat","status":"publish","type":"post","link":"https:\/\/microscopemedia.com\/?p=681928","title":{"rendered":"PSD se reune\u0219te duminic\u0103 pentru a decide strategia privind votul pe bugetul de stat"},"content":{"rendered":"<div><img decoding=\"async\" src=\"https:\/\/microscopemedia.com\/wp-content\/uploads\/2026\/03\/psd-se-reuneste-duminica-pentru-a-decide-strategia-privind-votul-pe-bugetul-de-stat.jpg\" class=\"ff-og-image-inserted\"><\/div>\n<p id=\"p-0\"><a href=\"https:\/\/www.mediafax.ro\/politic\/noi-contre-in-coalitie-psd-va-aviza-proiectul-de-buget-pentru-a-rezolva-in-parlament-ceea-ce-a-fost-blocat-de-premier-23701616\">Social-democra\u021bii<\/a> sunt nemul\u021bumi\u021bi de forma actual\u0103 a proiectului de buget adoptat de Guvern \u0219i spun c\u0103 unele m\u0103suri pe care le-au propus \u00een cadrul pachetului de solidaritate nu au fost incluse.<\/p>\n<p id=\"p-1\">Pre\u0219edintele PSD, Sorin Grindeanu, a declarat c\u0103 decizia privind votul asupra bugetului \u0219i eventualele amendamente va fi luat\u0103 \u00een \u0219edin\u021ba de duminic\u0103.<\/p>\n<p id=\"p-2\">\u201eDuminic\u0103 vom decide ac\u021biunile pentru s\u0103pt\u0103m\u00e2na viitoare, c\u00e2nd vor avea loc dezbaterile \u0219i votul final pe buget\u201d, a spus Grindeanu la \u00eenceputul s\u0103pt\u0103m\u00e2nii.<\/p>\n<p id=\"p-3\">\u0218i primarul Sectorului 4, <a href=\"https:\/\/www.mediafax.ro\/stirile-zilei\/baluta-despre-bugetul-pe-2026-are-deficiente-parlamentarii-psd-vor-corecta-aceste-neajunsuri-23702922\">Daniel B\u0103lu\u021b\u0103<\/a>, a criticat proiectul de buget, afirm\u00e2nd c\u0103 forma actual\u0103 nu reflect\u0103 o viziune social-democrat\u0103.<\/p>\n<p id=\"p-4\">\u201ePSD a f\u0103cut eforturi deosebite pentru acest buget, \u00eens\u0103, din p\u0103cate, \u00een forma \u00een care el se prezint\u0103 ast\u0103zi, \u00een niciun caz nu eviden\u021biaz\u0103 o viziune social-democrat\u0103\u201d, a declarat B\u0103lu\u021b\u0103.<\/p>\n<p id=\"p-5\">\u201eCeea ce v\u0103 garantez este c\u0103 \u00een Parlament aceste neajunsuri vor fi corectate de Partidul Social Democrat, iar bugetul nu poate s\u0103 treac\u0103 \u00een aceast\u0103 form\u0103. Dac\u0103 mai st\u0103 mult, n-o s\u0103 mai facem nimic nici anul acesta. Ca atare, deficien\u021bele pe care le-am constatat \u00een aceast\u0103 lege a bugetului ne-am propus s\u0103 le corect\u0103m \u00een Parlament, pentru c\u0103 prin for\u021ba pe care grupul nostru o are sunt convins c\u0103 va reu\u0219i s\u0103 corecteze toate lipsurile pe care acest buget le are\u201d, a precizat B\u0103lu\u021b\u0103.<\/p>\n<p id=\"p-6\">Guvernul a adoptat joi sear\u0103 proiectul de buget pentru 2026, iar documentul urmeaz\u0103 s\u0103 fie dezb\u0103tut \u0219i votat \u00een Parlament \u00een cursul s\u0103pt\u0103m\u00e2nii viitoare.<\/p>\n<p id=\"p-7\">Premierul <a href=\"https:\/\/www.mediafax.ro\/politic\/bolojan-avertizeaza-ca-amendamentele-la-buget-nu-trebuie-sa-repete-greseala-pe-care-am-facut-o-anii-trecuti-unele-programe-sociale-ar-putea-fi-finantate-din-fonduri-europene-23702084\">Ilie Bolojan<\/a> a declarat, joi sear\u0103, c\u0103 amendamentele care vor fi depuse \u00een Parlament la proiectul de buget pentru 2026 nu trebuie s\u0103 creeze dezechilibre majore, iar stabilitatea politic\u0103 r\u0103m\u00e2ne esen\u021bial\u0103 pentru economie.<\/p>\n","protected":false},"excerpt":{"rendered":"<p>Social-democra\u021bii sunt nemul\u021bumi\u021bi de forma actual\u0103 a proiectului de buget adoptat de Guvern \u0219i spun c\u0103 unele m\u0103suri pe care le-au propus \u00een cadrul pachetului de solidaritate nu au fost &hellip; <a href=\"https:\/\/microscopemedia.com\/?p=681928\" class=\"more-link\">Read More<\/a><\/p>\n","protected":false},"author":1,"featured_media":681929,"comment_status":"closed","ping_status":"closed","sticky":false,"template":"Default","format":"standard","meta":[],"categories":[1],"tags":[],"_links":{"self":[{"href":"https:\/\/microscopemedia.com\/index.php?rest_route=\/wp\/v2\/posts\/681928"}],"collection":[{"href":"https:\/\/microscopemedia.com\/index.php?rest_route=\/wp\/v2\/posts"}],"about":[{"href":"https:\/\/microscopemedia.com\/index.php?rest_route=\/wp\/v2\/types\/post"}],"author":[{"embeddable":true,"href":"https:\/\/microscopemedia.com\/index.php?rest_route=\/wp\/v2\/users\/1"}],"replies":[{"embeddable":true,"href":"https:\/\/microscopemedia.com\/index.php?rest_route=%2Fwp%2Fv2%2Fcomments&post=681928"}],"version-history":[{"count":0,"href":"https:\/\/microscopemedia.com\/index.php?rest_route=\/wp\/v2\/posts\/681928\/revisions"}],"wp:featuredmedia":[{"embeddable":true,"href":"https:\/\/microscopemedia.com\/index.php?rest_route=\/wp\/v2\/media\/681929"}],"wp:attachment":[{"href":"https:\/\/microscopemedia.com\/index.php?rest_route=%2Fwp%2Fv2%2Fmedia&parent=681928"}],"wp:term":[{"taxonomy":"category","embeddable":true,"href":"https:\/\/microscopemedia.com\/index.php?rest_route=%2Fwp%2Fv2%2Fcategories&post=681928"},{"taxonomy":"post_tag","embeddable":true,"href":"https:\/\/microscopemedia.com\/index.php?rest_route=%2Fwp%2Fv2%2Ftags&post=681928"}],"curies":[{"name":"wp","href":"https:\/\/api.w.org\/{rel}","templated":true}]}}