{"id":681930,"date":"2026-03-15T08:26:03","date_gmt":"2026-03-15T08:26:03","guid":{"rendered":"https:\/\/microscopemedia.com\/?p=681930"},"modified":"2026-03-15T08:26:03","modified_gmt":"2026-03-15T08:26:03","slug":"nicusor-dan-mesaj-de-ziua-maghiarilor-de-pretutindeni-sa-ramanem-uniti-si-sa-privim-impreuna-cu-optimism-spre-viitor","status":"publish","type":"post","link":"https:\/\/microscopemedia.com\/?p=681930","title":{"rendered":"Nicu\u0219or Dan, mesaj de Ziua Maghiarilor de Pretutindeni: S\u0103 r\u0103m\u00e2nem uni\u021bi \u0219i s\u0103 privim \u00eempreun\u0103 cu optimism spre viitor"},"content":{"rendered":"<div><img decoding=\"async\" src=\"https:\/\/microscopemedia.com\/wp-content\/uploads\/2026\/03\/nicusor-dan-mesaj-de-ziua-maghiarilor-de-pretutindeni-sa-ramanem-uniti-si-sa-privim-impreuna-cu-optimism-spre-viitor.jpg\" class=\"ff-og-image-inserted\"><\/div>\n<p id=\"p-0\">\u0218eful statului a ar\u0103tat c\u0103 aceast\u0103 Ziua Maghiarilor de Pretutindeni reprezint\u0103 \u201eo s\u0103rb\u0103toare special\u0103 a concet\u0103\u021benilor no\u0219tri care celebreaz\u0103 apartenen\u021ba la un spa\u021biu comun de istorie, limb\u0103, tradi\u021bii \u0219i cultur\u0103\u201d.<\/p>\n<p id=\"p-1\">\u201eEste, totodat\u0103, un prilej pentru a aprecia contribu\u021bia maghiarilor din Rom\u00e2nia la dezvoltarea na\u021biunii noastre prin dialog interetnic \u0219i intercultural, ca mod de existen\u021b\u0103 pa\u0219nic\u0103 \u0219i de colaborare pentru a construi un viitor \u00eempreun\u0103. \u00cen aceast\u0103 zi festiv\u0103, s\u0103 ne reamintim c\u00e2t de important a fost sprijinul activ al acestei comunit\u0103\u021bi pentru revenirea Rom\u00e2niei la democra\u021bie dup\u0103 anii comunismului \u0219i, ulterior, pentru asumarea f\u0103r\u0103 rezerve a valorilor europene \u0219i euroatlantice\u201d, a scris \u0219eful statului.<\/p>\n<h2 id=\"chapter-0\">\u201eC\u00e2nd societatea s-a divizat, Rom\u00e2nia a stagnat\u201d<\/h2>\n<p id=\"p-2\">\u00cen mesajul s\u0103u, acesta a subliniat c\u0103 parteneriatul dintre majoritate \u0219i minorit\u0103\u021bi a fost un element esen\u021bial pentru modernizarea Rom\u00e2niei \u0219i integrarea \u00een Uniunea European\u0103.<\/p>\n<p id=\"p-3\">\u201eParteneriatul permanent \u00eentre majoritate \u0219i minorit\u0103\u021bi a reprezentat un punct forte \u00een modernizarea \u021b\u0103rii noastre \u0219i \u00een integrarea deplin\u0103 \u00een Uniunea European\u0103. Proiectul european \u00eenseamn\u0103, pentru to\u021bi cet\u0103\u021benii rom\u00e2ni, indiferent de etnie, principii fondatoare pentru societatea noastr\u0103 \u0219i resurse pentru reducerea decalajelor de dezvoltare ale regiunilor din Rom\u00e2nia. Sunt convins c\u0103, pun\u00e2nd \u00een continuare mai presus de toate solidaritatea, cultiv\u00e2nd dialogul \u0219i echilibrul \u00een societate, vom opri orice \u00eencerc\u0103ri de fragmentare, de dezbinare ideologic\u0103 ori de instrumentalizare politic\u0103 a apartenen\u021belor etnice.S\u0103 nu uit\u0103m c\u0103 avem cu to\u021bii acelea\u0219i deziderate \u2013 libertate, demnitate \u0219i speran\u021ba pentru o via\u021b\u0103 mai bun\u0103. Nu sunt simple cuvinte, ci repere morale \u0219i civice care definesc o Rom\u00e2nie european\u0103 modern\u0103, capabil\u0103 s\u0103 valorifice diversitatea sa\u201d, a subliniat Nicu\u0219or Dan.<\/p>\n<p id=\"p-4\">\u201eIstoria noastr\u0103 comun\u0103 ne-a ar\u0103tat c\u0103 atunci c\u00e2nd societatea s-a divizat, Rom\u00e2nia a stagnat. C\u00e2nd a existat dialog \u0219i cooperare, Rom\u00e2nia a progresat\u201d, a mai spus pre\u0219edintele.<\/p>\n<p id=\"p-5\">\u0218eful statului le-a transmis cet\u0103\u021benilor rom\u00e2ni de etnie maghiar\u0103 ur\u0103ri cu ocazia acestei s\u0103rb\u0103tori \u0219i \u0219i-a exprimat speran\u021ba c\u0103 Ziua Maghiarilor de Pretutindeni va \u00eent\u0103ri \u00eencrederea \u00een societatea rom\u00e2neasc\u0103 \u0219i \u00een consolidarea unei Rom\u00e2nii democratice \u0219i prospere.<\/p>\n<p id=\"p-6\">\u201eS\u0103 r\u0103m\u00e2nem uni\u021bi \u0219i s\u0103 privim \u00eempreun\u0103 cu optimism spre viitor!\u201d, a transmis Nicu\u0219or Dan.<\/p>\n","protected":false},"excerpt":{"rendered":"<p>\u0218eful statului a ar\u0103tat c\u0103 aceast\u0103 Ziua Maghiarilor de Pretutindeni reprezint\u0103 \u201eo s\u0103rb\u0103toare special\u0103 a concet\u0103\u021benilor no\u0219tri care celebreaz\u0103 apartenen\u021ba la un spa\u021biu comun de istorie, limb\u0103, tradi\u021bii \u0219i cultur\u0103\u201d. &hellip; <a href=\"https:\/\/microscopemedia.com\/?p=681930\" class=\"more-link\">Read More<\/a><\/p>\n","protected":false},"author":1,"featured_media":681931,"comment_status":"closed","ping_status":"closed","sticky":false,"template":"Default","format":"standard","meta":[],"categories":[1],"tags":[],"_links":{"self":[{"href":"https:\/\/microscopemedia.com\/index.php?rest_route=\/wp\/v2\/posts\/681930"}],"collection":[{"href":"https:\/\/microscopemedia.com\/index.php?rest_route=\/wp\/v2\/posts"}],"about":[{"href":"https:\/\/microscopemedia.com\/index.php?rest_route=\/wp\/v2\/types\/post"}],"author":[{"embeddable":true,"href":"https:\/\/microscopemedia.com\/index.php?rest_route=\/wp\/v2\/users\/1"}],"replies":[{"embeddable":true,"href":"https:\/\/microscopemedia.com\/index.php?rest_route=%2Fwp%2Fv2%2Fcomments&post=681930"}],"version-history":[{"count":0,"href":"https:\/\/microscopemedia.com\/index.php?rest_route=\/wp\/v2\/posts\/681930\/revisions"}],"wp:featuredmedia":[{"embeddable":true,"href":"https:\/\/microscopemedia.com\/index.php?rest_route=\/wp\/v2\/media\/681931"}],"wp:attachment":[{"href":"https:\/\/microscopemedia.com\/index.php?rest_route=%2Fwp%2Fv2%2Fmedia&parent=681930"}],"wp:term":[{"taxonomy":"category","embeddable":true,"href":"https:\/\/microscopemedia.com\/index.php?rest_route=%2Fwp%2Fv2%2Fcategories&post=681930"},{"taxonomy":"post_tag","embeddable":true,"href":"https:\/\/microscopemedia.com\/index.php?rest_route=%2Fwp%2Fv2%2Ftags&post=681930"}],"curies":[{"name":"wp","href":"https:\/\/api.w.org\/{rel}","templated":true}]}}