{"id":681936,"date":"2026-03-15T08:56:03","date_gmt":"2026-03-15T08:56:03","guid":{"rendered":"https:\/\/microscopemedia.com\/?p=681936"},"modified":"2026-03-15T08:56:03","modified_gmt":"2026-03-15T08:56:03","slug":"ilie-boloja-de-ziua-maghiarilor-de-pretutindeni-comunitatea-maghiara-din-romania-este-o-parte-importanta-a-societatii-noastre","status":"publish","type":"post","link":"https:\/\/microscopemedia.com\/?p=681936","title":{"rendered":"Ilie Boloja, de Ziua Maghiarilor de Pretutindeni: \u201eComunitatea maghiar\u0103 din Rom\u00e2nia este o parte important\u0103 a societ\u0103\u021bii noastre\u201d"},"content":{"rendered":"<div><img decoding=\"async\" src=\"https:\/\/microscopemedia.com\/wp-content\/uploads\/2026\/03\/ilie-boloja-de-ziua-maghiarilor-de-pretutindeni-comunitatea-maghiara-din-romania-este-o-parte-importanta-a-societatii-noastre.jpg\" class=\"ff-og-image-inserted\"><\/div>\n<p id=\"p-0\">\u201eDe <a href=\"https:\/\/www.mediafax.ro\/politic\/nicusor-dan-mesaj-de-ziua-maghiarilor-de-pretutindeni-sa-ramanem-uniti-si-sa-privim-impreuna-cu-optimism-spre-viitor-23703224\">15 martie<\/a>, transmit comunit\u0103\u021bii maghiare din Rom\u00e2nia un mesaj de respect \u0219i de apreciere pentru contribu\u021bia pe care o aduce, de genera\u021bii, la dezvoltarea Rom\u00e2niei\u201d, a transmis premierul.<\/p>\n<p id=\"p-1\">Ilie Bolojan a precizat c\u0103 15 martie este una dintre cele mai importante zile pentru maghiari \u0219i aminte\u0219te de valorile libert\u0103\u021bii, demnit\u0103\u021bii \u0219i solidarit\u0103\u021bii afirmate \u00een timpul revolu\u021biilor de la 1848.<\/p>\n<p id=\"p-2\">\u201eE o zi care ne aminte\u0219te tuturor de valorile libert\u0103\u021bii, demnit\u0103\u021bii \u0219i solidarit\u0103\u021bii care au stat la baza construirii Europei moderne. Sunt valori care ast\u0103zi ne unesc \u0219i care stau la temelia proiectului european din care \u0219i Rom\u00e2nia face parte\u201d, a ad\u0103ugat Bolojan.<\/p>\n<p id=\"p-3\">\u0218eful Guvernului a subliniat, \u00een mesajul s\u0103u, rolul comunit\u0103\u021bii maghiare \u00een societatea rom\u00e2neasc\u0103.<\/p>\n<p id=\"p-4\">\u201eComunitatea maghiar\u0103 din Rom\u00e2nia este o parte important\u0103 a societ\u0103\u021bii noastre. For\u021ba unei na\u021biuni moderne st\u0103 \u00een capacitatea ei de a transforma diversitatea \u00eentr-un avantaj \u0219i \u00eentr-o resurs\u0103 pentru dezvoltare. Guvernul Rom\u00e2niei r\u0103m\u00e2ne ferm angajat \u00een respectarea drepturilor \u0219i identit\u0103\u021bii tuturor comunit\u0103\u021bilor etnice \u0219i \u00een consolidarea unei atmosfere de \u00eencredere \u00eentre cet\u0103\u021beni. Rom\u00e2nia a demonstrat \u00een ultimele decenii c\u0103 poate fi un model regional de respect \u00eentre comunit\u0103\u021bi, iar aceast\u0103 direc\u021bie trebuie continuat\u0103 cu responsabilitate \u0219i echilibru\u201d, a mai spus Bolojan.<\/p>\n<p id=\"p-5\">Premierul a f\u0103cut apel \u0219i la unitate \u0219i dialog \u00een actualul context european: \u201e\u00centr-un context european dificil este important s\u0103 p\u0103str\u0103m unitatea societ\u0103\u021bii noastre, s\u0103 continu\u0103m s\u0103 construim pun\u021bi de dialog \u0219i s\u0103 lucr\u0103m \u00eempreun\u0103 pentru acea Rom\u00e2nie care este casa noastr\u0103\u201d.<\/p>\n<p id=\"p-6\">\u201eCelor care s\u0103rb\u0103toresc aceast\u0103 zi le transmit g\u00e2nduri bune \u0219i urarea de a o s\u0103rb\u0103tori cu demnitate \u0219i \u00eencredere \u00een viitor. La mul\u021bi ani!\u201d, a mai transmis premierul.<\/p>\n","protected":false},"excerpt":{"rendered":"<p>\u201eDe 15 martie, transmit comunit\u0103\u021bii maghiare din Rom\u00e2nia un mesaj de respect \u0219i de apreciere pentru contribu\u021bia pe care o aduce, de genera\u021bii, la dezvoltarea Rom\u00e2niei\u201d, a transmis premierul. Ilie &hellip; <a href=\"https:\/\/microscopemedia.com\/?p=681936\" class=\"more-link\">Read More<\/a><\/p>\n","protected":false},"author":1,"featured_media":681937,"comment_status":"closed","ping_status":"closed","sticky":false,"template":"Default","format":"standard","meta":[],"categories":[1],"tags":[],"_links":{"self":[{"href":"https:\/\/microscopemedia.com\/index.php?rest_route=\/wp\/v2\/posts\/681936"}],"collection":[{"href":"https:\/\/microscopemedia.com\/index.php?rest_route=\/wp\/v2\/posts"}],"about":[{"href":"https:\/\/microscopemedia.com\/index.php?rest_route=\/wp\/v2\/types\/post"}],"author":[{"embeddable":true,"href":"https:\/\/microscopemedia.com\/index.php?rest_route=\/wp\/v2\/users\/1"}],"replies":[{"embeddable":true,"href":"https:\/\/microscopemedia.com\/index.php?rest_route=%2Fwp%2Fv2%2Fcomments&post=681936"}],"version-history":[{"count":0,"href":"https:\/\/microscopemedia.com\/index.php?rest_route=\/wp\/v2\/posts\/681936\/revisions"}],"wp:featuredmedia":[{"embeddable":true,"href":"https:\/\/microscopemedia.com\/index.php?rest_route=\/wp\/v2\/media\/681937"}],"wp:attachment":[{"href":"https:\/\/microscopemedia.com\/index.php?rest_route=%2Fwp%2Fv2%2Fmedia&parent=681936"}],"wp:term":[{"taxonomy":"category","embeddable":true,"href":"https:\/\/microscopemedia.com\/index.php?rest_route=%2Fwp%2Fv2%2Fcategories&post=681936"},{"taxonomy":"post_tag","embeddable":true,"href":"https:\/\/microscopemedia.com\/index.php?rest_route=%2Fwp%2Fv2%2Ftags&post=681936"}],"curies":[{"name":"wp","href":"https:\/\/api.w.org\/{rel}","templated":true}]}}