{"id":681964,"date":"2026-03-15T11:56:03","date_gmt":"2026-03-15T11:56:03","guid":{"rendered":"https:\/\/microscopemedia.com\/?p=681964"},"modified":"2026-03-15T11:56:03","modified_gmt":"2026-03-15T11:56:03","slug":"o-parte-din-liderii-europeni-vor-sa-revina-la-energia-nucleara-dupa-ce-si-au-daramat-reactoarele-discutii-aprinse-in-italia-si-germania","status":"publish","type":"post","link":"https:\/\/microscopemedia.com\/?p=681964","title":{"rendered":"O parte din liderii europeni vor s\u0103 revin\u0103 la energia nuclear\u0103 dup\u0103 ce \u0219i-au d\u0103r\u00e2mat reactoarele. Discu\u021bii aprinse \u00een Italia \u0219i Germania"},"content":{"rendered":"<p class=\"p1\" id=\"p-0\">Guvernul Giorgiei Meloni exploreaz\u0103 o revenire la energia nuclear\u0103. Totul se \u00eent\u00e2mpl\u0103 dup\u0103 aproape 40 de ani dup\u0103 ce Italia \u0219i-a \u00eenchis reactoarele, cu scopul de a reduce costurile ridicate ale energiei.<\/p>\n<p class=\"p1\" id=\"p-1\">Autorit\u0103\u021bile studiaz\u0103 tehnologiile nucleare americane, franceze, sud-coreene \u0219i canadiene, inclusiv reactoarele modulare mici (SMR), <span><strong><a href=\"https:\/\/www.bloomberg.com\/news\/articles\/2026-03-15\/italy-explores-nuclear-return-after-40-years-as-energy-costs-hit?srnd=homepage-europe\">relateaz\u0103 duminic\u0103, Bloomberg.<\/a><\/strong><\/span><\/p>\n<p id=\"p-2\">Oficialii italieni au c\u0103l\u0103torit \u00een Canada pentru a explora proiecte tehnologice \u0219i au discutat cu oficiali francezi despre industria lor nuclear\u0103, au declarat surse pentru ziar.<\/p>\n<hr>\n<h2 id=\"chapter-0\">Meloni, for\u021bat\u0103 de pre\u021burile energiei. Italia, dependent\u0103 de importurile de gaze<\/h2>\n<p id=\"p-3\"><img class=\"aligncenter wp-image-23703305 size-full\" src=\"https:\/\/microscopemedia.com\/wp-content\/uploads\/2026\/03\/o-parte-din-liderii-europeni-vor-sa-revina-la-energia-nucleara-dupa-ce-si-au-daramat-reactoarele-discutii-aprinse-in-italia-si-germania.webp\" alt width=\"700\" height=\"467\" loading=\"lazy\" decoding=\"async\" srcset=\"https:\/\/microscopemedia.com\/wp-content\/uploads\/2026\/03\/o-parte-din-liderii-europeni-vor-sa-revina-la-energia-nucleara-dupa-ce-si-au-daramat-reactoarele-discutii-aprinse-in-italia-si-germania-2.webp 500w, https:\/\/microscopemedia.com\/wp-content\/uploads\/2026\/03\/o-parte-din-liderii-europeni-vor-sa-revina-la-energia-nucleara-dupa-ce-si-au-daramat-reactoarele-discutii-aprinse-in-italia-si-germania.webp 728w\"><\/p>\n<p id=\"p-4\">Pentru Meloni, campania este esen\u021bial\u0103 pentru promisiunea sa de a ajuta companiile care se confrunt\u0103 cu dificult\u0103\u021bi din cauza pre\u021burilor ridicate la energie din Italia, care sunt printre cele mai mari din Europa. Giorgia a sus\u021binut c\u0103 energia nuclear\u0103 ar putea face parte din solu\u021bia pe termen lung, corel\u00e2nd soarta sa politic\u0103, \u00een parte, cu succesul planurilor atomice.<\/p>\n<p id=\"p-5\">Italia ar trebui s\u0103 \u00ee\u0219i reia programul de energie nuclear\u0103 \u201ec\u00e2t mai cur\u00e2nd posibil\u201d, a declarat mar\u021bi ministrul italian al Energiei, Gilberto Pichetto Fratin, subliniind c\u0103 centralele trebuie s\u0103 fie sigure \u0219i \u201econvenabile din punct de vedere economic\u201d.<\/p>\n<p id=\"p-6\">Italia este puternic dependent\u0103 de gazele naturale importate, ceea ce o face mai expus\u0103 dec\u00e2t multe \u021b\u0103ri europene la pre\u021burile interna\u021bionale volatile.<\/p>\n<hr>\n<h2 id=\"chapter-1\">Discu\u021bii \u00een UE: Polonia ar fi de acord<\/h2>\n<p id=\"p-7\">Cert este c\u0103 discu\u021bia este mai ampl\u0103. Alte \u021b\u0103ri, precum Polonia, vor \u0219i ele s\u0103 creeze o nou\u0103 industrie nuclear\u0103, iar UE relaxeaz\u0103 restric\u021biile privind finan\u021barea nuclear\u0103 \u0219i ofer\u0103 milioane de dolari pentru a sprijini investi\u021biile private.<\/p>\n<hr>\n<h2 id=\"chapter-2\">Germania: Liderul CSU vrea s\u0103 ridice centrale, Merz nici nu vrea s\u0103 aud\u0103<\/h2>\n<div id=\"attachment_23703302\" class=\"wp-caption aligncenter\" readability=\"33\"><img aria-describedby=\"caption-attachment-23703302\" class=\"wp-image-23703302 size-full\" src=\"https:\/\/microscopemedia.com\/wp-content\/uploads\/2026\/03\/o-parte-din-liderii-europeni-vor-sa-revina-la-energia-nucleara-dupa-ce-si-au-daramat-reactoarele-discutii-aprinse-in-italia-si-germania-1.webp\" alt width=\"700\" height=\"394\" loading=\"lazy\" decoding=\"async\" srcset=\"https:\/\/microscopemedia.com\/wp-content\/uploads\/2026\/03\/o-parte-din-liderii-europeni-vor-sa-revina-la-energia-nucleara-dupa-ce-si-au-daramat-reactoarele-discutii-aprinse-in-italia-si-germania-3.webp 500w, https:\/\/microscopemedia.com\/wp-content\/uploads\/2026\/03\/o-parte-din-liderii-europeni-vor-sa-revina-la-energia-nucleara-dupa-ce-si-au-daramat-reactoarele-discutii-aprinse-in-italia-si-germania-1.webp 728w\"><\/p>\n<p id=\"caption-attachment-23703302\" class=\"wp-caption-text\">Prim-ministrul Bavariei \u0219i liderul CSU, Marcus S\u00f6der<\/p>\n<\/div>\n<p id=\"p-8\">\u00cen Germania situa\u021bia este mai complicat\u0103. Principalul partid de opozi\u021bie, AFD, a sus\u021binut mereu c\u0103 Berlinul a f\u0103cut o gre\u0219eal\u0103 c\u0103 a renun\u021bat la energie nuclear\u0103. Acum, chiar&nbsp;Marcus S\u00f6der, premierul Bavariei, vrea s\u0103 construiasc\u0103 noi reactoare nucleare \u00een \u021bar\u0103.<\/p>\n<p class=\"p1\" id=\"p-9\">Prim-ministrul Bavariei \u0219i liderul CSU, <span><strong><a href=\"https:\/\/www.welt.de\/politik\/deutschland\/article69b5fbb017184da7cffd9ec6\/mini-atomkraftwerk-markus-soeder-wirbt-fuer-pilotprojekt-in-bayern.html\">Marcus S\u00f6der<\/a><\/strong><\/span>, a pledat pentru revenirea la energia nuclear\u0103 \u00een Germania \u00eentr-un nou format \u0219i a propus implementarea unui proiect pilot \u00een Bavaria, folosind reactoare modulare mici.<\/p>\n<p class=\"p1\" id=\"p-10\">\u00cen opinia lui, nu e vorba de a reabilita vechile centrale nucleare, ci de a dezvolta \u201eo nou\u0103 genera\u021bie de energie nuclear\u0103\u201d, inclusiv reactoare compacte \u0219i tehnologii de fuziune nuclear\u0103.<\/p>\n<p class=\"p1\" id=\"p-11\">S\u00f6der a declarat c\u0103 refuzul Germaniei de a folosi energia nuclear\u0103 \u00een timpul crizei energetice a fost o gre\u0219eal\u0103 \u0219i c\u0103 \u021bara are nevoie de surse de generare de baz\u0103 f\u0103r\u0103 emisii de CO\u2082.<\/p>\n<p class=\"p1\" id=\"p-12\">El a sugerat, de asemenea, s\u0103 se ia \u00een considerare reciclarea de\u0219eurilor nucleare folosind tehnologii de transmutare, pentru a le utiliza ca combustibil. \u00cen acest scop, dup\u0103 p\u0103rerea lui, autorit\u0103\u021bile federale ar trebui s\u0103 modifice legisla\u021bia.<\/p>\n<p class=\"p1\" id=\"p-13\">Pe de alt\u0103 parte, cancelarul german Friedrich Merz nici nu crea s\u0103 aud\u0103 de asta \u0219i spune c\u0103 o revenire la centralele nucleare anterioare nu este luat\u0103 \u00een considerare.<\/p>\n<p id=\"p-14\">Pre\u0219edinta Comisiei Europene, Ursula von der Leyen, a declarat c\u0103 este \u00een favoarea unei propuneri de construire a unor noi centrale nucleare \u00een UE. Cancelarul german Friedrich Merz spune c\u0103 este imposibil.<\/p>\n<p id=\"p-15\"><span><strong><a href=\"https:\/\/www.mediafax.ro\/economic\/ursula-von-der-leyen-decizia-de-a-renunta-la-energia-nucleara-a-fost-o-greseala-strategica-23700290\">Decizia de a reduce ponderea energiei nucleare \u00een mixul de produc\u021bie a energiei electrice \u00een Uniunea European\u0103 a fost o gre\u0219eal\u0103 strategic\u0103<\/a><\/strong><\/span>, av\u00e2nd \u00een vedere c\u0103 blocul nu este nici produc\u0103tor de petrol, nici de gaze, a afirmat \u00een aceast\u0103 s\u0103pt\u0103m\u00e2n\u0103 Ursula von der Leyen, pre\u0219edinta Comisiei Europene.<\/p>\n<p id=\"p-16\"><span dir=\"auto\">Din 1961 p\u00e2n\u0103 \u00een prezent, un total de 37 de reactoare din Germania au furnizat p\u00e2n\u0103 la 30% din energia electric\u0103 statului. <\/span><\/p>\n<p id=\"p-17\"><span dir=\"auto\">\u021aara a \u00eenceput eliminarea treptat\u0103 a energiei nucleare acum 15 ani, \u00een urma dezastrului de la <\/span><strong><span><a class=\"internal-link\" href=\"https:\/\/www.dw.com\/en\/fukushima\/t-17452953\"><span dir=\"auto\">Fukushima<\/span><\/a><\/span><\/strong><span dir=\"auto\"><strong><span>&nbsp;,<\/span><\/strong> Japonia, din 11 martie 2011. <\/span><\/p>\n<p id=\"p-18\"><span dir=\"auto\">Ultima central\u0103 nuclear\u0103 german\u0103 a fost scoas\u0103 din func\u021biune \u00een 2023. Spania \u0219i Austria au anun\u021bat, de asemenea, c\u0103 au \u00eenchis definitiv energia nuclear\u0103.<\/span><\/p>\n<p id=\"p-19\"><span dir=\"auto\">De c\u00e2nd \u0219i-a oprit ultimul reactor nuclear, \u00een Germania a existat o dezbatere recurent\u0103 revenirea la energia nuclear\u0103, av\u00e2nd \u00een vedere fluctua\u021biile produc\u021biei de surse regenerabile, cum ar fi energia solar\u0103 \u0219i eolian\u0103. <\/span><\/p>\n<p id=\"p-20\"><span dir=\"auto\">Deficitul de importuri de petrol \u0219i gaze \u00een timpul crizelor interna\u021bionale, cum ar fi r\u0103zboiul din Ucraina sau r\u0103zboiul americano-israelian \u00eempotriva Iranului \u0219i escalad\u0103rile ulterioare \u00een Orientul Mijlociu a accentuat dezbaterile.<\/span><\/p>\n","protected":false},"excerpt":{"rendered":"<p>Guvernul Giorgiei Meloni exploreaz\u0103 o revenire la energia nuclear\u0103. Totul se \u00eent\u00e2mpl\u0103 dup\u0103 aproape 40 de ani dup\u0103 ce Italia \u0219i-a \u00eenchis reactoarele, cu scopul de a reduce costurile ridicate &hellip; <a href=\"https:\/\/microscopemedia.com\/?p=681964\" class=\"more-link\">Read More<\/a><\/p>\n","protected":false},"author":1,"featured_media":681965,"comment_status":"closed","ping_status":"closed","sticky":false,"template":"Default","format":"standard","meta":[],"categories":[1],"tags":[],"_links":{"self":[{"href":"https:\/\/microscopemedia.com\/index.php?rest_route=\/wp\/v2\/posts\/681964"}],"collection":[{"href":"https:\/\/microscopemedia.com\/index.php?rest_route=\/wp\/v2\/posts"}],"about":[{"href":"https:\/\/microscopemedia.com\/index.php?rest_route=\/wp\/v2\/types\/post"}],"author":[{"embeddable":true,"href":"https:\/\/microscopemedia.com\/index.php?rest_route=\/wp\/v2\/users\/1"}],"replies":[{"embeddable":true,"href":"https:\/\/microscopemedia.com\/index.php?rest_route=%2Fwp%2Fv2%2Fcomments&post=681964"}],"version-history":[{"count":0,"href":"https:\/\/microscopemedia.com\/index.php?rest_route=\/wp\/v2\/posts\/681964\/revisions"}],"wp:featuredmedia":[{"embeddable":true,"href":"https:\/\/microscopemedia.com\/index.php?rest_route=\/wp\/v2\/media\/681965"}],"wp:attachment":[{"href":"https:\/\/microscopemedia.com\/index.php?rest_route=%2Fwp%2Fv2%2Fmedia&parent=681964"}],"wp:term":[{"taxonomy":"category","embeddable":true,"href":"https:\/\/microscopemedia.com\/index.php?rest_route=%2Fwp%2Fv2%2Fcategories&post=681964"},{"taxonomy":"post_tag","embeddable":true,"href":"https:\/\/microscopemedia.com\/index.php?rest_route=%2Fwp%2Fv2%2Ftags&post=681964"}],"curies":[{"name":"wp","href":"https:\/\/api.w.org\/{rel}","templated":true}]}}