{"id":681980,"date":"2026-03-15T13:37:03","date_gmt":"2026-03-15T13:37:03","guid":{"rendered":"https:\/\/microscopemedia.com\/?p=681980"},"modified":"2026-03-15T13:37:03","modified_gmt":"2026-03-15T13:37:03","slug":"armata-israelului-a-deschis-focul-asupra-unei-masini-in-care-se-afla-o-familie-de-palestinieni-parintii-dar-si-doi-dintre-copii-au-fost-ucisi","status":"publish","type":"post","link":"https:\/\/microscopemedia.com\/?p=681980","title":{"rendered":"Armata Israelului a deschis focul asupra unei ma\u0219ini \u00een care se afla o familie de palestinieni. P\u0103rin\u021bii, dar \u0219i doi dintre copii au fost uci\u0219i"},"content":{"rendered":"<div><img decoding=\"async\" src=\"https:\/\/microscopemedia.com\/wp-content\/uploads\/2026\/03\/armata-israelului-a-deschis-focul-asupra-unei-masini-in-care-se-afla-o-familie-de-palestinieni-parintii-dar-si-doi-dintre-copii-au-fost-ucisi.jpg\" class=\"ff-og-image-inserted\"><\/div>\n<p id=\"p-0\">Atacul s-a petrecut s\u00e2mb\u0103t\u0103, \u00een ora\u0219ul Tammun din nordul Cisiordaniei. So\u021bii Odeh Bani, Ali Khaled, cu v\u00e2rsta de 37 de ani \u0219i so\u021bia sa, Waad Othman, cu v\u00e2rsta de 35 de ani, al\u0103turi de doi dintre copiii lor, Mohamed, cu v\u00e2rsta de 5 ani \u0219i Othman, \u00een v\u00e2rst\u0103 de 7 ani, au fost uci\u0219i \u00een urma atacului s\u0103v\u00e2r\u0219it de solda\u021bii israelinei, potrivit agen\u021biei de pres\u0103 palestiniene <a href=\"https:\/\/english.wafa.ps\/Pages\/Details\/168329\" target=\"_blank\" rel=\"noopener\">WAFA.<\/a><\/p>\n<p id=\"p-1\">Ceilal\u021bi doi copii ai familiei, cu v\u00e2rste de 8 \u0219i 11 ani s-au ales cu r\u0103ni minore la cap \u0219i la fa\u021b\u0103, cauzate de schije.<\/p>\n<p id=\"p-2\">Potrivit surselor locale, for\u021bele speciale israeliene s-au infiltrat \u00een ora\u0219, urmate de for\u021be militare. Societatea palestinian\u0103 a Semilunii Ro\u0219ii a precizat c\u0103 dup\u0103 atac, solda\u021bii israelieni au \u00eempiedicat echipajul s\u0103 ajung\u0103 la persoanele din vehicul, permi\u021b\u00e2nd accesul \u00een interiorul vehiculului abia mai t\u00e2rziu, c\u00e2nd au recuperat cadavrele celor patru membri ai familiei, dar \u0219i a celorlal\u021bi doi copii r\u0103ni\u021bi.<\/p>\n<p id=\"p-3\">\u00centr-un comunicat comun publicat de armata \u0219i poli\u021bia Israelului, for\u021bele israeliene sus\u021bin c\u0103 ma\u0219ina a accelerat spre solda\u021bi, iar ace\u0219tia au deschis focul. For\u021bele israeliene spun c\u0103 investigau suspec\u021bi b\u0103nui\u021bi de \u201eactivit\u0103\u021bi teroriste\u201d, dar \u0219i c\u0103 au pornit o anchet\u0103 pentru a investiga atacul armat, potrivit <a href=\"https:\/\/apnews.com\/article\/mideast-wars-west-bank-deaths-ec9966789dbd71f85fe5776fe864ab97\" target=\"_blank\" rel=\"noopener\">Associated Press.&nbsp;&nbsp;<\/a><\/p>\n<h2 id=\"chapter-0\">Familia se \u00eendrepta spre pia\u021b\u0103 pentru a cump\u0103ra haine de s\u0103rb\u0103toare<\/h2>\n<p id=\"p-4\">Cu toate acestea, la momentul atacului, familia se \u00eendrepta cu ma\u0219ina spre ora\u0219 pentru a cump\u0103ra haine pentru s\u0103rb\u0103toarea Eid al-Fitr, care marcheaz\u0103 sf\u00e2r\u0219itul Ramadanului.<\/p>\n<p id=\"p-5\">Duminic\u0103, ministerul palestinian de Externe \u0219i Expatria\u021bi a condamnat ferm atacul asupra familiei.<\/p>\n<p id=\"p-6\">Ministrul a precizat c\u0103 \u021bintirea unei \u00eentregi familii dezv\u0103luie adev\u0103rata natur\u0103 a ocupa\u021biei israeliene, dar \u0219i a politicilor de ucidere, distrugere \u0219i str\u0103mutare, desf\u0103\u0219urate pe fondul impunit\u0103\u021bilor sistematice, potrivit comunicatului publicat de agen\u021bia de pres\u0103 palestinian\u0103 <a href=\"https:\/\/english.wafa.ps\/Pages\/Details\/168334\" target=\"_blank\" rel=\"noopener\">WAFA.&nbsp;<\/a><\/p>\n<h2 id=\"chapter-1\">Atacurile, sistematice<\/h2>\n<p id=\"p-7\">Ministerul a ad\u0103ugat c\u0103 asemenea incidente, \u00eenso\u021bite de escaladarea atacurilor s\u0103v\u00e2r\u0219ite de coloni\u0219tii israelieni \u0219i violen\u021ba organizat\u0103 \u00een Cisiordania nu reprezint\u0103 cazuri izolate, ci sunt parte a unei agresiuni sistematice \u00eempotriva palestinienilor.<\/p>\n<p id=\"p-8\">Cei patru membrii ai familiei Odeh sunt cele mai recente victime ale atacurilor israeliene \u00een Cisiordania. \u00cen ultimele trei s\u0103pt\u0103m\u00e2ni, cel pu\u021bin opt palestinieni au fost \u00eempu\u0219ca\u021bi \u0219i uci\u0219i de for\u021bele de ocupa\u021bie israelian\u0103, noteaz\u0103 Associated Press.<\/p>\n","protected":false},"excerpt":{"rendered":"<p>Atacul s-a petrecut s\u00e2mb\u0103t\u0103, \u00een ora\u0219ul Tammun din nordul Cisiordaniei. So\u021bii Odeh Bani, Ali Khaled, cu v\u00e2rsta de 37 de ani \u0219i so\u021bia sa, Waad Othman, cu v\u00e2rsta de 35 &hellip; <a href=\"https:\/\/microscopemedia.com\/?p=681980\" class=\"more-link\">Read More<\/a><\/p>\n","protected":false},"author":1,"featured_media":681981,"comment_status":"closed","ping_status":"closed","sticky":false,"template":"Default","format":"standard","meta":[],"categories":[1],"tags":[],"_links":{"self":[{"href":"https:\/\/microscopemedia.com\/index.php?rest_route=\/wp\/v2\/posts\/681980"}],"collection":[{"href":"https:\/\/microscopemedia.com\/index.php?rest_route=\/wp\/v2\/posts"}],"about":[{"href":"https:\/\/microscopemedia.com\/index.php?rest_route=\/wp\/v2\/types\/post"}],"author":[{"embeddable":true,"href":"https:\/\/microscopemedia.com\/index.php?rest_route=\/wp\/v2\/users\/1"}],"replies":[{"embeddable":true,"href":"https:\/\/microscopemedia.com\/index.php?rest_route=%2Fwp%2Fv2%2Fcomments&post=681980"}],"version-history":[{"count":0,"href":"https:\/\/microscopemedia.com\/index.php?rest_route=\/wp\/v2\/posts\/681980\/revisions"}],"wp:featuredmedia":[{"embeddable":true,"href":"https:\/\/microscopemedia.com\/index.php?rest_route=\/wp\/v2\/media\/681981"}],"wp:attachment":[{"href":"https:\/\/microscopemedia.com\/index.php?rest_route=%2Fwp%2Fv2%2Fmedia&parent=681980"}],"wp:term":[{"taxonomy":"category","embeddable":true,"href":"https:\/\/microscopemedia.com\/index.php?rest_route=%2Fwp%2Fv2%2Fcategories&post=681980"},{"taxonomy":"post_tag","embeddable":true,"href":"https:\/\/microscopemedia.com\/index.php?rest_route=%2Fwp%2Fv2%2Ftags&post=681980"}],"curies":[{"name":"wp","href":"https:\/\/api.w.org\/{rel}","templated":true}]}}