{"id":681982,"date":"2026-03-15T13:56:04","date_gmt":"2026-03-15T13:56:04","guid":{"rendered":"https:\/\/microscopemedia.com\/?p=681982"},"modified":"2026-03-15T13:56:04","modified_gmt":"2026-03-15T13:56:04","slug":"meciul-finalissima-dintre-spania-si-argentina-din-qatar-anulat-din-cauza-conflictului-din-orientul-mijlociu","status":"publish","type":"post","link":"https:\/\/microscopemedia.com\/?p=681982","title":{"rendered":"Meciul Finalissima dintre Spania \u0219i Argentina din Qatar, anulat din cauza conflictului din Orientul Mijlociu"},"content":{"rendered":"<div><img decoding=\"async\" src=\"https:\/\/microscopemedia.com\/wp-content\/uploads\/2026\/03\/meciul-finalissima-dintre-spania-si-argentina-din-qatar-anulat-din-cauza-conflictului-din-orientul-mijlociu.jpg\" class=\"ff-og-image-inserted\"><\/div>\n<p id=\"p-0\"><span>Anun\u021bul a fost f\u0103cut de UEFA, iar decizia a fost luat\u0103 dup\u0103 consult\u0103ri cu autorit\u0103\u021bile sportive din Qatar. \u201eEste o surs\u0103 de mare dezam\u0103gire pentru UEFA \u0219i organizatori faptul c\u0103 circumstan\u021bele au privat echipele de \u0219ansa de a concura pentru acest premiu prestigios \u00een Qatar\u201d, se arat\u0103 \u00een comunicatul emis de UEFA, citat de Reuters.&nbsp;<\/span><\/p>\n<p id=\"p-1\"><span>Meciul care reune\u0219te echipa na\u021bional\u0103 a Spaniei, c\u00e2\u0219tig\u0103toarea Campionatului European din 2024 \u0219i Argentina, c\u00e2\u0219tig\u0103toarea Copa America 2024 \u0219i campioana mondial\u0103 en titre, urma s\u0103 fie disputat pe stadionul Lusail din Doha, pe 27 martie.&nbsp;<\/span><\/p>\n<p id=\"p-2\"><span>Pentru reprogramarea partidei, UEFA a propus mai multe variante. \u201ePrima op\u021biune a fost organizarea meciului pe stadionul Santiago Bernabeu din Madrid la data ini\u021bial\u0103, cu o \u00eemp\u0103r\u021bire a suporterilor \u00een propor\u021bie de 50:50. A doua a fost organizarea Finalissima \u00een dou\u0103 man\u0219e \u2013 una pe Santiago Bernabeu pe 27 martie \u0219i cealalt\u0103 la Buenos Aires, \u00eentr-o fereastr\u0103 interna\u021bional\u0103 \u00eenainte de EURO \u0219i Copa America 2028, oferind din nou o \u00eemp\u0103r\u021bire a suporterilor de 50:50 pentru meciul de la Madrid.\u201d, se arat\u0103 \u00een comunicatul emis de forul european. Cu toate acesta,&nbsp; Asocia\u021bia Argentinian\u0103 de Fotbal a respins ambele op\u021biuni.&nbsp;<\/span><\/p>\n<p id=\"p-3\"><span>Federa\u021bia argentinian\u0103 a propus o alternativ\u0103: \u201eArgentina a f\u0103cut o contrasugestie de a juca meciul dup\u0103 Campionatul Mondial, dar, deoarece Spania nu are date disponibile, aceast\u0103 op\u021biune a trebuit exclus\u0103. \u00cen cele din urm\u0103, \u0219i contrar planului ini\u021bial convenit ca meciul s\u0103 aib\u0103 loc pe 27 martie, Argentina \u0219i-a declarat disponibilitatea de a juca exclusiv pe 31 martie, o dat\u0103 care s-a dovedit a fi impracticabil\u0103\u201d.&nbsp;<\/span><\/p>\n<p id=\"p-4\"><span>\u201ePrin urmare, \u0219i spre regretul UEFA, aceast\u0103 edi\u021bie a Finalissima a fost anulat\u0103\u201d, se arat\u0103 \u00een \u00eencheierea comunicatului.&nbsp;<\/span><\/p>\n","protected":false},"excerpt":{"rendered":"<p>Anun\u021bul a fost f\u0103cut de UEFA, iar decizia a fost luat\u0103 dup\u0103 consult\u0103ri cu autorit\u0103\u021bile sportive din Qatar. \u201eEste o surs\u0103 de mare dezam\u0103gire pentru UEFA \u0219i organizatori faptul c\u0103 &hellip; <a href=\"https:\/\/microscopemedia.com\/?p=681982\" class=\"more-link\">Read More<\/a><\/p>\n","protected":false},"author":1,"featured_media":681983,"comment_status":"closed","ping_status":"closed","sticky":false,"template":"Default","format":"standard","meta":[],"categories":[1],"tags":[],"_links":{"self":[{"href":"https:\/\/microscopemedia.com\/index.php?rest_route=\/wp\/v2\/posts\/681982"}],"collection":[{"href":"https:\/\/microscopemedia.com\/index.php?rest_route=\/wp\/v2\/posts"}],"about":[{"href":"https:\/\/microscopemedia.com\/index.php?rest_route=\/wp\/v2\/types\/post"}],"author":[{"embeddable":true,"href":"https:\/\/microscopemedia.com\/index.php?rest_route=\/wp\/v2\/users\/1"}],"replies":[{"embeddable":true,"href":"https:\/\/microscopemedia.com\/index.php?rest_route=%2Fwp%2Fv2%2Fcomments&post=681982"}],"version-history":[{"count":0,"href":"https:\/\/microscopemedia.com\/index.php?rest_route=\/wp\/v2\/posts\/681982\/revisions"}],"wp:featuredmedia":[{"embeddable":true,"href":"https:\/\/microscopemedia.com\/index.php?rest_route=\/wp\/v2\/media\/681983"}],"wp:attachment":[{"href":"https:\/\/microscopemedia.com\/index.php?rest_route=%2Fwp%2Fv2%2Fmedia&parent=681982"}],"wp:term":[{"taxonomy":"category","embeddable":true,"href":"https:\/\/microscopemedia.com\/index.php?rest_route=%2Fwp%2Fv2%2Fcategories&post=681982"},{"taxonomy":"post_tag","embeddable":true,"href":"https:\/\/microscopemedia.com\/index.php?rest_route=%2Fwp%2Fv2%2Ftags&post=681982"}],"curies":[{"name":"wp","href":"https:\/\/api.w.org\/{rel}","templated":true}]}}