{"id":681988,"date":"2026-03-15T14:36:04","date_gmt":"2026-03-15T14:36:04","guid":{"rendered":"https:\/\/microscopemedia.com\/?p=681988"},"modified":"2026-03-15T14:36:04","modified_gmt":"2026-03-15T14:36:04","slug":"trei-avioane-cisterna-ale-sua-au-ajuns-in-romania-in-contextul-razboiului-din-iran-dislocarea-temporara-in-romania-dupa-decizia-csat-si-a-parlamentului-de-la-bucuresti","status":"publish","type":"post","link":"https:\/\/microscopemedia.com\/?p=681988","title":{"rendered":"Trei avioane cistern\u0103 ale SUA au ajuns \u00een Rom\u00e2nia, \u00een contextul r\u0103zboiului din Iran. Dislocarea temporar\u0103 \u00een Rom\u00e2nia, dup\u0103 decizia CSAT \u0219i a Parlamentului de la Bucure\u0219ti"},"content":{"rendered":"<div class=\"mg-bottom-10\"><\/div>\n<p id=\"p-0\">3 avioane cistern\u0103 ale SUA au aterizat deja la Baza 90 \u0219i urmeaz\u0103 s\u0103 fie mutate la Baza Mihail Kog\u0103lniceanu. Dislocarea capabilit\u0103\u021bilor militare ale SUA pe teritoriul Rom\u00e2niei este temporar\u0103 \u0219i are loc \u00een contextul r\u0103zboiului \u00een desf\u0103\u0219urare din Iran.<\/p>\n<p id=\"p-1\">Este vorba de <span><strong><a href=\"https:\/\/www.mediafax.ro\/stirile-zilei\/centcom-anunta-ca-si-a-pierdut-aeronava-cisterna-deasupra-irakului-in-timpul-realimentarii-23702119\">a<span dir=\"auto\">vioane Boeing KC-135 Stratotanker fundamentale &nbsp;care servesc drept coloana vertebral\u0103 a capacit\u0103\u021bii SUA de realimentare \u00een aer. Unul dintre aceste avioane a fost pierdut de Armata american\u0103, \u00een urm\u0103 cu c\u00e2teva zile, deasupra Irakului.<\/span><\/a><\/strong><\/span><\/p>\n<div data-id=\"zone 1\" class=\"mg-bottom-20\"><\/div>\n<p id=\"p-2\">Parlamentul Rom\u00e2niei a aprobat zilele trecute solicitarea CSAT de dislocare temporar\u0103 a unor echipamente SUA, la cererea Pentagonului.<\/p>\n<p id=\"p-3\">\u201eEste vorba de avioane de realimentare, de echipamente de monitorizare \u0219i echipamente de comunica\u021bii satelitare, acestea din urm\u0103 \u00een corelare cu scutul de la Deveselu\u201d, a spus Nicu\u0219or Dan.<\/p>\n<div class=\" mg-bottom-20 border-y-1 border-grey-500 padding-y-10 border-solid \">\n<div data-template=\"Two Columns List\">\n<div class=\"articles sm:articles--2-c divide-x-40\">\n<div class=\"article label-live-video-update\">\n<div class=\"display-flex gap-10\">\n<div class=\"article__content flex-col flex-100 gap-5\">\n<div class=\"article__title font-16 font-bold line-height-110 clamp-4\">\n            <a class=\"font-16 font-bold line-height-110 clamp-4\" href=\"https:\/\/www.mediafax.ro\/stirile-zilei\/razboi-in-orientul-mijlociu-ziua-12-trump-in-ohio-despre-iran-ei-nu-stiu-ce-dracului-i-a-lovit-atac-masiv-asupra-israelului-cu-peste-100-de-rachete-tel-avivul-zguduie-beirutu-23700716\">R\u0103zboi \u00een Orientul Mijlociu, ziua 12. Trump, \u00een Ohio, despre Iran: \u201eEi nu \u0219tiu ce dracului i-a lovit. Trebuie s\u0103 termin\u0103m treaba\u201d\/  Atac masiv asupra Israelului cu peste 100 de rachete\/ Tel Avivul zguduie Beirutul\/ Portul Salalah al Omanului este \u00een pragul exploziei<\/a>\n        <\/div>\n<\/p><\/div>\n<div class=\"article__media width-150\">\n                            <a href=\"https:\/\/www.mediafax.ro\/stirile-zilei\/razboi-in-orientul-mijlociu-ziua-12-trump-in-ohio-despre-iran-ei-nu-stiu-ce-dracului-i-a-lovit-atac-masiv-asupra-israelului-cu-peste-100-de-rachete-tel-avivul-zguduie-beirutu-23700716\"><\/p>\n<figure>\n<picture><source type=\"image\/webp\" media=\"(max-width:768px)\" srcset=\"https:\/\/microscopemedia.com\/wp-content\/uploads\/2026\/03\/trei-avioane-cisterna-ale-sua-au-ajuns-in-romania-in-contextul-razboiului-din-iran-dislocarea-temporara-in-romania-dupa-decizia-csat-si-a-parlamentului-de-la-bucuresti.webp\"><source type=\"image\/jpeg\" media=\"(max-width:768px)\" srcset=\"https:\/\/media.mediafax.ro\/fYHnWrJwAXwHpEUOwNMNfT_ESD0=\/150x84\/smart\/filters:contrast(5):format(jpeg):quality(80)\/https:\/\/www.mediafax.ro\/\/wp-content\/uploads\/2026\/03\/captura-de-ecran-din-2026-03-11-la-22-14-45-1024x682.png\"><source type=\"image\/webp\" media=\"(max-width:970px)\" srcset=\"https:\/\/microscopemedia.com\/wp-content\/uploads\/2026\/03\/trei-avioane-cisterna-ale-sua-au-ajuns-in-romania-in-contextul-razboiului-din-iran-dislocarea-temporara-in-romania-dupa-decizia-csat-si-a-parlamentului-de-la-bucuresti.webp\"><source type=\"image\/jpeg\" media=\"(max-width:970px)\" srcset=\"https:\/\/media.mediafax.ro\/fYHnWrJwAXwHpEUOwNMNfT_ESD0=\/150x84\/smart\/filters:contrast(5):format(jpeg):quality(80)\/https:\/\/www.mediafax.ro\/\/wp-content\/uploads\/2026\/03\/captura-de-ecran-din-2026-03-11-la-22-14-45-1024x682.png\"><source type=\"image\/webp\" media=\"(min-width:971px)\" srcset=\"https:\/\/microscopemedia.com\/wp-content\/uploads\/2026\/03\/trei-avioane-cisterna-ale-sua-au-ajuns-in-romania-in-contextul-razboiului-din-iran-dislocarea-temporara-in-romania-dupa-decizia-csat-si-a-parlamentului-de-la-bucuresti.webp\"><source type=\"image\/jpeg\" media=\"(min-width:971px)\" srcset=\"https:\/\/media.mediafax.ro\/fYHnWrJwAXwHpEUOwNMNfT_ESD0=\/150x84\/smart\/filters:contrast(5):format(jpeg):quality(80)\/https:\/\/www.mediafax.ro\/\/wp-content\/uploads\/2026\/03\/captura-de-ecran-din-2026-03-11-la-22-14-45-1024x682.png\"><img decoding=\"async\" fetchpriority=\"auto\" loading=\"lazy\" width=\"150\" height=\"84\" src=\"https:\/\/microscopemedia.com\/wp-content\/uploads\/2026\/03\/trei-avioane-cisterna-ale-sua-au-ajuns-in-romania-in-contextul-razboiului-din-iran-dislocarea-temporara-in-romania-dupa-decizia-csat-si-a-parlamentului-de-la-bucuresti.webp\" alt=\"R\u0103zboi \u00een Orientul Mijlociu, ziua 12. Trump, \u00een Ohio, despre Iran: \u201eEi nu \u0219tiu ce dracului i-a lovit. Trebuie s\u0103 termin\u0103m treaba\u201d\/  Atac masiv asupra Israelului cu peste 100 de rachete\/ Tel Avivul zguduie Beirutul\/ Portul Salalah al Omanului este \u00een pragul exploziei\">\n<\/picture>\n<div class=\"icon icon--video\"><svg width=\"16\" height=\"16\" viewBox=\"-0.5 0 8 8\"><path fill-rule=\"evenodd\" d=\"M0 0v8l7-4z\" \/><\/svg><\/div>\n<\/figure>\n<p>                            <\/a>\n                        <\/div>\n<\/p><\/div>\n<\/p><\/div>\n<div class=\"article label-interviu-exclusiv\">\n<div class=\"display-flex gap-10\">\n<div class=\"article__content flex-col flex-100 gap-5\">\n<div class=\"article__title font-16 font-bold line-height-110 clamp-4\">\n            <a class=\"font-16 font-bold line-height-110 clamp-4\" href=\"https:\/\/www.mediafax.ro\/politic\/victor-negrescu-despre-decizia-csat-si-dislocarea-de-echipamente-defensive-in-romania-anticipam-solicitarea-venita-dinspre-statele-unite-mi-se-pare-absolut-normal-sprijinul-pentru-fermi-23701224\">Victor Negrescu despre decizia CSAT \u0219i dislocarea de echipamente defensive \u00een Rom\u00e2nia: \u201eAnticipam solicitarea venit\u0103 dinspre Statele Unite. Mi se pare absolut normal\u201d \/ Sprijinul pentru fermieri \u0219i viitorul buget european, printre priorit\u0103\u021bi<\/a>\n        <\/div>\n<\/p><\/div>\n<div class=\"article__media width-150\">\n                            <a href=\"https:\/\/www.mediafax.ro\/politic\/victor-negrescu-despre-decizia-csat-si-dislocarea-de-echipamente-defensive-in-romania-anticipam-solicitarea-venita-dinspre-statele-unite-mi-se-pare-absolut-normal-sprijinul-pentru-fermi-23701224\"><\/p>\n<figure>\n<picture><source type=\"image\/webp\" media=\"(max-width:768px)\" srcset=\"https:\/\/microscopemedia.com\/wp-content\/uploads\/2026\/03\/trei-avioane-cisterna-ale-sua-au-ajuns-in-romania-in-contextul-razboiului-din-iran-dislocarea-temporara-in-romania-dupa-decizia-csat-si-a-parlamentului-de-la-bucuresti-1.webp\"><source type=\"image\/jpeg\" media=\"(max-width:768px)\" srcset=\"https:\/\/media.mediafax.ro\/3phT1wPqSXqKserFIno4xKXT_ss=\/150x84\/smart\/filters:contrast(5):format(jpeg):quality(80)\/https:\/\/www.mediafax.ro\/\/wp-content\/uploads\/2026\/03\/7523471-mediafax_foto-andreea_alexandru-1024x684.jpg\"><source type=\"image\/webp\" media=\"(max-width:970px)\" srcset=\"https:\/\/microscopemedia.com\/wp-content\/uploads\/2026\/03\/trei-avioane-cisterna-ale-sua-au-ajuns-in-romania-in-contextul-razboiului-din-iran-dislocarea-temporara-in-romania-dupa-decizia-csat-si-a-parlamentului-de-la-bucuresti-1.webp\"><source type=\"image\/jpeg\" media=\"(max-width:970px)\" srcset=\"https:\/\/media.mediafax.ro\/3phT1wPqSXqKserFIno4xKXT_ss=\/150x84\/smart\/filters:contrast(5):format(jpeg):quality(80)\/https:\/\/www.mediafax.ro\/\/wp-content\/uploads\/2026\/03\/7523471-mediafax_foto-andreea_alexandru-1024x684.jpg\"><source type=\"image\/webp\" media=\"(min-width:971px)\" srcset=\"https:\/\/microscopemedia.com\/wp-content\/uploads\/2026\/03\/trei-avioane-cisterna-ale-sua-au-ajuns-in-romania-in-contextul-razboiului-din-iran-dislocarea-temporara-in-romania-dupa-decizia-csat-si-a-parlamentului-de-la-bucuresti-1.webp\"><source type=\"image\/jpeg\" media=\"(min-width:971px)\" srcset=\"https:\/\/media.mediafax.ro\/3phT1wPqSXqKserFIno4xKXT_ss=\/150x84\/smart\/filters:contrast(5):format(jpeg):quality(80)\/https:\/\/www.mediafax.ro\/\/wp-content\/uploads\/2026\/03\/7523471-mediafax_foto-andreea_alexandru-1024x684.jpg\"><img decoding=\"async\" fetchpriority=\"auto\" loading=\"lazy\" width=\"150\" height=\"84\" src=\"https:\/\/microscopemedia.com\/wp-content\/uploads\/2026\/03\/trei-avioane-cisterna-ale-sua-au-ajuns-in-romania-in-contextul-razboiului-din-iran-dislocarea-temporara-in-romania-dupa-decizia-csat-si-a-parlamentului-de-la-bucuresti-1.webp\" alt=\"Victor Negrescu despre decizia CSAT \u0219i dislocarea de echipamente defensive \u00een Rom\u00e2nia: \u201eAnticipam solicitarea venit\u0103 dinspre Statele Unite. Mi se pare absolut normal\u201d \/ Sprijinul pentru fermieri \u0219i viitorul buget european, printre priorit\u0103\u021bi\">\n<\/picture>\n<\/figure>\n<p>                            <\/a>\n                        <\/div>\n<\/p><\/div>\n<\/p><\/div>\n<\/p><\/div>\n<\/p><\/div>\n<\/div>\n<p id=\"p-4\">De asemenea, Bloomberg \u0219i media americane au dezv\u0103luit c\u0103 \u00een Rom\u00e2nia vor ajunge \u0219i \u00een jur de 500 de militari americani.<\/p>\n<div data-id=\"zone 2\" class=\"mg-bottom-20\">\n<div class=\"strawberry-ads-manager-container strawberry-ads\" data-banner=\"Mediafax_ro-intext_1\">\n<\/div>\n<\/div>\n<hr>\n<p id=\"p-5\"><em>\u0218tire \u00een curs de actualizare<\/em><\/p>\n","protected":false},"excerpt":{"rendered":"<p>3 avioane cistern\u0103 ale SUA au aterizat deja la Baza 90 \u0219i urmeaz\u0103 s\u0103 fie mutate la Baza Mihail Kog\u0103lniceanu. Dislocarea capabilit\u0103\u021bilor militare ale SUA pe teritoriul Rom\u00e2niei este temporar\u0103 &hellip; <a href=\"https:\/\/microscopemedia.com\/?p=681988\" class=\"more-link\">Read More<\/a><\/p>\n","protected":false},"author":1,"featured_media":681989,"comment_status":"closed","ping_status":"closed","sticky":false,"template":"Default","format":"standard","meta":[],"categories":[1],"tags":[],"_links":{"self":[{"href":"https:\/\/microscopemedia.com\/index.php?rest_route=\/wp\/v2\/posts\/681988"}],"collection":[{"href":"https:\/\/microscopemedia.com\/index.php?rest_route=\/wp\/v2\/posts"}],"about":[{"href":"https:\/\/microscopemedia.com\/index.php?rest_route=\/wp\/v2\/types\/post"}],"author":[{"embeddable":true,"href":"https:\/\/microscopemedia.com\/index.php?rest_route=\/wp\/v2\/users\/1"}],"replies":[{"embeddable":true,"href":"https:\/\/microscopemedia.com\/index.php?rest_route=%2Fwp%2Fv2%2Fcomments&post=681988"}],"version-history":[{"count":0,"href":"https:\/\/microscopemedia.com\/index.php?rest_route=\/wp\/v2\/posts\/681988\/revisions"}],"wp:featuredmedia":[{"embeddable":true,"href":"https:\/\/microscopemedia.com\/index.php?rest_route=\/wp\/v2\/media\/681989"}],"wp:attachment":[{"href":"https:\/\/microscopemedia.com\/index.php?rest_route=%2Fwp%2Fv2%2Fmedia&parent=681988"}],"wp:term":[{"taxonomy":"category","embeddable":true,"href":"https:\/\/microscopemedia.com\/index.php?rest_route=%2Fwp%2Fv2%2Fcategories&post=681988"},{"taxonomy":"post_tag","embeddable":true,"href":"https:\/\/microscopemedia.com\/index.php?rest_route=%2Fwp%2Fv2%2Ftags&post=681988"}],"curies":[{"name":"wp","href":"https:\/\/api.w.org\/{rel}","templated":true}]}}