{"id":681998,"date":"2026-03-15T15:36:03","date_gmt":"2026-03-15T15:36:03","guid":{"rendered":"https:\/\/microscopemedia.com\/?p=681998"},"modified":"2026-03-15T15:36:03","modified_gmt":"2026-03-15T15:36:03","slug":"bilantul-mortilor-din-liban-creste-la-850-la-polul-opus-hezbollah-a-revendicat-o-serie-de-atacuri-in-israel","status":"publish","type":"post","link":"https:\/\/microscopemedia.com\/?p=681998","title":{"rendered":"Bilan\u021bul mor\u021bilor din Liban cre\u0219te la 850. La polul opus, Hezbollah a revendicat o serie de atacuri \u00een Israel"},"content":{"rendered":"<div><img decoding=\"async\" src=\"https:\/\/microscopemedia.com\/wp-content\/uploads\/2026\/03\/bilantul-mortilor-din-liban-creste-la-850-la-polul-opus-hezbollah-a-revendicat-o-serie-de-atacuri-in-israel.jpg\" class=\"ff-og-image-inserted\"><\/div>\n<p id=\"p-0\">Potrivit inform\u0103rii publicate, duminic\u0103, de Ministerul S\u0103n\u0103t\u0103\u021bii din Liban, din 2 martie \u0219i p\u00e2n\u0103 \u00een prezent au murit, \u00een atacurile Israelului din Liban au murit&nbsp; 66 de femei, 107 copii, dar \u0219i 32 de lucr\u0103tori din S\u0103n\u0103tate. Pe l\u00e2ng\u0103 cei mor\u021bi, alte peste 2.105 persoane au fost r\u0103nite, noteaz\u0103 <a href=\"https:\/\/www.france24.com\/en\/middle-east\/20260315-middle-east-war-live-iran-s-revolutionary-guards-vow-to-pursue-and-kill-netanyahu?arena_mid=wZ62NZDyfOOudr84IEnq\" target=\"_blank\" rel=\"noopener\">France24.<\/a><\/p>\n<p id=\"p-1\">Mai mult de 850.000 de persoane au fost str\u0103mutate, \u00een timp ce Israelul a lansat valuri de atacuri \u0219i a trimis trupe suplimentare \u00een sudul Libanului.<\/p>\n<p id=\"p-2\">La polul opus, Israelul s-a confruntat cu o serie de atacuri, duminic\u0103. Unul dintre acestea a vizat un bloc de locuin\u021be din centrul ora\u0219ului ultra-Ortodox, Bnei Brak, situat la est de Tel Aviv. Potrivit serviciului de salvare, Magen David Adom, \u00een urma atacului, un civil a fost r\u0103nit, de un ciob de sticl\u0103, proiectat \u00een urma exploziei.<\/p>\n<h2 id=\"chapter-0\">Hezbollah a revendicat o serie de atacuri<\/h2>\n<p id=\"p-3\">De asemenea, \u00een ora\u0219ul \u00eenvecinat, Ramat Gan, un alt b\u0103rbat a fost \u00eengrijit de paramedici. Acesta a fost r\u0103nit tot de o explozie. Aceste atacuri vin dup\u0103 ce, anterior, 23 de loca\u021bii din zona Tel Avivului au fost lovite, \u00een urma atacurilor dou\u0103 persoane au fost r\u0103nite, noteaz\u0103 <a href=\"https:\/\/www.france24.com\/en\/middle-east\/20260315-middle-east-war-live-iran-s-revolutionary-guards-vow-to-pursue-and-kill-netanyahu?arena_mid=U3OOAeOMsNOYz7dVkrxr\" target=\"_blank\" rel=\"noopener\">France24.&nbsp;<\/a><\/p>\n<p id=\"p-4\">Gruparea militant\u0103 Hezbollah, sus\u021binut\u0103 de Iran, a revendicat atacul asupra unei baze aeriene din sudul Tel Avivului.<\/p>\n<p id=\"p-5\">\u00centr-un comunicat, gruparea Hezbollah a declarat c\u0103 a \u021bintit baza aerien\u0103 Palmachim, aflat\u0103 la 140 de kilometri distan\u021b\u0103 de frontiera dintre Liban \u0219i Israel. Atacul a fost lansat cu \u201eo rachet\u0103 avansat\u0103\u201d. De asemenea, Hezbollah sus\u021bine c\u0103 a atacat mai multe zone din nordul Israelului, iar atacuri au lansate \u0219i asupra trupelor Israeliene sta\u021bionate aproape de grani\u021ba cu Libanul.<\/p>\n","protected":false},"excerpt":{"rendered":"<p>Potrivit inform\u0103rii publicate, duminic\u0103, de Ministerul S\u0103n\u0103t\u0103\u021bii din Liban, din 2 martie \u0219i p\u00e2n\u0103 \u00een prezent au murit, \u00een atacurile Israelului din Liban au murit&nbsp; 66 de femei, 107 copii, &hellip; <a href=\"https:\/\/microscopemedia.com\/?p=681998\" class=\"more-link\">Read More<\/a><\/p>\n","protected":false},"author":1,"featured_media":681999,"comment_status":"closed","ping_status":"closed","sticky":false,"template":"Default","format":"standard","meta":[],"categories":[1],"tags":[],"_links":{"self":[{"href":"https:\/\/microscopemedia.com\/index.php?rest_route=\/wp\/v2\/posts\/681998"}],"collection":[{"href":"https:\/\/microscopemedia.com\/index.php?rest_route=\/wp\/v2\/posts"}],"about":[{"href":"https:\/\/microscopemedia.com\/index.php?rest_route=\/wp\/v2\/types\/post"}],"author":[{"embeddable":true,"href":"https:\/\/microscopemedia.com\/index.php?rest_route=\/wp\/v2\/users\/1"}],"replies":[{"embeddable":true,"href":"https:\/\/microscopemedia.com\/index.php?rest_route=%2Fwp%2Fv2%2Fcomments&post=681998"}],"version-history":[{"count":0,"href":"https:\/\/microscopemedia.com\/index.php?rest_route=\/wp\/v2\/posts\/681998\/revisions"}],"wp:featuredmedia":[{"embeddable":true,"href":"https:\/\/microscopemedia.com\/index.php?rest_route=\/wp\/v2\/media\/681999"}],"wp:attachment":[{"href":"https:\/\/microscopemedia.com\/index.php?rest_route=%2Fwp%2Fv2%2Fmedia&parent=681998"}],"wp:term":[{"taxonomy":"category","embeddable":true,"href":"https:\/\/microscopemedia.com\/index.php?rest_route=%2Fwp%2Fv2%2Fcategories&post=681998"},{"taxonomy":"post_tag","embeddable":true,"href":"https:\/\/microscopemedia.com\/index.php?rest_route=%2Fwp%2Fv2%2Ftags&post=681998"}],"curies":[{"name":"wp","href":"https:\/\/api.w.org\/{rel}","templated":true}]}}