{"id":682012,"date":"2026-03-15T16:56:03","date_gmt":"2026-03-15T16:56:03","guid":{"rendered":"https:\/\/microscopemedia.com\/?p=682012"},"modified":"2026-03-15T16:56:03","modified_gmt":"2026-03-15T16:56:03","slug":"presedintele-ungariei-tamas-sulyok-sentimentul-de-apartenenta-la-poporul-maghiar-arde-adanc-in-noi","status":"publish","type":"post","link":"https:\/\/microscopemedia.com\/?p=682012","title":{"rendered":"Pre\u0219edintele Ungariei, Tam\u00e1s Sulyok: \u201eSentimentul de apartenen\u021b\u0103 la poporul maghiar arde ad\u00e2nc \u00een noi\u201d"},"content":{"rendered":"<p id=\"p-0\"><em>\u201eSentimentul de apartenen\u021b\u0103 la poporul maghiar arde ad\u00e2nc \u00een noi, f\u0103r\u0103 ca noi \u00een\u0219ine s\u0103 ne d\u0103m seama, asemenea mun\u021bilor vulcanici, care sunt v\u00e2rfuri de piatr\u0103 rece, dar care, odat\u0103, vor erupe\u201d<\/em>, se arat\u0103 \u00een mesajul oficial transmis de pre\u0219edintele Ungariei, Tam\u00e1s Sulyok, pe Facebook, \u00een care citeaz\u0103 pe jurnalistul \u0219i scriitorul maghiar, G\u00e9za G\u00e1rdonyi.<\/p>\n<div class=\"single__inline-gallery color-white mg-bottom-20 bg-black padding-5 md:rounded-10\">\n<div class=\"md:rounded-5 display-grid xs:grid-cols-2 grid-cols-3 gap-5\">\n<div class=\"single__inline-gallery-image relative column-span-2 row-span-2\">\n                <a href=\"https:\/\/www.mediafax.ro\/poze\/presedintele-ungariei-tamas-sulyok-sentimentul-de-apartenenta-la-poporul-maghiar-arde-adanc-in-noi-23703419\"><br \/>\n                    <img decoding=\"async\" loading=\"lazy\" src=\"https:\/\/microscopemedia.com\/wp-content\/uploads\/2026\/03\/presedintele-ungariei-tamas-sulyok-sentimentul-de-apartenenta-la-poporul-maghiar-arde-adanc-in-noi.jpg\" width=\"700\" height=\"450\"><br \/>\n                <\/a>\n                            <\/div>\n<div class=\"single__inline-gallery-image relative \">\n                <a href=\"https:\/\/www.mediafax.ro\/poze\/presedintele-ungariei-tamas-sulyok-sentimentul-de-apartenenta-la-poporul-maghiar-arde-adanc-in-noi-23703419\"><br \/>\n                    <img decoding=\"async\" loading=\"lazy\" src=\"https:\/\/microscopemedia.com\/wp-content\/uploads\/2026\/03\/presedintele-ungariei-tamas-sulyok-sentimentul-de-apartenenta-la-poporul-maghiar-arde-adanc-in-noi-1.jpg\" width=\"700\" height=\"450\"><br \/>\n                <\/a>\n                            <\/div>\n<\/p><\/div>\n<\/p><\/div>\n<p id=\"p-1\">Sulyok, i-a acordat lui S\u00e1ndor Tam\u00e1s, liderul Consiliului Jude\u021bean Prahova distinc\u021bia de Ofi\u021ber al Ordinului de Merit al Ungariei, sec\u021biunea civil\u0103.<\/p>\n<p id=\"p-2\"><em>\u201e\u00cei mul\u021bumesc din suflet pentru activitatea sa de consolidare a comunit\u0103\u021bii, care serve\u0219te unit\u0103\u021bii na\u021bionale maghiare \u0219i p\u0103str\u0103rii \u0219i \u00eent\u0103ririi identit\u0103\u021bii secie\u0219ti, pentru eforturile sale de conducere depuse \u00een vederea asigur\u0103rii utiliz\u0103rii limbii materne, precum \u0219i a respect\u0103rii drepturilor minorit\u0103\u021bilor\u201d<\/em>, se arat\u0103 \u00een mesajul publicat de Sulyok.<\/p>\n<p id=\"p-3\">Anterior, pre\u0219edintele Ungariei, Tam\u00e1s Sulyok, a precizat c\u0103 data de 15 Martie este o s\u0103rb\u0103toare a libert\u0103\u021bii \u0219i a unit\u0103\u021bii poporului maghiar, numind aceast\u0103 s\u0103rb\u0103toare drept <em>\u201eun simbol \u00een sufletele noastre\u201d.&nbsp;<\/em><\/p>\n<p id=\"p-4\">Aflat \u00een vizit\u0103 \u00een Rom\u00e2nia, pre\u0219edintele maghiar a participat la evenimentul dedicat anivers\u0103rii revolu\u021biei organizat la T\u00e2rgul Secuiesc.<\/p>\n<p id=\"p-5\"><em>\u201eEste un sentiment \u00een\u0103l\u021b\u0103tor s\u0103 ne amintim, al\u0103turi de compatrio\u021bii no\u0219tri din Transilvania, de aniversarea revolu\u021biei \u0219i a luptei noastre pentru libertate, \u00een mijlocul celor care s\u0103rb\u0103toresc \u00een pia\u021ba principal\u0103 din T\u00e2rgu Secuiesc\u201d<\/em>, a fost mesajul transmis de Sulyok.<\/p>\n<p id=\"p-6\">Acesta a precizat c\u0103 Ziua Maghiarilor de Pretutindeni \u00eei \u00eenva\u021b\u0103 pe cet\u0103\u021benii maghiari s\u0103 cread\u0103 \u00een ei \u00een\u0219i\u0219i, dar \u0219i \u00een comuniunea lor na\u021bional\u0103.<\/p>\n<p id=\"p-7\"><em>\u201eAvem nevoie de o m\u00e2ndrie s\u0103n\u0103toas\u0103 \u0219i echilibrat\u0103, \u0219i avem nevoie de \u00eencrederea reciproc\u0103 care ne leag\u0103\u201d<\/em>, a mai transmis pre\u0219edintele Ungariei.<\/p>\n<p id=\"p-8\">La revolu\u021bia din 1848, maghiarii s-au ridicat \u00eempotriva imperiului Habsburgic, pentru constituirea unui mare stat maghiar, astfel ziua de 15 martie devenind Ziua Maghiarilor de Pretutindeni.<\/p>\n<p id=\"p-9\">Cu prilejul acestei zile, \u0219i oficialii rom\u00e2ni le-au transmis mesaje de apreciere maghiarilor din Rom\u00e2nia. Pre\u0219edintele <a href=\"https:\/\/www.mediafax.ro\/politic\/nicusor-dan-mesaj-de-ziua-maghiarilor-de-pretutindeni-sa-ramanem-uniti-si-sa-privim-impreuna-cu-optimism-spre-viitor-23703224\" target=\"_blank\" rel=\"noopener\">Nicu\u0219or Dan<\/a> a precizat c\u0103 \u201es\u0103rb\u0103toarea este un prilej pentru a aprecia contribu\u021bia maghiarilor din Rom\u00e2nia la dezvoltarea na\u021biunii noastre\u201d.<\/p>\n<p id=\"p-10\">Premierul <a href=\"https:\/\/www.mediafax.ro\/politic\/ilie-bolojan-de-ziua-maghiarilor-de-pretutindeni-comunitatea-maghiara-din-romania-este-o-parte-importanta-a-societatii-noastre-23703238\" target=\"_blank\" rel=\"noopener\">Ilie Bolojan<\/a> a precizat c\u0103 s\u0103rb\u0103toarea de 15 Martie \u201ene aminte\u0219te tuturor de valorile libert\u0103\u021bii, demnit\u0103\u021bii \u0219i solidarit\u0103\u021bii care au stat la baza construirii Europei moderne\u201d, afirm\u00e2nd \u0219i c\u0103 \u201eRom\u00e2nia a demonstrat c\u0103 poate fi un model regional de respect \u00eentre comunit\u0103\u021bi\u201d.<\/p>\n<p id=\"p-11\">De asemenea, Ministra Afacerilor Externe, <a href=\"https:\/\/www.mediafax.ro\/politic\/toiu-transmit-gandurile-mele-de-respect-si-apreciere-comunitatii-maghiare-din-romania-23703349\" target=\"_blank\" rel=\"noopener\">Oana \u021aoiu,<\/a> a transmis \u201eg\u00e2nduri de respect \u0219i apreciere comunit\u0103\u021bii maghiare din Rom\u00e2nia\u201d.<\/p>\n","protected":false},"excerpt":{"rendered":"<p>\u201eSentimentul de apartenen\u021b\u0103 la poporul maghiar arde ad\u00e2nc \u00een noi, f\u0103r\u0103 ca noi \u00een\u0219ine s\u0103 ne d\u0103m seama, asemenea mun\u021bilor vulcanici, care sunt v\u00e2rfuri de piatr\u0103 rece, dar care, odat\u0103, &hellip; <a href=\"https:\/\/microscopemedia.com\/?p=682012\" class=\"more-link\">Read More<\/a><\/p>\n","protected":false},"author":1,"featured_media":682013,"comment_status":"closed","ping_status":"closed","sticky":false,"template":"Default","format":"standard","meta":[],"categories":[1],"tags":[],"_links":{"self":[{"href":"https:\/\/microscopemedia.com\/index.php?rest_route=\/wp\/v2\/posts\/682012"}],"collection":[{"href":"https:\/\/microscopemedia.com\/index.php?rest_route=\/wp\/v2\/posts"}],"about":[{"href":"https:\/\/microscopemedia.com\/index.php?rest_route=\/wp\/v2\/types\/post"}],"author":[{"embeddable":true,"href":"https:\/\/microscopemedia.com\/index.php?rest_route=\/wp\/v2\/users\/1"}],"replies":[{"embeddable":true,"href":"https:\/\/microscopemedia.com\/index.php?rest_route=%2Fwp%2Fv2%2Fcomments&post=682012"}],"version-history":[{"count":0,"href":"https:\/\/microscopemedia.com\/index.php?rest_route=\/wp\/v2\/posts\/682012\/revisions"}],"wp:featuredmedia":[{"embeddable":true,"href":"https:\/\/microscopemedia.com\/index.php?rest_route=\/wp\/v2\/media\/682013"}],"wp:attachment":[{"href":"https:\/\/microscopemedia.com\/index.php?rest_route=%2Fwp%2Fv2%2Fmedia&parent=682012"}],"wp:term":[{"taxonomy":"category","embeddable":true,"href":"https:\/\/microscopemedia.com\/index.php?rest_route=%2Fwp%2Fv2%2Fcategories&post=682012"},{"taxonomy":"post_tag","embeddable":true,"href":"https:\/\/microscopemedia.com\/index.php?rest_route=%2Fwp%2Fv2%2Ftags&post=682012"}],"curies":[{"name":"wp","href":"https:\/\/api.w.org\/{rel}","templated":true}]}}