{"id":682024,"date":"2026-03-15T18:06:04","date_gmt":"2026-03-15T18:06:04","guid":{"rendered":"https:\/\/microscopemedia.com\/?p=682024"},"modified":"2026-03-15T18:06:04","modified_gmt":"2026-03-15T18:06:04","slug":"presedintele-parlamentului-iranian-il-ia-peste-picior-pe-donald-trump-ne-a-infrant-de-9-ori-in-ultimele-doua-saptamani-amuzant","status":"publish","type":"post","link":"https:\/\/microscopemedia.com\/?p=682024","title":{"rendered":"Pre\u0219edintele Parlamentului iranian \u00eel ia peste picior pe Donald Trump: \u201ene-a \u201e\u00eenfr\u00e2nt\u201d de 9 ori \u00een ultimele dou\u0103 s\u0103pt\u0103m\u00e2ni. Amuzant!\u201d"},"content":{"rendered":"<p id=\"p-0\">Pre\u0219edintele Parlamentului iranian, Mohammad-Bagher Ghalibaf, a ironizat afirma\u021biile pre\u0219edintelui Donald Trump conform c\u0103rora ar fi \u201e\u00eenvins\u201d Iranul, <span><strong><a href=\"https:\/\/www.cnn.com\/world\/live-news\/iran-war-us-israel-trump-03-15-26?post-id=cmmrrkjcs000t3d5wn6ystwpv\">relateaz\u0103 CNN.<\/a><\/strong><\/span><\/p>\n<aside class=\"pull-quote_block-quote vossi-pull-quote_block-quote inline-placeholder\" data-uri=\"cms.cnn.com\/_components\/pull-quote\/instances\/cmmrrl07x00103d5wg1blc20a@published\" data-component-name=\"pull-quote\" data-article-gutter=\"true\">\n<div class=\" pull-quote_block-quote__section vossi-pull-quote_block-quote__section\" readability=\"6.3040935672515\">\n<div readability=\"8.1052631578947\">\n<p class=\"pull-quote_block-quote__text  vossi-pull-quote_block-quote__text inline-placeholder\" data-editable=\"text\" id=\"p-1\"><span><strong><a href=\"https:\/\/x.com\/mb_ghalibaf\/status\/2033150911854379452?s=20\" target=\"_blank\" rel=\"noopener\"><span dir=\"auto\">R\u0103spunz\u00e2nd la o<\/span><\/a><\/strong><\/span><span dir=\"auto\"><span><strong>&nbsp;p<\/strong><\/span>ostare pe X despre Trump, Ghalibaf a spus c\u0103 pre\u0219edintele SUA \u201ea sus\u021binut c\u0103 ne-a \u00ab\u00eenvins\u00bb de 9 ori \u00een ultimele dou\u0103 s\u0103pt\u0103m\u00e2ni. Hilar!\u201d<\/span><\/p>\n<p data-editable=\"text\" id=\"p-2\"><img class=\"aligncenter wp-image-23703470 size-full\" src=\"https:\/\/microscopemedia.com\/wp-content\/uploads\/2026\/03\/presedintele-parlamentului-iranian-il-ia-peste-picior-pe-donald-trump-ne-a-infrant-de-9-ori-in-ultimele-doua-saptamani-amuzant.webp\" alt width=\"700\" height=\"297\" loading=\"lazy\" decoding=\"async\" srcset=\"https:\/\/microscopemedia.com\/wp-content\/uploads\/2026\/03\/presedintele-parlamentului-iranian-il-ia-peste-picior-pe-donald-trump-ne-a-infrant-de-9-ori-in-ultimele-doua-saptamani-amuzant-1.webp 500w, https:\/\/microscopemedia.com\/wp-content\/uploads\/2026\/03\/presedintele-parlamentului-iranian-il-ia-peste-picior-pe-donald-trump-ne-a-infrant-de-9-ori-in-ultimele-doua-saptamani-amuzant.webp 728w\"><\/p>\n<\/div>\n<\/div>\n<\/aside>\n<p class=\"paragraph inline-placeholder vossi-paragraph\" data-uri=\"cms.cnn.com\/_components\/paragraph\/instances\/cmmrrkwqu000y3d5wjxgb1wwo@published\" data-editable=\"text\" data-component-name=\"paragraph\" data-article-gutter=\"true\" id=\"p-3\"><span dir=\"auto\">Nu este clar la care dintre cele nou\u0103 comentarii se refer\u0103 Ghalibaf, dar Trump a&nbsp;<\/span><span><strong><a href=\"https:\/\/www.cbsnews.com\/news\/trump-iran-cbs-news-the-war-is-very-complete-strait-hormuz\/\" target=\"_blank\" rel=\"noopener\"><span dir=\"auto\">sus\u021binut c\u0103<\/span><\/a><\/strong><\/span><span dir=\"auto\"><span><strong>&nbsp;SUA<\/strong><\/span> c\u00e2\u0219tig\u0103 r\u0103zboiul cu Iranul \u00een mai multe r\u00e2nduri.<\/span><\/p>\n<p class=\"paragraph inline-placeholder vossi-paragraph\" data-uri=\"cms.cnn.com\/_components\/paragraph\/instances\/cmmrrmaww00123d5wll1fmpar@published\" data-editable=\"text\" data-component-name=\"paragraph\" data-article-gutter=\"true\" id=\"p-4\"><span dir=\"auto\">Ieri, Trump&nbsp;<\/span><strong><span><a href=\"https:\/\/truthsocial.com\/@realDonaldTrump\/posts\/116229058692001771\" target=\"_blank\" rel=\"noopener\"><span dir=\"auto\">a postat pe Truth Social c\u0103<\/span><\/a><\/span><\/strong><span dir=\"auto\"><strong><span>&nbsp;<\/span><\/strong>SUA \u201eau \u00eenvins \u0219i decimat complet Iranul, at\u00e2t militar, c\u00e2t \u0219i economic, \u0219i \u00een orice alt mod\u201d. \u00centr-o alt\u0103<span><strong>&nbsp;<\/strong><\/span><\/span><span><strong><a href=\"https:\/\/truthsocial.com\/@realDonaldTrump\/posts\/116225502010036899\" target=\"_blank\" rel=\"noopener\"><span dir=\"auto\">postare pe re\u021belele de socializare, el a spus vineri<\/span><\/a><\/strong><\/span><span dir=\"auto\"> c\u0103 Iranul est<\/span><span dir=\"auto\">e \u201etotal \u00eenvins \u0219i vrea un acord \u2013 Dar nu un acord pe care l-a\u0219 accepta!\u201d.<\/span><\/p>\n<p data-uri=\"cms.cnn.com\/_components\/paragraph\/instances\/cmmrrmaww00123d5wll1fmpar@published\" data-editable=\"text\" data-component-name=\"paragraph\" data-article-gutter=\"true\" id=\"p-5\"><span><strong><a href=\"https:\/\/www.mediafax.ro\/stirile-zilei\/trump-spune-cum-se-va-derula-razboiul-din-iran-in-zilele-urmatoare-cand-vom-termina-cu-tarmul-in-doua-zile-puterea-lor-va-fi-decimata-termenii-nu-sunt-inca-suficienti-de-buni-pentru-o-int-23703172\">Pre\u0219edintele Donald Trump a declarat s\u00e2mb\u0103t\u0103 sear\u0103<\/a><\/strong><\/span>, \u00eentr-un amplu interviu telefonic pentru NBC News, c\u0103 el nu este preg\u0103tit s\u0103 \u00eencheie un acord pentru a pune cap\u0103t r\u0103zboiului cu Iranul, \u00een ciuda disponibilit\u0103\u021bii Teheranului de a face acest lucru. \u201eTermenii nu sunt \u00eenc\u0103 suficient de buni\u201d, spune pre\u0219edintele SUA care a refuzat s\u0103 s\u0103 spun\u0103 care ar fi acei termeni.<\/p>\n<p data-uri=\"cms.cnn.com\/_components\/paragraph\/instances\/cmmrrmaww00123d5wll1fmpar@published\" data-editable=\"text\" data-component-name=\"paragraph\" data-article-gutter=\"true\" id=\"p-6\">Liderul de la Casa Alb\u0103 l-a criticat dur pe Volodimir Zelenski, a vorbit despre pre\u021bul petrolului, despre situa\u021bia din Str\u00e2mtoarea Ormuz, despre liderii iranieni \u0219i a oferit \u0219i detalii despre cum se va desf\u0103\u0219ura r\u0103zboiul \u00een zilele urm\u0103toare.<\/p>\n","protected":false},"excerpt":{"rendered":"<p>Pre\u0219edintele Parlamentului iranian, Mohammad-Bagher Ghalibaf, a ironizat afirma\u021biile pre\u0219edintelui Donald Trump conform c\u0103rora ar fi \u201e\u00eenvins\u201d Iranul, relateaz\u0103 CNN. R\u0103spunz\u00e2nd la o&nbsp;postare pe X despre Trump, Ghalibaf a spus c\u0103 &hellip; <a href=\"https:\/\/microscopemedia.com\/?p=682024\" class=\"more-link\">Read More<\/a><\/p>\n","protected":false},"author":1,"featured_media":682025,"comment_status":"closed","ping_status":"closed","sticky":false,"template":"Default","format":"standard","meta":[],"categories":[1],"tags":[],"_links":{"self":[{"href":"https:\/\/microscopemedia.com\/index.php?rest_route=\/wp\/v2\/posts\/682024"}],"collection":[{"href":"https:\/\/microscopemedia.com\/index.php?rest_route=\/wp\/v2\/posts"}],"about":[{"href":"https:\/\/microscopemedia.com\/index.php?rest_route=\/wp\/v2\/types\/post"}],"author":[{"embeddable":true,"href":"https:\/\/microscopemedia.com\/index.php?rest_route=\/wp\/v2\/users\/1"}],"replies":[{"embeddable":true,"href":"https:\/\/microscopemedia.com\/index.php?rest_route=%2Fwp%2Fv2%2Fcomments&post=682024"}],"version-history":[{"count":0,"href":"https:\/\/microscopemedia.com\/index.php?rest_route=\/wp\/v2\/posts\/682024\/revisions"}],"wp:featuredmedia":[{"embeddable":true,"href":"https:\/\/microscopemedia.com\/index.php?rest_route=\/wp\/v2\/media\/682025"}],"wp:attachment":[{"href":"https:\/\/microscopemedia.com\/index.php?rest_route=%2Fwp%2Fv2%2Fmedia&parent=682024"}],"wp:term":[{"taxonomy":"category","embeddable":true,"href":"https:\/\/microscopemedia.com\/index.php?rest_route=%2Fwp%2Fv2%2Fcategories&post=682024"},{"taxonomy":"post_tag","embeddable":true,"href":"https:\/\/microscopemedia.com\/index.php?rest_route=%2Fwp%2Fv2%2Ftags&post=682024"}],"curies":[{"name":"wp","href":"https:\/\/api.w.org\/{rel}","templated":true}]}}