{"id":682028,"date":"2026-03-15T18:36:04","date_gmt":"2026-03-15T18:36:04","guid":{"rendered":"https:\/\/microscopemedia.com\/?p=682028"},"modified":"2026-03-15T18:36:04","modified_gmt":"2026-03-15T18:36:04","slug":"grindeanu-nu-am-intrat-in-aceasta-guvernare-pe-post-de-ficus-maine-depunem-amendamente-la-buget","status":"publish","type":"post","link":"https:\/\/microscopemedia.com\/?p=682028","title":{"rendered":"Grindeanu: Nu am intrat \u00een aceast\u0103 guvernare pe post de ficus. M\u00e2ine depunem amendamente la buget"},"content":{"rendered":"<div><img decoding=\"async\" src=\"https:\/\/microscopemedia.com\/wp-content\/uploads\/2026\/03\/grindeanu-nu-am-intrat-in-aceasta-guvernare-pe-post-de-ficus-maine-depunem-amendamente-la-buget.jpg\" class=\"ff-og-image-inserted\"><\/div>\n<p id=\"p-0\">Liderul social-democrat sus\u021bine c\u0103 bugetul nu protejeaz\u0103 oamenii obi\u0219nui\u021bi.<\/p>\n<p id=\"p-1\">\u201eNoi avem ast\u0103zi un buget de dreapta, f\u0103cut dup\u0103 chipul \u0219i asem\u0103narea domnului Bolojan, un buget care, \u00een mare, are grija p\u00e2n\u0103 la urm\u0103 a oamenilor boga\u021bi, dar care nu protejeaz\u0103 absolut deloc oamenii obi\u0219nui\u021bi. Noi reprezent\u0103m cam 46% din ponderea Coali\u021biei de guvernare. Domnul Bolojan este pre\u0219edintele PNL, dar este premier \u0219i cu voturile PSD. Deci aici ar trebui s\u0103 discut\u0103m \u0219i despre ponderea pe care politicile de st\u00e2nga, social-democrate, le are \u00een aceast\u0103 pondere\u201d, a declarat Sorin Grindeanu, la Antena 3 CNN.<\/p>\n<p id=\"p-2\">El spune c\u0103 \u00een Pachetul de Solidaritate nu este vorba de PSD, ci de categorii de rom\u00e2ni.<\/p>\n<p id=\"p-3\">\u201e\u00cen primul r\u00e2nd s\u0103 \u0219ti\u021bi c\u0103 aici nu e vorba de PSD, aici e vorba de pensionari, de familii cu copii, de persoane cu dizabilit\u0103\u021bi, de muncitori pe salariul minim, de agricultori sau de antreprenorii rom\u00e2ni.<br \/>Aici nu sunt dorin\u021be ale PSD-ului, ci, p\u00e2n\u0103 la urm\u0103, noi n-am intrat \u00een aceast\u0103 guvernare pe post de ficus, ci ca s\u0103 ne asigur\u0103m c\u0103 rom\u00e2nii sunt proteja\u021bi. Iar acum, pachetul de solidaritate este prioritatea noastr\u0103\u201d, a spus liderul social-democrat.<\/p>\n<p id=\"p-4\">Pre\u0219edintele PSD sus\u021bine c\u0103 luni partidul va depune amendamente la buget.<\/p>\n<p id=\"p-5\">\u201e1,1 miliarde reprezint\u0103 ceea ce noi m\u00e2ine diminea\u021b\u0103 la prima or\u0103 vom depune ca amendamente \u00een Parlament pentru a completa toate lucrurile legate de Pachetul de solidaritate\u201d, a mai spus Grindeanu.<\/p>\n<p id=\"p-6\">Consiliului Politic Na\u021bional al Partidului Social Democrat a decis duminic\u0103 s\u0103 <span><a href=\"https:\/\/www.mediafax.ro\/politic\/psd-a-decis-sa-voteze-bugetul-dar-cu-amendamente-scrisoarea-lui-grindeanu-catre-bolojan-23703435\" target=\"_blank\" rel=\"noopener\">voteze bugetul<\/a><\/span> de stat pentru anul 2026, dar reprezentan\u021bii partidului anun\u021b\u0103 c\u0103 vor depune amendamente. Grindeanu i-a adresat o scrisoare premierului Ilie Bolojan, \u00een care acuz\u0103 \u201eun simulacru de dialog care are loc, de prea mult timp, \u00een \u0219edin\u021bele coali\u021biei de guvernare\u201d.<\/p>\n","protected":false},"excerpt":{"rendered":"<p>Liderul social-democrat sus\u021bine c\u0103 bugetul nu protejeaz\u0103 oamenii obi\u0219nui\u021bi. \u201eNoi avem ast\u0103zi un buget de dreapta, f\u0103cut dup\u0103 chipul \u0219i asem\u0103narea domnului Bolojan, un buget care, \u00een mare, are grija &hellip; <a href=\"https:\/\/microscopemedia.com\/?p=682028\" class=\"more-link\">Read More<\/a><\/p>\n","protected":false},"author":1,"featured_media":682029,"comment_status":"closed","ping_status":"closed","sticky":false,"template":"Default","format":"standard","meta":[],"categories":[1],"tags":[],"_links":{"self":[{"href":"https:\/\/microscopemedia.com\/index.php?rest_route=\/wp\/v2\/posts\/682028"}],"collection":[{"href":"https:\/\/microscopemedia.com\/index.php?rest_route=\/wp\/v2\/posts"}],"about":[{"href":"https:\/\/microscopemedia.com\/index.php?rest_route=\/wp\/v2\/types\/post"}],"author":[{"embeddable":true,"href":"https:\/\/microscopemedia.com\/index.php?rest_route=\/wp\/v2\/users\/1"}],"replies":[{"embeddable":true,"href":"https:\/\/microscopemedia.com\/index.php?rest_route=%2Fwp%2Fv2%2Fcomments&post=682028"}],"version-history":[{"count":0,"href":"https:\/\/microscopemedia.com\/index.php?rest_route=\/wp\/v2\/posts\/682028\/revisions"}],"wp:featuredmedia":[{"embeddable":true,"href":"https:\/\/microscopemedia.com\/index.php?rest_route=\/wp\/v2\/media\/682029"}],"wp:attachment":[{"href":"https:\/\/microscopemedia.com\/index.php?rest_route=%2Fwp%2Fv2%2Fmedia&parent=682028"}],"wp:term":[{"taxonomy":"category","embeddable":true,"href":"https:\/\/microscopemedia.com\/index.php?rest_route=%2Fwp%2Fv2%2Fcategories&post=682028"},{"taxonomy":"post_tag","embeddable":true,"href":"https:\/\/microscopemedia.com\/index.php?rest_route=%2Fwp%2Fv2%2Ftags&post=682028"}],"curies":[{"name":"wp","href":"https:\/\/api.w.org\/{rel}","templated":true}]}}