{"id":682032,"date":"2026-03-15T19:06:03","date_gmt":"2026-03-15T19:06:03","guid":{"rendered":"https:\/\/microscopemedia.com\/?p=682032"},"modified":"2026-03-15T19:06:03","modified_gmt":"2026-03-15T19:06:03","slug":"sorin-grindeanu-despre-bugetul-de-stat-sunt-convins-ca-vor-trece-aceste-amendamente","status":"publish","type":"post","link":"https:\/\/microscopemedia.com\/?p=682032","title":{"rendered":"Sorin Grindeanu, despre bugetul de stat: Sunt convins c\u0103 vor trece aceste amendamente"},"content":{"rendered":"<div><img decoding=\"async\" src=\"https:\/\/microscopemedia.com\/wp-content\/uploads\/2026\/03\/sorin-grindeanu-despre-bugetul-de-stat-sunt-convins-ca-vor-trece-aceste-amendamente.jpg\" class=\"ff-og-image-inserted\"><\/div>\n<h2 id=\"chapter-0\">A\u0219tept\u0103ri privind parcusul amendamentelor<\/h2>\n<p id=\"p-0\"><span>\u201eExist\u0103 \u00een Parlament, o majoritate, care \u00ee\u0219i d\u0103 seama c\u0103 aceste amendamente sunt absolut corecte, sunt amendamente de bun sim\u021b, sunt amendamente care mai atenueaz\u0103 din povara pe care guvernul a pus-o asupra rom\u00e2nilor vulnerabili. Eu cred c\u0103 exist\u0103, \u0219i sunt convins de acest lucru, aceast\u0103 majoritate \u00een Parlament\u201d, a spus liderul PSD, ad\u0103ug\u00e2nd: \u201eSunt convins c\u0103 vor trece aceste amendamente\u201d.&nbsp;&nbsp;&nbsp;<\/span><\/p>\n<p id=\"p-1\"><span>Sorin Grindeanu a avertizat \u0219i asupra impactului adopt\u0103rii \u00eent\u00e2rziate a bugetului pe 2026 asupra administra\u021biei locale. \u201eS-a \u00eent\u00e2rziat extrem de mult acest buget. Noi \u00een coali\u021bie, \u0219i cine e de bun\u0103 credin\u021b\u0103 recunoa\u0219te acest lucru, am ajuns la un acord undeva la \u00eenceputul lunii decembrie pe pachetele care privesc administra\u021bia local\u0103 \u0219i administra\u021bia central\u0103. Nu \u00een\u021beleg de ce am ajuns la jum\u0103tatea lunii martie s\u0103 vot\u0103m un buget \u00eent\u00e2rziat extrem de mult. Primarii n-au bugete. Primarii vor avea buget de-abia \u00eentr-o lun\u0103 \u0219i ceva de acum \u00eencolo. Deci undeva la sf\u00e2r\u0219itul lunii aprilie, \u00eenceputul lunii mai. Pre\u0219edin\u021bii de consilii jude\u021bene de asemenea\u201d, spune liderul social-democrat, la Antena 3 CNN.&nbsp;<\/span><\/p>\n<h2 id=\"chapter-1\">Administra\u021bia local\u0103 \u0219i pachetul de solidaritate<\/h2>\n<p id=\"p-2\"><span>Privind obiectivele amendamentelor, Grindeanu a spus c\u0103 acestea vor viza m\u0103suri cu impact asupra administra\u021biei locale, dar \u0219i pachetul de solidaritate.&nbsp;<\/span><\/p>\n<p id=\"p-3\"><span>Privind administra\u021bia local\u0103, pre\u0219edintele PSD spune: \u201e S-a redus baza, declara\u021biile unice, e tehnic ceea ce v\u0103 spun acum, declara\u021biile unice \u0219i sumele \u00eencasate, urmare a declara\u021biilor unice, au fost luate la bugetul de stat. \u00centr-un singur loc au fost \u00eentoarse aceste sume \u0219i anume la bugetul Bucure\u0219tiului. Colegii mei \u00een zilele urm\u0103toare din administra\u021bia local\u0103 v\u0103 vor ar\u0103ta pe date exacte cum s-au \u00eent\u00e2mplat sau cum se propune prin proiectul de buget\u201d, ad\u0103ug\u00e2nd: \u201ecealalt\u0103 problem\u0103 este cea legat\u0103 de pachetul de solidaritate, a\u0219a cum v-am spus\u201d.&nbsp;<\/span><\/p>\n<p id=\"p-4\"><span>Acesta a mai men\u021bionat c\u0103 planurile privind evaluarea actului de guvernare nu s-au schimbat: \u201e oricum, vom face o evaluare, \u00een primul r\u00e2nd o proprie evaluare a noastr\u0103 \u0219i a mini\u0219trilor PSD participarea \u00een guvern \u0219i vom face aceast\u0103 auto-evaluare \u0219i dup\u0103 aceea, evident c\u0103 o vom extinde, indiferent de votarea sau nu a amendamentelor, vom extinde aceast\u0103 evaluare la \u00eentregul act de guvernare\u201d.&nbsp;<\/span><\/p>\n","protected":false},"excerpt":{"rendered":"<p>A\u0219tept\u0103ri privind parcusul amendamentelor \u201eExist\u0103 \u00een Parlament, o majoritate, care \u00ee\u0219i d\u0103 seama c\u0103 aceste amendamente sunt absolut corecte, sunt amendamente de bun sim\u021b, sunt amendamente care mai atenueaz\u0103 din &hellip; <a href=\"https:\/\/microscopemedia.com\/?p=682032\" class=\"more-link\">Read More<\/a><\/p>\n","protected":false},"author":1,"featured_media":682033,"comment_status":"closed","ping_status":"closed","sticky":false,"template":"Default","format":"standard","meta":[],"categories":[1],"tags":[],"_links":{"self":[{"href":"https:\/\/microscopemedia.com\/index.php?rest_route=\/wp\/v2\/posts\/682032"}],"collection":[{"href":"https:\/\/microscopemedia.com\/index.php?rest_route=\/wp\/v2\/posts"}],"about":[{"href":"https:\/\/microscopemedia.com\/index.php?rest_route=\/wp\/v2\/types\/post"}],"author":[{"embeddable":true,"href":"https:\/\/microscopemedia.com\/index.php?rest_route=\/wp\/v2\/users\/1"}],"replies":[{"embeddable":true,"href":"https:\/\/microscopemedia.com\/index.php?rest_route=%2Fwp%2Fv2%2Fcomments&post=682032"}],"version-history":[{"count":0,"href":"https:\/\/microscopemedia.com\/index.php?rest_route=\/wp\/v2\/posts\/682032\/revisions"}],"wp:featuredmedia":[{"embeddable":true,"href":"https:\/\/microscopemedia.com\/index.php?rest_route=\/wp\/v2\/media\/682033"}],"wp:attachment":[{"href":"https:\/\/microscopemedia.com\/index.php?rest_route=%2Fwp%2Fv2%2Fmedia&parent=682032"}],"wp:term":[{"taxonomy":"category","embeddable":true,"href":"https:\/\/microscopemedia.com\/index.php?rest_route=%2Fwp%2Fv2%2Fcategories&post=682032"},{"taxonomy":"post_tag","embeddable":true,"href":"https:\/\/microscopemedia.com\/index.php?rest_route=%2Fwp%2Fv2%2Ftags&post=682032"}],"curies":[{"name":"wp","href":"https:\/\/api.w.org\/{rel}","templated":true}]}}