{"id":682034,"date":"2026-03-15T19:16:05","date_gmt":"2026-03-15T19:16:05","guid":{"rendered":"https:\/\/microscopemedia.com\/?p=682034"},"modified":"2026-03-15T19:16:05","modified_gmt":"2026-03-15T19:16:05","slug":"israel-anunta-ca-fratele-barbatului-care-a-atacat-o-sinagoga-din-michigan-era-un-comandant-hezbollah","status":"publish","type":"post","link":"https:\/\/microscopemedia.com\/?p=682034","title":{"rendered":"Israel anun\u021b\u0103 c\u0103 fratele b\u0103rbatului care a atacat o sinagog\u0103 din Michigan era un comandant Hezbollah"},"content":{"rendered":"<div><img decoding=\"async\" src=\"https:\/\/microscopemedia.com\/wp-content\/uploads\/2026\/03\/israel-anunta-ca-fratele-barbatului-care-a-atacat-o-sinagoga-din-michigan-era-un-comandant-hezbollah.jpg\" class=\"ff-og-image-inserted\"><\/div>\n<p id=\"p-0\"><span>Ibrahim Muhammad Ghazali, fratele atacatorului, ar fi fost responsabil de gestionarea opera\u021biunilor cu armament \u00een cadrul unit\u0103\u021bii Badr a grup\u0103rii Hezbollah, a anun\u021bat IDF duminic\u0103 printr-un comunicat de pres\u0103, citat de CNN.&nbsp;<\/span><\/p>\n<p id=\"p-1\"><span>Armata israelian\u0103 a anun\u021bat c\u0103 Ibrahim a fost ucis pe 5 martie \u00een urma unui atac al armatei israeliene asupra unui depozit de armament.&nbsp;<\/span><\/p>\n<p id=\"p-2\"><span>Joi, un b\u0103rbat a intrat cu un vehicul \u00eenc\u0103rcat cu explozibili \u00een sinagoga Templul lui Israel din West Bloomfield Township, urm\u00e2nd un schimb de focuri cu oamenii legii. B\u0103rbatul a murit ulterior.&nbsp;&nbsp;<\/span><\/p>\n<p id=\"p-3\"><span>\u00cen urma incidentului, un agent de securitate a fost r\u0103nit, iar zeci de membri ai echipelor de interven\u021bie au avut nevoie de \u00eengrijiri medicale pentru inhalare de fum.&nbsp;<\/span><\/p>\n<p id=\"p-4\"><span>\u00cen incita sinagogii se afla peste 100 de copii care nu au fost r\u0103ni\u021bi.&nbsp;<\/span><\/p>\n<p id=\"p-5\"><span>Departamentul pentru Securitate Intern\u0103 l-a identificat pe atacator drept Ayman Ghazali, \u00een v\u00e2rst\u0103 de 41 de ani. B\u0103rbatul libanez a fost naturalizat \u00eens\u0103, fusese anterior semnalat pentru leg\u0103turi cu persoane suspectate de conexiuni cu Hezbollah, \u00eens\u0103 nu era considerat membru al grup\u0103rii.&nbsp;<\/span><\/p>\n","protected":false},"excerpt":{"rendered":"<p>Ibrahim Muhammad Ghazali, fratele atacatorului, ar fi fost responsabil de gestionarea opera\u021biunilor cu armament \u00een cadrul unit\u0103\u021bii Badr a grup\u0103rii Hezbollah, a anun\u021bat IDF duminic\u0103 printr-un comunicat de pres\u0103, citat &hellip; <a href=\"https:\/\/microscopemedia.com\/?p=682034\" class=\"more-link\">Read More<\/a><\/p>\n","protected":false},"author":1,"featured_media":682035,"comment_status":"closed","ping_status":"closed","sticky":false,"template":"Default","format":"standard","meta":[],"categories":[1],"tags":[],"_links":{"self":[{"href":"https:\/\/microscopemedia.com\/index.php?rest_route=\/wp\/v2\/posts\/682034"}],"collection":[{"href":"https:\/\/microscopemedia.com\/index.php?rest_route=\/wp\/v2\/posts"}],"about":[{"href":"https:\/\/microscopemedia.com\/index.php?rest_route=\/wp\/v2\/types\/post"}],"author":[{"embeddable":true,"href":"https:\/\/microscopemedia.com\/index.php?rest_route=\/wp\/v2\/users\/1"}],"replies":[{"embeddable":true,"href":"https:\/\/microscopemedia.com\/index.php?rest_route=%2Fwp%2Fv2%2Fcomments&post=682034"}],"version-history":[{"count":0,"href":"https:\/\/microscopemedia.com\/index.php?rest_route=\/wp\/v2\/posts\/682034\/revisions"}],"wp:featuredmedia":[{"embeddable":true,"href":"https:\/\/microscopemedia.com\/index.php?rest_route=\/wp\/v2\/media\/682035"}],"wp:attachment":[{"href":"https:\/\/microscopemedia.com\/index.php?rest_route=%2Fwp%2Fv2%2Fmedia&parent=682034"}],"wp:term":[{"taxonomy":"category","embeddable":true,"href":"https:\/\/microscopemedia.com\/index.php?rest_route=%2Fwp%2Fv2%2Fcategories&post=682034"},{"taxonomy":"post_tag","embeddable":true,"href":"https:\/\/microscopemedia.com\/index.php?rest_route=%2Fwp%2Fv2%2Ftags&post=682034"}],"curies":[{"name":"wp","href":"https:\/\/api.w.org\/{rel}","templated":true}]}}