{"id":682038,"date":"2026-03-15T19:36:04","date_gmt":"2026-03-15T19:36:04","guid":{"rendered":"https:\/\/microscopemedia.com\/?p=682038"},"modified":"2026-03-15T19:36:04","modified_gmt":"2026-03-15T19:36:04","slug":"bolojan-ce-a-facut-psd-este-o-actiune-politica-nu-merita-sa-ne-intoarcem-la-greselile-pe-care-le-am-facut-anii-trecuti","status":"publish","type":"post","link":"https:\/\/microscopemedia.com\/?p=682038","title":{"rendered":"Bolojan: Ce a f\u0103cut PSD este o ac\u021biune politic\u0103. Nu merit\u0103 s\u0103 ne \u00eentoarcem la gre\u0219elile pe care le-am f\u0103cut anii trecu\u021bi"},"content":{"rendered":"<div><img decoding=\"async\" src=\"https:\/\/microscopemedia.com\/wp-content\/uploads\/2026\/03\/bolojan-ce-a-facut-psd-este-o-actiune-politica-nu-merita-sa-ne-intoarcem-la-greselile-pe-care-le-am-facut-anii-trecuti.jpg\" class=\"ff-og-image-inserted\"><\/div>\n<h2 id=\"chapter-0\">Cauza am\u00e2n\u0103rii bugetului<\/h2>\n<p id=\"p-0\"><span>Ilie Bolojan a explicat c\u0103 bugetul pentru anul \u00een curs a \u00eent\u00e2rziat deoarece era necesare reforma \u00een administra\u021bie pentru diminuarea cheltuielilor \u0219i reducerea deficitului bugetar.&nbsp;<\/span><\/p>\n<p id=\"p-1\"><span>\u201eBugetul s-a lungit datorit\u0103 faptului c\u0103 nu am avut pachetul din administra\u021bie. Dac\u0103 nu aveai pachetul din administra\u021bie, nu puteai s\u0103-\u021bi reduci cheltuielile de personal. N-ai cum s\u0103 reduci deficitul dac\u0103 nu faci economii\u201d, a spus Bolojan la Digi24.&nbsp;<\/span><\/p>\n<h2 id=\"chapter-1\">Critici la adresa PSD: \u201eO retoric\u0103 de tip AUR\u201d<\/h2>\n<p id=\"p-2\"><span>Premierul a spus c\u0103 ini\u021biativa social-democra\u021bilor reprezint\u0103 o ac\u021biune apolitic\u0103, \u00eentruc\u00e2t au \u00eentrebat \u00een repetate r\u00e2nduri care sunt sursele de finan\u021bare pentru propunerile de cheltuieli suplimentare.&nbsp;<\/span><\/p>\n<p id=\"p-3\"><span>\u0218eful Guvernului a spus: \u201eCeea ce a f\u0103cut PSD ast\u0103zi este o ac\u021biune politic\u0103 pe care am discutat-o de foarte multe ori \u00een discu\u021biile pe care le-am avut \u00een ultimele luni. De mai multe ori am \u00eentrebat \u00een coali\u021bie, care sunt sursele pentru a acoperi aceste propuneri. \u0218i aici nu e vorba de a discuta concret de o propunere sau alta, ci trebuie s\u0103 \u00een\u021beleag\u0103 to\u021bi rom\u00e2nii. Orice propunere de cheltuial\u0103 suplimentar\u0103 nu este acoperit\u0103 din neant. Orice cheltuial\u0103 suplimentar\u0103 trebuie acoperit\u0103 de undeva\u201d, subliniind c\u0103 \u201eCineva de undeva pierde\u201d.&nbsp;<\/span><\/p>\n<p id=\"p-4\"><span>Potrivit acestuia, doar \u00een 2026 statul rom\u00e2n ar urma s\u0103 pl\u0103teasc\u0103 aproximativ 60 de miliarde de lei \u00een dob\u00e2nzi, ceea ce limiteaz\u0103 spa\u021biul pentru noi cheltuieli.&nbsp;<\/span><\/p>\n<p id=\"p-5\"><span>\u00cen plus, premierul Bolojan a declarat c\u0103 ac\u021biunile PSD ar fi o abordare caracteristic\u0103 partidului AUR \u0219i o \u00eencercare de delimitare fa\u021b\u0103 de ac\u021biunile Guvernului.&nbsp;<\/span><\/p>\n<p id=\"p-6\"><span>\u201e\u00cen afar\u0103 de retorica politic\u0103, \u00een afar\u0103 de \u00eencercarea de a ne delimita, cum face PSD-ul acum, de r\u0103spunderea guvern\u0103rii. Pentru c\u0103 toate deciziile care le-am luat p\u00e2n\u0103 acum au fost luate cu acordul tuturor partidelor politice, \u00een toate \u0219edin\u021bele pe care le-am avut. Aici, prin acest joc de amendamente, care au un caracter social, PSD \u00eencearc\u0103 s\u0103 vin\u0103 cu o retoric\u0103 de tip AUR, \u00eencerc\u00e2nd oarecumva s\u0103 se delimiteze de r\u0103spunderea acestei guvern\u0103ri, pe care le-am avut cu to\u021bii\u201d, explic\u0103 Bolojan.&nbsp;<\/span><\/p>\n<p id=\"p-7\"><span>\u201eAtunci c\u00e2nd facem propunere de amendamente, indiferent ce fel de propuneri sunt, trebuie s\u0103 vedem de unde vin resursele\u201d, mai spune Bolojan, amintind: \u201eNu merit\u0103 s\u0103 ne \u00eentoarcem la gre\u0219elile pe care le-am f\u0103cut anii trecu\u021bi\u201d.&nbsp;<\/span><\/p>\n","protected":false},"excerpt":{"rendered":"<p>Cauza am\u00e2n\u0103rii bugetului Ilie Bolojan a explicat c\u0103 bugetul pentru anul \u00een curs a \u00eent\u00e2rziat deoarece era necesare reforma \u00een administra\u021bie pentru diminuarea cheltuielilor \u0219i reducerea deficitului bugetar.&nbsp; \u201eBugetul s-a &hellip; <a href=\"https:\/\/microscopemedia.com\/?p=682038\" class=\"more-link\">Read More<\/a><\/p>\n","protected":false},"author":1,"featured_media":682039,"comment_status":"closed","ping_status":"closed","sticky":false,"template":"Default","format":"standard","meta":[],"categories":[1],"tags":[],"_links":{"self":[{"href":"https:\/\/microscopemedia.com\/index.php?rest_route=\/wp\/v2\/posts\/682038"}],"collection":[{"href":"https:\/\/microscopemedia.com\/index.php?rest_route=\/wp\/v2\/posts"}],"about":[{"href":"https:\/\/microscopemedia.com\/index.php?rest_route=\/wp\/v2\/types\/post"}],"author":[{"embeddable":true,"href":"https:\/\/microscopemedia.com\/index.php?rest_route=\/wp\/v2\/users\/1"}],"replies":[{"embeddable":true,"href":"https:\/\/microscopemedia.com\/index.php?rest_route=%2Fwp%2Fv2%2Fcomments&post=682038"}],"version-history":[{"count":0,"href":"https:\/\/microscopemedia.com\/index.php?rest_route=\/wp\/v2\/posts\/682038\/revisions"}],"wp:featuredmedia":[{"embeddable":true,"href":"https:\/\/microscopemedia.com\/index.php?rest_route=\/wp\/v2\/media\/682039"}],"wp:attachment":[{"href":"https:\/\/microscopemedia.com\/index.php?rest_route=%2Fwp%2Fv2%2Fmedia&parent=682038"}],"wp:term":[{"taxonomy":"category","embeddable":true,"href":"https:\/\/microscopemedia.com\/index.php?rest_route=%2Fwp%2Fv2%2Fcategories&post=682038"},{"taxonomy":"post_tag","embeddable":true,"href":"https:\/\/microscopemedia.com\/index.php?rest_route=%2Fwp%2Fv2%2Ftags&post=682038"}],"curies":[{"name":"wp","href":"https:\/\/api.w.org\/{rel}","templated":true}]}}