{"id":682042,"date":"2026-03-15T20:06:03","date_gmt":"2026-03-15T20:06:03","guid":{"rendered":"https:\/\/microscopemedia.com\/?p=682042"},"modified":"2026-03-15T20:06:03","modified_gmt":"2026-03-15T20:06:03","slug":"trebuie-sa-conducem-mai-putin-avertismentele-directorului-general-omv-despre-criza-de-combustibil-nicusor-dan-si-ilie-bolojan-se-intalnesc-maine-cu-alfred-stern","status":"publish","type":"post","link":"https:\/\/microscopemedia.com\/?p=682042","title":{"rendered":"\u201eTrebuie s\u0103 conducem mai pu\u021bin\u201d Avertismentele directorului general OMV despre criza de combustibil. Nicu\u0219or Dan \u0219i Ilie Bolojan se \u00eent\u00e2lnesc m\u00e2ine cu Alfred Stern"},"content":{"rendered":"<div><img decoding=\"async\" src=\"https:\/\/microscopemedia.com\/wp-content\/uploads\/2026\/03\/trebuie-sa-conducem-mai-putin-avertismentele-directorului-general-omv-despre-criza-de-combustibil-nicusor-dan-si-ilie-bolojan-se-intalnesc-maine-cu-alfred-stern.png\" class=\"ff-og-image-inserted\"><\/div>\n<h2 id=\"chapter-0\"><strong>\u201eTrebuie s\u0103 conducem mai pu\u021bin\u201d<\/strong><\/h2>\n<p id=\"p-0\">\u00cen cazul unei penurii de combustibil, este destul de clar cum ar trebui s\u0103 se comporte consumatorii, spune Directorul general al OMV, Alfred Stern \u00een presa din Austria.<\/p>\n<p id=\"p-1\">\u201eDac\u0103 exist\u0103 o penurie, atunci trebuie s\u0103 economisim combustibil. Conduce\u021bi mai pu\u021bin, conduce\u021bi mai \u00eencet \u2013 nu exist\u0103 nicio modalitate de a evita acest lucru\u201d, declar\u0103 el.<\/p>\n<p id=\"p-2\"><span><strong><a href=\"https:\/\/www.krone.at\/4077471\">\u00centr-un interviu acordat emisiunii \u201eJournal zu Gast<\/a><\/strong><\/span>\u201d, directorul general al OMV, Alfred Stern, a respins acuza\u021biile c\u0103 firma pe care o conduce profit\u0103 de pe urma actualei crize.<\/p>\n<p id=\"p-3\">De la \u00eenceputul conflictului din Iran, pre\u021burile combustibililor \u00een Austria au crescut vertiginos. Motorina cost\u0103 deja peste 1,90 euro pe litru la unele benzin\u0103rii.<\/p>\n<p id=\"p-4\">Guvernul austriac lucreaz\u0103 \u00een prezent la o solu\u021bie \u201edurabil\u0103\u201d pentru a men\u021bine pre\u021burile petrolului la un nivel accesibil.<\/p>\n<h2 id=\"chapter-1\">Rafin\u0103riile OMV, profituri de 1,1 miliarde \u00een 2025. Ce spune Alfred Stern?<\/h2>\n<p id=\"p-5\">\u201ePre\u021burile nu se stabilesc \u00eentr-o rafin\u0103rie\u201d. La un pre\u021b de 1,70 euro pe litru de benzin\u0103 premium, 90 de cen\u021bi ar fi folosi\u021bi doar pentru taxe \u0219i impozite. Din restul de 80 de cen\u021bi, 55 de cen\u021bi ar trebui s\u0103 acopere costul integral al petrolului. Asta las\u0103 OMV cu doar 25 de cen\u021bi\u201d, declar\u0103 el.<\/p>\n<p id=\"p-6\">Stern consider\u0103 c\u0103 mai degrab\u0103 guvernul austriac beneficiaz\u0103 de pre\u021burile ridicate ale petrolului. Pre\u021buri mai mici la pompe sunt realizabile doar dac\u0103 se reduc impozitele. Numai c\u0103 Stern a respins ideea unei interven\u021bii a guvernului pe pia\u021b\u0103. Astfel de m\u0103suri ar putea pune \u00een pericol securitatea aprovizion\u0103rii interne, a spus Stern.<\/p>\n<p id=\"p-7\"><strong>\u201eDac\u0103 nu vrei s\u0103 pl\u0103te\u0219ti, va trebui s\u0103 pleci\u201d,<\/strong> a declarat Stern, pun\u00e2nd costurile crescute pe seama r\u0103zboiului din Iran.<\/p>\n<p id=\"p-8\">Stern a men\u021bionat c\u0103 pia\u021ba global\u0103 duce \u00een prezent lips\u0103 de aproximativ 20% din petrol \u0219i 10% din combustibili.<\/p>\n<p id=\"p-9\">\u201ePentru a aduce cantit\u0103\u021bile necesare \u00een Austria, OMV trebuie s\u0103 pl\u0103teasc\u0103 pre\u021buri competitive la bursa de la Rotterdam. <strong>Oricine din lumea asta care nu este dispus s\u0103 pl\u0103teasc\u0103 pre\u021burile mari pe care le pl\u0103tim \u00een Europa \u0219i Austria va trebui s\u0103 plece<\/strong>\u201d, a declarat directorul general al OMV.<\/p>\n<p id=\"p-10\"><span><strong><a href=\"https:\/\/www.derstandard.at\/story\/3000000312489\/omv-chef-stern-steuersenkung-einzige-loesung-fuer-hohe-spritpreise\">Potrivit lui Stern<\/a><\/strong><\/span>, \u00een 2025,<strong> toate rafin\u0103riile OMV au \u00eenregistrat \u00eempreun\u0103 un profit opera\u021bional de aproximativ 1,1 miliarde de euro. <\/strong><\/p>\n<p id=\"p-11\">\u00cen schimb, Ministerul Finan\u021belor din Austria a \u00eencasat 2,6 miliarde de euro din taxe pe combustibili \u00een aceea\u0219i perioad\u0103.<\/p>\n<h2 id=\"chapter-2\"><strong>Stern avertizeaz\u0103 asupra lipsei de combustibil<\/strong><\/h2>\n<p id=\"p-12\">C\u00e2nd a fost \u00eentrebat dac\u0103 aprovizionarea cu combustibil pentru 2026 este sigur\u0103 \u00een Austria, directorul general al OMV a spus c\u0103 acest lucru nu se poate afirma cu certitudine \u2013 \u0219i c\u0103, \u00een cel mai r\u0103u caz, Austria ar putea r\u0103m\u00e2ne f\u0103r\u0103 combustibil.<\/p>\n<p id=\"p-13\">Cu toate acestea, prioritatea principal\u0103 a <span><strong><a href=\"https:\/\/www.mediafax.ro\/economic\/omv-petrom-intra-intr-un-nou-proiect-de-explorare-a-gazelor-naturale-in-marea-neagra-intr-un-perimetru-vecin-cu-neptun-deep-aflat-in-apele-bulgariei-23701080\">OMV<\/a> <\/strong><\/span>este de a asigura securitatea aprovizion\u0103rii clien\u021bilor, a insistat el.<\/p>\n<h2 id=\"chapter-3\"><strong>OMV de\u021bine peste 40% din pia\u021ba de combustibil din Rom\u00e2nia<\/strong><\/h2>\n<p id=\"p-14\">OMV de\u021bine peste 40% din pia\u021ba de combustibil din Rom\u00e2nia, a declarat \u00een aceast\u0103 sear\u0103, \u00eentr-un interviu pentru Digi 24, premierul Ilie Bolojan.<\/p>\n<p id=\"p-15\">\u201e\u00cempreun\u0103 cu Rompetrol \u0219i Socar de\u021bine dou\u0103 treimi din pia\u021ba de energie\u201d, afirm\u0103 \u0219eful Executivului Rom\u00e2niei, care a precizat c\u0103 nu este niciun pericol ca OMV s\u0103 asigure necesarul Austriei cu produc\u021biile Rom\u00e2niei.<\/p>\n<p id=\"p-16\">M\u00e2ine, <span><strong><a href=\"https:\/\/www.presidency.ro\/ro\/media\/agenda-presedintelui\">pre\u0219edintele Rom\u00e2niei, Nicu\u0219or Dan, \u00eel prime\u0219te, la ora 10.00<\/a><\/strong><\/span>, la Palatul Cotroceni, pe directorul general al OMV, Alfred Stern, \u0219i va discuta cu el despre actuala criz\u0103 care afecteaz\u0103 \u0219i pia\u021ba rom\u00e2neasc\u0103. Ulterior, pe Alfred Stern, \u00eel va primi la discu\u021bii \u0219i premierul Ilie Bolojan, la Palatul Victoria.<\/p>\n","protected":false},"excerpt":{"rendered":"<p>\u201eTrebuie s\u0103 conducem mai pu\u021bin\u201d \u00cen cazul unei penurii de combustibil, este destul de clar cum ar trebui s\u0103 se comporte consumatorii, spune Directorul general al OMV, Alfred Stern \u00een &hellip; <a href=\"https:\/\/microscopemedia.com\/?p=682042\" class=\"more-link\">Read More<\/a><\/p>\n","protected":false},"author":1,"featured_media":682043,"comment_status":"closed","ping_status":"closed","sticky":false,"template":"Default","format":"standard","meta":[],"categories":[1],"tags":[],"_links":{"self":[{"href":"https:\/\/microscopemedia.com\/index.php?rest_route=\/wp\/v2\/posts\/682042"}],"collection":[{"href":"https:\/\/microscopemedia.com\/index.php?rest_route=\/wp\/v2\/posts"}],"about":[{"href":"https:\/\/microscopemedia.com\/index.php?rest_route=\/wp\/v2\/types\/post"}],"author":[{"embeddable":true,"href":"https:\/\/microscopemedia.com\/index.php?rest_route=\/wp\/v2\/users\/1"}],"replies":[{"embeddable":true,"href":"https:\/\/microscopemedia.com\/index.php?rest_route=%2Fwp%2Fv2%2Fcomments&post=682042"}],"version-history":[{"count":0,"href":"https:\/\/microscopemedia.com\/index.php?rest_route=\/wp\/v2\/posts\/682042\/revisions"}],"wp:featuredmedia":[{"embeddable":true,"href":"https:\/\/microscopemedia.com\/index.php?rest_route=\/wp\/v2\/media\/682043"}],"wp:attachment":[{"href":"https:\/\/microscopemedia.com\/index.php?rest_route=%2Fwp%2Fv2%2Fmedia&parent=682042"}],"wp:term":[{"taxonomy":"category","embeddable":true,"href":"https:\/\/microscopemedia.com\/index.php?rest_route=%2Fwp%2Fv2%2Fcategories&post=682042"},{"taxonomy":"post_tag","embeddable":true,"href":"https:\/\/microscopemedia.com\/index.php?rest_route=%2Fwp%2Fv2%2Ftags&post=682042"}],"curies":[{"name":"wp","href":"https:\/\/api.w.org\/{rel}","templated":true}]}}