{"id":682046,"date":"2026-03-15T20:36:03","date_gmt":"2026-03-15T20:36:03","guid":{"rendered":"https:\/\/microscopemedia.com\/?p=682046"},"modified":"2026-03-15T20:36:03","modified_gmt":"2026-03-15T20:36:03","slug":"ilie-bolojan-dupa-anuntul-restructurarilor-de-la-dacia-ca-ne-place-ca-nu-ne-place-nu-suntem-singuri-in-lumea-asta","status":"publish","type":"post","link":"https:\/\/microscopemedia.com\/?p=682046","title":{"rendered":"Ilie Bolojan, dup\u0103 anun\u021bul restructur\u0103rilor de la Dacia: C\u0103 ne place, c\u0103 nu ne place, nu suntem singuri \u00een lumea asta"},"content":{"rendered":"<div><img decoding=\"async\" src=\"https:\/\/microscopemedia.com\/wp-content\/uploads\/2026\/03\/ilie-bolojan-dupa-anuntul-restructurarilor-de-la-dacia-ca-ne-place-ca-nu-ne-place-nu-suntem-singuri-in-lumea-asta.jpg\" class=\"ff-og-image-inserted\"><\/div>\n<p id=\"p-0\"><span>Premierul s-a declarat \u00eengrijorat despre legat de anun\u021bul sindicali\u0219tilor: \u201eOrice pierdere de comenzi la companiile care sunt coloana vertebral\u0103 \u00een economii, \u00een mod evident, \u00eenseamn\u0103 ni\u0219te sc\u0103deri, ni\u0219te locuri de munc\u0103 \u00een minus, ni\u0219te salarii bune care se pierd, ni\u0219te familii care trebuie s\u0103-\u0219i caute alte solu\u021bii, se pierde din competitivitate, asta \u00eentr-adev\u0103r m\u0103 \u00eengrijoreaz\u0103\u201d.&nbsp;<\/span><\/p>\n<h2 id=\"chapter-0\">\u201eTaxa de 1% sau avem probleme serioase\u201d<\/h2>\n<p id=\"p-1\"><span>Bolojan a spus \u0219i c\u0103 liderii marilor constructori auto au pus presiune constant\u0103 pe autorit\u0103\u021bi pentru eliminarea taxelor.&nbsp;<\/span><\/p>\n<p id=\"p-2\"><span>\u201eDac\u0103 ve\u021bi \u00eentreba orice lider politic care s-a \u00eent\u00e2lnit cu cei de la Dacia Renault sau cu cei de la Ford, care sunt dou\u0103 companii care practic \u021bin exporturile noastre pe pia\u021b\u0103, Nu cred c\u0103 vor avea tupeu s\u0103 nu recunoasc\u0103 c\u0103 la fiecare \u00eent\u00e2lnire le s-a spus dac\u0103 nu ne scoate\u021bi aceast\u0103 tax\u0103 de 1% (n.r. pe cifra de afaceri), avem probleme serioase \u00een interiorul grupurilor noastre\u201d, spune Bolojan.&nbsp;<\/span><\/p>\n<h2 id=\"chapter-1\">Explica\u021bia reloc\u0103rii<\/h2>\n<p id=\"p-3\"><span>Prim-Ministrul a explicat \u0219i ra\u021biunile unei companii de a muta o parte din produc\u021bie: \u201e\u00cen momentul \u00een care analizele de cost la o companie, dintr-un grup, arat\u0103 c\u0103 produc\u021bia \u00eentr-o \u021bar\u0103 este mai scump\u0103 dec\u00e2t \u00eentr-o alt\u0103 \u021bar\u0103, conducerea grupului, sigur, func\u021bie de o analiz\u0103 de pia\u021b\u0103, va lua decizia s\u0103 mute, probabil, unde este mai avantajos\u201d, avertiz\u00e2nd: \u201e\u0218i atunci, c\u0103 ne place, c\u0103 nu ne place, nu suntem singuri \u00een lumea asta\u201d.&nbsp;<\/span><\/p>\n<p id=\"p-4\"><span>Premierul a spus c\u0103 a redus taxa pe cifra de afaceri, \u00eens\u0103 cu \u00eent\u00e2rziere \u0219i a spus c\u0103 motivul pentru care a luat aceast\u0103 m\u0103sura a fost pentru face Rom\u00e2nia mai atractiv\u0103 pentru investi\u021bii.&nbsp;<\/span><\/p>\n<p id=\"p-5\"><span>\u201eAm redus-o anul acesta. Acest tip de decizii se iau cu un an, doi de zile \u00eenainte. aceast\u0103 m\u0103sur\u0103 pe care am luat-o \u0219i pe care eu o sus\u021bin, cred c\u0103 va \u00eendrepta lucrurile \u0219i ne va face mai atractiv pentru mari investi\u021bii. Adic\u0103 sunt companiile rom\u00e2ne\u0219ti care vor s\u0103 se dezvolte sau companiile str\u0103ine care vor s\u0103 vin\u0103 pe aceste pie\u021be\u201d, spune \u0219eful Guvernului.&nbsp;<\/span><\/p>\n<p id=\"p-6\"><span>Reac\u021bia prim-ministrului vine dup\u0103 ce <span><a href=\"https:\/\/www.mediafax.ro\/economic\/sindicatul-dacia-avertizeaza-1-200-de-angajati-de-la-mioveni-vor-fi-concediati-in-2026-in-timp-ce-modele-noi-sunt-produse-in-turcia-si-slovenia-23702633\">Sindicatul<\/a> <\/span>Autoturisme Dacia&nbsp; a avertizat c\u0103 .200 de angaja\u021bi urmeaz\u0103 s\u0103 fie concedia\u021bi, dup\u0103 ce grupul&nbsp; Renault a decis mutarea produc\u021biei noilor modele de Dacia \u00een Turcia \u0219i Slovenia.&nbsp;<\/span><\/p>\n","protected":false},"excerpt":{"rendered":"<p>Premierul s-a declarat \u00eengrijorat despre legat de anun\u021bul sindicali\u0219tilor: \u201eOrice pierdere de comenzi la companiile care sunt coloana vertebral\u0103 \u00een economii, \u00een mod evident, \u00eenseamn\u0103 ni\u0219te sc\u0103deri, ni\u0219te locuri de &hellip; <a href=\"https:\/\/microscopemedia.com\/?p=682046\" class=\"more-link\">Read More<\/a><\/p>\n","protected":false},"author":1,"featured_media":682047,"comment_status":"closed","ping_status":"closed","sticky":false,"template":"Default","format":"standard","meta":[],"categories":[1],"tags":[],"_links":{"self":[{"href":"https:\/\/microscopemedia.com\/index.php?rest_route=\/wp\/v2\/posts\/682046"}],"collection":[{"href":"https:\/\/microscopemedia.com\/index.php?rest_route=\/wp\/v2\/posts"}],"about":[{"href":"https:\/\/microscopemedia.com\/index.php?rest_route=\/wp\/v2\/types\/post"}],"author":[{"embeddable":true,"href":"https:\/\/microscopemedia.com\/index.php?rest_route=\/wp\/v2\/users\/1"}],"replies":[{"embeddable":true,"href":"https:\/\/microscopemedia.com\/index.php?rest_route=%2Fwp%2Fv2%2Fcomments&post=682046"}],"version-history":[{"count":0,"href":"https:\/\/microscopemedia.com\/index.php?rest_route=\/wp\/v2\/posts\/682046\/revisions"}],"wp:featuredmedia":[{"embeddable":true,"href":"https:\/\/microscopemedia.com\/index.php?rest_route=\/wp\/v2\/media\/682047"}],"wp:attachment":[{"href":"https:\/\/microscopemedia.com\/index.php?rest_route=%2Fwp%2Fv2%2Fmedia&parent=682046"}],"wp:term":[{"taxonomy":"category","embeddable":true,"href":"https:\/\/microscopemedia.com\/index.php?rest_route=%2Fwp%2Fv2%2Fcategories&post=682046"},{"taxonomy":"post_tag","embeddable":true,"href":"https:\/\/microscopemedia.com\/index.php?rest_route=%2Fwp%2Fv2%2Ftags&post=682046"}],"curies":[{"name":"wp","href":"https:\/\/api.w.org\/{rel}","templated":true}]}}