{"id":682048,"date":"2026-03-15T20:46:03","date_gmt":"2026-03-15T20:46:03","guid":{"rendered":"https:\/\/microscopemedia.com\/?p=682048"},"modified":"2026-03-15T20:46:03","modified_gmt":"2026-03-15T20:46:03","slug":"iranul-a-arestat-500-de-persoane-pentru-ca-ar-fi-oferit-informatii-inamicului","status":"publish","type":"post","link":"https:\/\/microscopemedia.com\/?p=682048","title":{"rendered":"Iranul a arestat 500 de persoane pentru c\u0103 ar fi \u201eoferit informa\u021bii inamicului\u201d"},"content":{"rendered":"<div><img decoding=\"async\" src=\"https:\/\/microscopemedia.com\/wp-content\/uploads\/2026\/03\/iranul-a-arestat-500-de-persoane-pentru-ca-ar-fi-oferit-informatii-inamicului.jpg\" class=\"ff-og-image-inserted\"><\/div>\n<p id=\"p-0\"><span dir=\"auto\">Iranul a arestat 500 de persoane acuzate c\u0103 au \u00eemp\u0103rt\u0103\u0219it informa\u021bii cu inamicii, <span><strong><a href=\"https:\/\/www.reuters.com\/world\/middle-east\/iran-arrests-dozens-people-accused-being-informants-israel-2026-03-15\/\">a declarat duminic\u0103 \u0219eful poli\u021biei Republicii Islamice<\/a><\/strong><\/span>, \u00een timp ce avioanele de v\u00e2n\u0103toare israeliene \u0219i americane continu\u0103 s\u0103 atace noi \u021binte \u00een \u021bar\u0103.<\/span><\/p>\n<p id=\"p-1\"><span dir=\"auto\">Jum\u0103tate din aceste cazuri au implicat incidente grave \u201einclusiv persoane care au furnizat informa\u021bii pentru lovirea \u021bintelor \u0219i persoane care au filmat loca\u021biile atacurilor \u0219i le-au trimis\u201d, a declarat Ahmadreza Radan. El nu a intrat \u00een detalii despre momentul \u00een care au avut loc arest\u0103rile.<\/span><\/p>\n<p id=\"p-2\"><span dir=\"auto\">Anterior, presa iranian\u0103 a relatat duminic\u0103 zeci de arest\u0103ri \u00een mai multe regiuni.<\/span><\/p>\n<p id=\"p-3\"><span dir=\"auto\">\u00cen nord-vestul Iranului, agen\u021bia de \u0219tiri semi-oficial\u0103 Tasnim a declarat c\u0103 20 de persoane au fost arestate sub acuza\u021biile procuraturii provinciale c\u0103 au trimis Israelului detalii despre loca\u021biile activelor militare \u0219i de securitate ale Iranului.<\/span><\/p>\n<p id=\"p-4\"><span dir=\"auto\">\u00cen nord-estul Iranului, care a r\u0103mas relativ neatins de atacurile aeriene, Tasnim a raportat arestarea a 10 persoane, unele dintre ele acuzate c\u0103 au colectat informa\u021bii despre loca\u021bii sensibile \u0219i infrastructur\u0103 economic\u0103.<\/span><\/p>\n<p id=\"p-5\"><span dir=\"auto\">\u201e\u00cen timp ce inamicul sionist (Israelul) \u0219i SUA \u00eencearc\u0103 s\u0103 invadeze Iranul, ace\u0219tia activeaz\u0103 simultan mercenari \u0219i spioni pentru a organiza revolte, ca urm\u0103tor pas\u201d, a declarat o filial\u0103 provincial\u0103 a organiza\u021biei de informa\u021bii a G\u0103rzilor Revolu\u021bionare, potrivit lui Tasnim.<\/span><\/p>\n<p id=\"p-6\"><span dir=\"auto\">Re\u021beaua de \u0219tiri a relatat, de asemenea, c\u0103 trei persoane au fost re\u021binute \u00een provincia Lorestan, \u00een vestul \u021b\u0103rii, pentru c\u0103 \u201eau \u00eencercat s\u0103 tulbure opinia public\u0103\u2026 \u0219i s\u0103 ard\u0103 simboluri de doliu\u201d.<\/span><\/p>\n<p id=\"p-7\"><span dir=\"auto\"><span><strong>Israelul <\/strong><\/span>a \u00eenceput s\u0103 vizeze punctele de control al securit\u0103\u021bii pe baza informa\u021biilor primite de la informatori afla\u021bi la fa\u021ba locului, reprezent\u00e2nd o nou\u0103 faz\u0103 a atacului s\u0103u asupra Iranului, a declarat s\u0103pt\u0103m\u00e2na aceasta pentru Reuters o surs\u0103 la curent cu strategia militar\u0103 a Israelului.<\/span><\/p>\n<p id=\"p-8\"><span dir=\"auto\">\u00cen ianuarie, cu c\u00e2teva s\u0103pt\u0103m\u00e2ni \u00eenainte ca SUA \u0219i Israelul s\u0103 lanseze r\u0103zboiul actual \u00eempotriva Iranului, \u00een Iran au avut loc proteste antiguvernamentale pe scar\u0103 larg\u0103, care au fost reprimate \u00een cea mai s\u00e2ngeroas\u0103 represiune din istoria Republicii Islamice.<\/span><\/p>\n<p id=\"p-9\"><span dir=\"auto\">Autorit\u0103\u021bile au dat vina pe Israel \u0219i SUA pentru instigarea a ceea ce au numit \u201erevolte violente\u201d menite s\u0103 r\u0103stoarne establishmentul clerical.<\/span><\/p>\n","protected":false},"excerpt":{"rendered":"<p>Iranul a arestat 500 de persoane acuzate c\u0103 au \u00eemp\u0103rt\u0103\u0219it informa\u021bii cu inamicii, a declarat duminic\u0103 \u0219eful poli\u021biei Republicii Islamice, \u00een timp ce avioanele de v\u00e2n\u0103toare israeliene \u0219i americane continu\u0103 &hellip; <a href=\"https:\/\/microscopemedia.com\/?p=682048\" class=\"more-link\">Read More<\/a><\/p>\n","protected":false},"author":1,"featured_media":682049,"comment_status":"closed","ping_status":"closed","sticky":false,"template":"Default","format":"standard","meta":[],"categories":[1],"tags":[],"_links":{"self":[{"href":"https:\/\/microscopemedia.com\/index.php?rest_route=\/wp\/v2\/posts\/682048"}],"collection":[{"href":"https:\/\/microscopemedia.com\/index.php?rest_route=\/wp\/v2\/posts"}],"about":[{"href":"https:\/\/microscopemedia.com\/index.php?rest_route=\/wp\/v2\/types\/post"}],"author":[{"embeddable":true,"href":"https:\/\/microscopemedia.com\/index.php?rest_route=\/wp\/v2\/users\/1"}],"replies":[{"embeddable":true,"href":"https:\/\/microscopemedia.com\/index.php?rest_route=%2Fwp%2Fv2%2Fcomments&post=682048"}],"version-history":[{"count":0,"href":"https:\/\/microscopemedia.com\/index.php?rest_route=\/wp\/v2\/posts\/682048\/revisions"}],"wp:featuredmedia":[{"embeddable":true,"href":"https:\/\/microscopemedia.com\/index.php?rest_route=\/wp\/v2\/media\/682049"}],"wp:attachment":[{"href":"https:\/\/microscopemedia.com\/index.php?rest_route=%2Fwp%2Fv2%2Fmedia&parent=682048"}],"wp:term":[{"taxonomy":"category","embeddable":true,"href":"https:\/\/microscopemedia.com\/index.php?rest_route=%2Fwp%2Fv2%2Fcategories&post=682048"},{"taxonomy":"post_tag","embeddable":true,"href":"https:\/\/microscopemedia.com\/index.php?rest_route=%2Fwp%2Fv2%2Ftags&post=682048"}],"curies":[{"name":"wp","href":"https:\/\/api.w.org\/{rel}","templated":true}]}}