{"id":682050,"date":"2026-03-15T20:56:04","date_gmt":"2026-03-15T20:56:04","guid":{"rendered":"https:\/\/microscopemedia.com\/?p=682050"},"modified":"2026-03-15T20:56:04","modified_gmt":"2026-03-15T20:56:04","slug":"israel-si-liban-ar-putea-incepe-negocieri-pentru-un-armistitiu","status":"publish","type":"post","link":"https:\/\/microscopemedia.com\/?p=682050","title":{"rendered":"Israel \u0219i Liban ar putea \u00eencepe negocieri pentru un armisti\u021biu"},"content":{"rendered":"<div><img decoding=\"async\" src=\"https:\/\/microscopemedia.com\/wp-content\/uploads\/2026\/03\/israel-si-liban-ar-putea-incepe-negocieri-pentru-un-armistitiu.jpg\" class=\"ff-og-image-inserted\"><\/div>\n<p id=\"p-0\"><span>Negocierile ar putea avea loc \u00een urm\u0103toarele zile, \u00eens\u0103 momentul exact \u0219i condi\u021biile discu\u021biilor nu au fost \u00eenc\u0103 stabilite, au declarat doi oficiali israelieni pentru <span><a href=\"https:\/\/www.reuters.com\/world\/europe\/israel-lebanon-expected-hold-talks-soon-israeli-officials-say-2026-03-15\/\">Reuters<\/a><\/span>.&nbsp;<\/span><\/p>\n<p id=\"p-1\"><span>Oficiali libanezi au declarat c\u0103 guvernul dore\u0219te mai \u00eent\u00e2i clarific\u0103ri cu privire la disponibilitatea Israelului de a accepta o \u00eencetare complet\u0103 a focului, condi\u021bie formulat\u0103 de pre\u0219edintele Joseph Aoun pentru a permite \u00eenceperea negocierilor.&nbsp;<\/span><\/p>\n<p id=\"p-2\"><span>De partea israelian\u0103, negocierile ar urma s\u0103 fie conduse de Ron Dermer, un apropiat al premierului Benjamin Netanyahu \u0219i fost ministru pentru afaceri strategice. Potrivit oficialilor israelieni, Fran\u021ba este implicat\u0103 \u00een ini\u021biativa diplomatic\u0103, dup\u0103 ce pre\u0219edintele <span><a href=\"https:\/\/www.mediafax.ro\/stirile-zilei\/emmanuel-macron-cere-negocieri-directe-intre-israel-si-liban-23702946\">Macron<\/a> <\/span>\u0219i-a ar\u0103tat deschiderea pentru medierea unor tratative.&nbsp;<\/span><\/p>\n<p id=\"p-3\"><span>Libanul a fost atras \u00een conflictul din Orientul Mijlociu dup\u0103 ce Hezbollah a atacat Israelul ca ripost\u0103 pentru ucderea fostului liderul suprem al Iranului, ayataollahul Ali Khamenei. sraelul a r\u0103spuns cu o ofensiv\u0103 militar\u0103 care, potrivit informa\u021biilor citate, a provocat peste 800 de victime \u00een Liban \u0219i str\u0103mutarea a peste 800.000 de persoane.&nbsp;<\/span><\/p>\n","protected":false},"excerpt":{"rendered":"<p>Negocierile ar putea avea loc \u00een urm\u0103toarele zile, \u00eens\u0103 momentul exact \u0219i condi\u021biile discu\u021biilor nu au fost \u00eenc\u0103 stabilite, au declarat doi oficiali israelieni pentru Reuters.&nbsp; Oficiali libanezi au declarat &hellip; <a href=\"https:\/\/microscopemedia.com\/?p=682050\" class=\"more-link\">Read More<\/a><\/p>\n","protected":false},"author":1,"featured_media":682051,"comment_status":"closed","ping_status":"closed","sticky":false,"template":"Default","format":"standard","meta":[],"categories":[1],"tags":[],"_links":{"self":[{"href":"https:\/\/microscopemedia.com\/index.php?rest_route=\/wp\/v2\/posts\/682050"}],"collection":[{"href":"https:\/\/microscopemedia.com\/index.php?rest_route=\/wp\/v2\/posts"}],"about":[{"href":"https:\/\/microscopemedia.com\/index.php?rest_route=\/wp\/v2\/types\/post"}],"author":[{"embeddable":true,"href":"https:\/\/microscopemedia.com\/index.php?rest_route=\/wp\/v2\/users\/1"}],"replies":[{"embeddable":true,"href":"https:\/\/microscopemedia.com\/index.php?rest_route=%2Fwp%2Fv2%2Fcomments&post=682050"}],"version-history":[{"count":0,"href":"https:\/\/microscopemedia.com\/index.php?rest_route=\/wp\/v2\/posts\/682050\/revisions"}],"wp:featuredmedia":[{"embeddable":true,"href":"https:\/\/microscopemedia.com\/index.php?rest_route=\/wp\/v2\/media\/682051"}],"wp:attachment":[{"href":"https:\/\/microscopemedia.com\/index.php?rest_route=%2Fwp%2Fv2%2Fmedia&parent=682050"}],"wp:term":[{"taxonomy":"category","embeddable":true,"href":"https:\/\/microscopemedia.com\/index.php?rest_route=%2Fwp%2Fv2%2Fcategories&post=682050"},{"taxonomy":"post_tag","embeddable":true,"href":"https:\/\/microscopemedia.com\/index.php?rest_route=%2Fwp%2Fv2%2Ftags&post=682050"}],"curies":[{"name":"wp","href":"https:\/\/api.w.org\/{rel}","templated":true}]}}