{"id":689128,"date":"2026-04-25T01:36:04","date_gmt":"2026-04-25T01:36:04","guid":{"rendered":"https:\/\/microscopemedia.com\/?p=689128"},"modified":"2026-04-25T01:36:04","modified_gmt":"2026-04-25T01:36:04","slug":"25-aprilie-in-istorie-harti-razboaie-libertate-si-stiinta","status":"publish","type":"post","link":"https:\/\/microscopemedia.com\/?p=689128","title":{"rendered":"25 aprilie \u00een istorie: h\u0103r\u021bi, r\u0103zboaie, libertate \u0219i \u0219tiin\u021b\u0103"},"content":{"rendered":"<div><img decoding=\"async\" src=\"https:\/\/microscopemedia.com\/wp-content\/uploads\/2026\/04\/25-aprilie-in-istorie-harti-razboaie-libertate-si-stiinta.jpg\" class=\"ff-og-image-inserted\"><\/div>\n<p><head><br \/>\n    <meta charset=\"utf-8\"><br \/>\n    <meta name=\"viewport\" content=\"width=device-width, initial-scale=1.0\"><br \/>\n    <meta name=\"HandheldFriendly\" content=\"true\"><br \/>\n    <meta name=\"MobileOptimized\" content=\"420\"><br \/>\n    <meta name=\"theme-color\" content=\"#000000\"><br \/>\n    <meta name=\"referrer\" content=\"origin-when-cross-origin\"><\/p>\n<link rel=\"Shortcut Icon\" type=\"image\/x-icon\" href=\"\/favicon.ico\">\n<link rel=\"preconnect\" href=\"\/\/www.googletagmanager.com\" crossorigin=\"use-credentials\"><link rel=\"dns-prefetch\" href=\"\/\/www.googletagmanager.com\">\n\t<link rel=\"preconnect\" href=\"\/\/ineed2s.ro\"><link rel=\"dns-prefetch\" href=\"\/\/ineed2s.ro\">\n\t<link rel=\"preconnect\" href=\"\/\/cookie-cdn.cookiepro.com\"><link rel=\"dns-prefetch\" href=\"\/\/cookie-cdn.cookiepro.com\">\n\t<link rel=\"preload\" href=\"https:\/\/www.mediafax.ro\/wp-content\/themes\/mediafax-twentyfour\/assets\/css\/fonts\/spline-sans-v10-latin_latin-ext-regular.woff2\" as=\"font\" type=\"font\/woff2\" crossorigin>\n\t<link rel=\"preload\" href=\"https:\/\/www.mediafax.ro\/wp-content\/themes\/mediafax-twentyfour\/assets\/css\/fonts\/spline-sans-v10-latin_latin-ext-700.woff2\" as=\"font\" type=\"font\/woff2\" crossorigin>\n\t<link rel=\"preload\" href=\"https:\/\/www.mediafax.ro\/wp-content\/themes\/mediafax-twentyfour\/assets\/css\/fonts\/gelasio-v12-latin_latin-ext-700.woff2\" as=\"font\" type=\"font\/woff2\" crossorigin>\n<p><meta name=\"robots\" content=\"index, follow, max-image-preview:large, max-snippet:-1, max-video-preview:-1\"><\/p>\n<p>\t<!-- This site is optimized with the Yoast SEO plugin v26.7 - https:\/\/yoast.com\/wordpress\/plugins\/seo\/ --><br \/>\n\t<title>25 aprilie \u00een istorie: h\u0103r\u021bi, r\u0103zboaie, libertate \u0219i \u0219tiin\u021b\u0103<\/title><br \/>\n\t<meta name=\"description\" content=\"Ziua de 25 aprilie reune\u0219te, \u00een calendarul istoriei, evenimente care au schimbat felul \u00een care oamenii au privit lumea, au purtat r\u0103zboaie, au construit institu\u021bii, au cucerit libert\u0103\u021bi \u0219i au explorat universul. De la prima apari\u021bie a numelui \u201eAmerica\u201d pe o hart\u0103, p\u00e2n\u0103 la lansarea telescopului spa\u021bial Hubble \u0219i semnarea de c\u0103tre Rom\u00e2nia a tratatului de aderare la Uniunea European\u0103, aceast\u0103 dat\u0103 marcheaz\u0103 momente cu impact major asupra istoriei mondiale \u0219i na\u021bionale.\">\n\t<link rel=\"canonical\" href=\"https:\/\/www.mediafax.ro\/social\/25-aprilie-in-istorie-harti-razboaie-libertate-si-stiinta-23726264\">\n\t<meta property=\"og:locale\" content=\"ro_RO\"><br \/>\n\t<meta property=\"og:type\" content=\"article\"><br \/>\n\t<meta property=\"og:title\" content=\"25 aprilie \u00een istorie: h\u0103r\u021bi, r\u0103zboaie, libertate \u0219i \u0219tiin\u021b\u0103\"><br \/>\n\t<meta property=\"og:description\" content=\"Ziua de 25 aprilie reune\u0219te, \u00een calendarul istoriei, evenimente care au schimbat felul \u00een care oamenii au privit lumea, au purtat r\u0103zboaie, au construit institu\u021bii, au cucerit libert\u0103\u021bi \u0219i au explorat universul. De la prima apari\u021bie a numelui \u201eAmerica\u201d pe o hart\u0103, p\u00e2n\u0103 la lansarea telescopului spa\u021bial Hubble \u0219i semnarea de c\u0103tre Rom\u00e2nia a tratatului de aderare la Uniunea European\u0103, aceast\u0103 dat\u0103 marcheaz\u0103 momente cu impact major asupra istoriei mondiale \u0219i na\u021bionale.\"><br \/>\n\t<meta property=\"og:url\" content=\"https:\/\/www.mediafax.ro\/social\/25-aprilie-in-istorie-harti-razboaie-libertate-si-stiinta-23726264\"><br \/>\n\t<meta property=\"og:site_name\" content=\"Mediafax\"><br \/>\n\t<meta property=\"article:publisher\" content=\"https:\/\/www.facebook.com\/mediafax.ro\"><br \/>\n\t<meta property=\"article:published_time\" content=\"2026-04-25T01:30:16+00:00\"><br \/>\n\t<meta property=\"og:image\" content=\"https:\/\/microscopemedia.com\/wp-content\/uploads\/2026\/04\/25-aprilie-in-istorie-harti-razboaie-libertate-si-stiinta.jpg\"><br \/>\n\t<meta property=\"og:image:width\" content=\"2560\"><br \/>\n\t<meta property=\"og:image:height\" content=\"1703\"><br \/>\n\t<meta property=\"og:image:type\" content=\"image\/jpeg\"><br \/>\n\t<meta name=\"twitter:card\" content=\"summary_large_image\"><br \/>\n\t<meta name=\"twitter:creator\" content=\"@mediafax\"><br \/>\n\t<meta name=\"twitter:site\" content=\"@mediafax\"><br \/>\n\t<meta name=\"twitter:label1\" content=\"Scris de\"><br \/>\n\t<meta name=\"twitter:data1\" content=\"Gabriel\"><br \/>\n\t<meta name=\"twitter:label2\" content=\"Timp estimat pentru citire\"><br \/>\n\t<meta name=\"twitter:data2\" content=\"4 minute\"><\/p>\n<p>\t<!-- \/ Yoast SEO plugin. --><\/p>\n<link rel=\"dns-prefetch\" href=\"\/\/www.mediafax.ro\">\n<link rel=\"alternate\" type=\"application\/rss+xml\" title=\"Mediafax \u00bb Flux\" href=\"https:\/\/www.mediafax.ro\/feed\">\n<link rel=\"alternate\" title=\"oEmbed (JSON)\" type=\"application\/json+oembed\" href=\"https:\/\/www.mediafax.ro\/wp-json\/oembed\/1.0\/embed?url=https%3A%2F%2Fwww.mediafax.ro%2Fsocial%2F25-aprilie-in-istorie-harti-razboaie-libertate-si-stiinta-23726264\">\n<link rel=\"alternate\" title=\"oEmbed (XML)\" type=\"text\/xml+oembed\" href=\"https:\/\/www.mediafax.ro\/wp-json\/oembed\/1.0\/embed?url=https%3A%2F%2Fwww.mediafax.ro%2Fsocial%2F25-aprilie-in-istorie-harti-razboaie-libertate-si-stiinta-23726264&amp;format=xml\">\n<link rel=\"stylesheet\" id=\"ep_general_styles-css\" href=\"https:\/\/www.mediafax.ro\/wp-content\/plugins\/elasticpress\/dist\/css\/general-styles.css?ver=66295efe92a630617c00\" type=\"text\/css\" media=\"all\">\n<link rel=\"stylesheet\" id=\"searchterm-highlighting-css\" href=\"https:\/\/www.mediafax.ro\/wp-content\/plugins\/elasticpress\/dist\/css\/highlighting-styles.css?ver=252562c4ed9241547293\" type=\"text\/css\" media=\"all\">\n<link rel=\"EditURI\" type=\"application\/rsd+xml\" title=\"RSD\" href=\"https:\/\/www.mediafax.ro\/xmlrpc.php?rsd\">\n<link rel=\"shortlink\" href=\"https:\/\/www.mediafax.ro\/?p=23726264\">\n<link rel=\"amphtml\" href=\"https:\/\/www.mediafax.ro\/social\/25-aprilie-in-istorie-harti-razboaie-libertate-si-stiinta-23726264\/amp\">\n<link rel=\"icon\" href=\"https:\/\/www.mediafax.ro\/\/wp-content\/uploads\/2025\/03\/cropped-339768054_716950890164337_481225591290846280_n-1-32x32.jpg\" sizes=\"32x32\">\n<link rel=\"icon\" href=\"https:\/\/www.mediafax.ro\/\/wp-content\/uploads\/2025\/03\/cropped-339768054_716950890164337_481225591290846280_n-1-192x192.jpg\" sizes=\"192x192\">\n<link rel=\"apple-touch-icon\" href=\"https:\/\/www.mediafax.ro\/\/wp-content\/uploads\/2025\/03\/cropped-339768054_716950890164337_481225591290846280_n-1-180x180.jpg\">\n<meta name=\"msapplication-TileImage\" content=\"https:\/\/www.mediafax.ro\/\/wp-content\/uploads\/2025\/03\/cropped-339768054_716950890164337_481225591290846280_n-1-270x270.jpg\"><\/p>\n<p>\t<!-- Cxense SATI script begin --><\/p>\n<p><!-- Cxense SATI script end --><\/p>\n<p><!-- Cxense SATI META begin --><br \/>\n    <meta name=\"cXenseParse:pageclass\" content=\"article\"><br \/>\n<meta name=\"cXenseParse:url\" content=\"https:\/\/www.mediafax.ro\/social\/25-aprilie-in-istorie-harti-razboaie-libertate-si-stiinta-23726264\"><br \/>\n<!-- Cxense SATI META end --><\/p>\n<p><!-- Google Tag Manager --><\/p>\n<p><!-- End Google Tag Manager --><br \/>\n<\/head><body class=\"wp-singular post-template-default single single-post postid-23726264 single-format-standard wp-embed-responsive wp-theme-mediafax-twentyfour font-main font-13\" id=\"readabilityBody\"><br \/>\n<!-- Google Tag Manager (noscript) --><br \/>\n<noscript><\/noscript><br \/>\n<!-- End Google Tag Manager (noscript) --><\/p>\n<div class=\"container\">\n<div class=\"page_wrapper\">\n<div class=\"single__container\">\n<div class=\"single__content bg-white dark:bg-black md:w-1000 mg-x-auto\">\n<div class=\"single__text md:max-w-700 mg-x-auto\">\n<h2 id=\"chapter-0\">25 Aprilie \u00een Istorie<\/h2>\n<ul>\n<li data-start=\"540\" data-end=\"896\">\u00cen 1507, cartograful german Martin Waldseem\u00fcller a realizat o hart\u0103 a lumii pe care ap\u0103rea, pentru prima dat\u0103, numele<strong> \u201eAmerica\u201d<\/strong>, \u00een onoarea exploratorului Amerigo Vespucci. Importan\u021ba acestei h\u0103r\u021bi este uria\u0219\u0103, deoarece ea prezenta noul continent ca o mas\u0103 de uscat separat\u0103, contribuind decisiv la schimbarea viziunii europenilor asupra lumii.<\/li>\n<li data-start=\"898\" data-end=\"1245\">Un alt moment important s-a petrecut \u00een 1859, c\u00e2nd, la Port Said, a \u00eenceput construc\u021bia <strong>Canalului Suez.<\/strong> Proiectul, coordonat de Ferdinand de Lesseps, urm\u0103rea s\u0103 lege Marea Mediteran\u0103 de Marea Ro\u0219ie \u0219i s\u0103 scurteze drumul maritim dintre Europa \u0219i Asia. Canalul avea s\u0103 devin\u0103 una dintre cele mai importante rute comerciale ale lumii moderne.<\/li>\n<li data-start=\"1247\" data-end=\"1699\">Pentru istoria Rom\u00e2niei, data de 25 aprilie 1885 are o semnifica\u021bie deosebit\u0103: a fost recunoscut\u0103 oficial autocefalia <strong>Bisericii Ortodoxe Rom\u00e2ne<\/strong>. Patriarhia Ecumenic\u0103 de Constantinopol a recunoscut dreptul Bisericii Ortodoxe Rom\u00e2ne de a se conduce singur\u0103, prin propriul Sf\u00e2nt Sinod. Evenimentul a completat simbolic procesul de afirmare a statului rom\u00e2n modern, dup\u0103 Unirea Principatelor, Independen\u021ba de Stat \u0219i proclamarea Regatului Rom\u00e2niei.<\/li>\n<li data-start=\"1701\" data-end=\"2005\">\u00cen 1898, Congresul Statelor Unite a declarat r\u0103zboi Spaniei. <strong>R\u0103zboiul hispano-american<\/strong> a durat doar c\u00e2teva luni, dar consecin\u021bele sale au fost majore. Statele Unite au ie\u0219it victorioase \u0219i au dob\u00e2ndit controlul asupra Filipinelor, Puerto Rico \u0219i Guam, consolid\u00e2ndu-\u0219i statutul de putere mondial\u0103.<\/li>\n<li data-start=\"2007\" data-end=\"2393\">Pe <strong>25 aprilie 1915,<\/strong> \u00een timpul <strong>Primului R\u0103zboi Mondial,<\/strong> trupele aliate au debarcat \u00een Peninsula Gallipoli. Opera\u021biunea a implicat solda\u021bi australieni, neozeelandezi, britanici, francezi \u0219i indieni. Campania s-a \u00eencheiat cu un e\u0219ec militar pentru Alia\u021bi, dar pentru Australia \u0219i Noua Zeeland\u0103 a devenit un moment fondator al memoriei na\u021bionale, comemorat anual prin ANZAC Day.<\/li>\n<li data-start=\"2395\" data-end=\"2722\">Tot de Rom\u00e2nia se leag\u0103 \u0219i data de 25 aprilie 1932, c\u00e2nd, la Chi\u0219in\u0103u, s-a n\u0103scut<strong> Lia Manoliu<\/strong>, una dintre cele mai mari sportive rom\u00e2ne. Campioan\u0103 olimpic\u0103 la aruncarea discului \u0219i fost\u0103 pre\u0219edint\u0103 a Comitetului Olimpic Rom\u00e2n, Lia Manoliu a devenit un simbol al perseveren\u021bei, al performan\u021bei \u0219i al demnit\u0103\u021bii \u00een sport.<\/li>\n<li data-start=\"2724\" data-end=\"3163\">Anul 1945 a transformat ziua de 25 aprilie \u00eentr-un reper al sf\u00e2r\u0219itului celui de-<strong>Al Doilea R\u0103zboi Mondial<\/strong>. Trupele americane \u0219i sovietice s-au \u00eent\u00e2lnit la Torgau, pe r\u00e2ul Elba, semnal\u00e2nd apropierea \u00eenfr\u00e2ngerii Germaniei naziste. \u00cen aceea\u0219i zi, la San Francisco, delega\u021bii din 50 de state s-au reunit pentru a redacta Carta Organiza\u021biei Na\u021biunilor Unite, document care avea s\u0103 stea la baza noii ordini interna\u021bionale postbelice.<\/li>\n<li data-start=\"3165\" data-end=\"3445\">Tot pe <strong>25 aprilie<\/strong> este marcat\u0103 \u0219i eliberarea Italiei de fascism \u0219i de ocupa\u021bia nazist\u0103. Ziua este s\u0103rb\u0103torit\u0103 ast\u0103zi ca Festa della Liberazione, una dintre cele mai importante s\u0103rb\u0103tori na\u021bionale italiene, simbol al pr\u0103bu\u0219irii dictaturii \u0219i al revenirii la democra\u021bie.<\/li>\n<li data-start=\"3447\" data-end=\"3727\">\u00cen 1953, revista Nature a publicat celebrul articol semnat de James Watson \u0219i Francis Crick despre structura ADN-ului. Modelul dublului helix a deschis drumul geneticii moderne \u0219i a influen\u021bat profund medicina, biologia molecular\u0103 \u0219i cercetarea identit\u0103\u021bii genetice.<\/li>\n<li data-start=\"3729\" data-end=\"4000\">\u00cen 1974, Portugalia a tr\u0103it Revolu\u021bia Garoafelor, o lovitur\u0103 militar\u0103 aproape f\u0103r\u0103 v\u0103rsare de s\u00e2nge, care a pus cap\u0103t dictaturii Estado Novo. Evenimentul a deschis calea democratiz\u0103rii \u021b\u0103rii \u0219i a accelerat procesul de decolonizare \u00een fostele teritorii portugheze.<\/li>\n<li data-start=\"4002\" data-end=\"4248\">Pe 25 aprilie 1990, telescopul spa\u021bial Hubble a fost desf\u0103\u0219urat \u00een orbit\u0103 din naveta Discovery. De atunci, observa\u021biile sale au schimbat astronomia modern\u0103 \u0219i au oferit omenirii unele dintre cele mai spectaculoase imagini ale universului.<\/li>\n<li data-start=\"4250\" data-end=\"4537\">Mai aproape de prezent, pe 25 aprilie 2005, <strong>Rom\u00e2nia<\/strong> a semnat, la Luxemburg, Tratatul de aderare la <strong>Uniunea European\u0103<\/strong>, \u00eempreun\u0103 cu Bulgaria. Documentul a preg\u0103tit aderarea efectiv\u0103 de la 1 ianuarie 2007 \u0219i a devenit unul dintre reperele majore ale istoriei recente a Rom\u00e2niei.<\/li>\n<\/ul><\/div>\n<\/p><\/div>\n<\/p><\/div>\n<\/p><\/div>\n<\/p><\/div>\n<p><!-- Module: Floating search box --><br \/>\n<input type=\"checkbox\" id=\"searchbox-open\"><\/p>\n<p><!-- floating search box end --><\/p>\n<p>\t<!-- START LIBMON SCRIPT --><\/p>\n<p>\t<!-- END LIBMON SCRIPT --><\/p>\n<p>\t<!-- Navigator Share --><\/p>\n<p>\t<!-- START TRUVID SCRIPT --><\/p>\n<p>\t<!-- END TRUVID SCRIPT --><br \/>\n<!-- START TEADS SCRIPT --><\/p>\n<p><!-- END TEADS SCRIPT --><\/p>\n<p><\/body><br \/>\n<!--\nPerformance optimized by Redis Object Cache. Learn more: https:\/\/wprediscache.com\n\nRetrieved 3196 objects (438 Ko) from Redis using PhpRedis (v6.1.0).\n--><\/p>\n","protected":false},"excerpt":{"rendered":"<p>25 aprilie \u00een istorie: h\u0103r\u021bi, r\u0103zboaie, libertate \u0219i \u0219tiin\u021b\u0103 25 Aprilie \u00een Istorie \u00cen 1507, cartograful german Martin Waldseem\u00fcller a realizat o hart\u0103 a lumii pe care ap\u0103rea, pentru prima &hellip; <a href=\"https:\/\/microscopemedia.com\/?p=689128\" class=\"more-link\">Read More<\/a><\/p>\n","protected":false},"author":1,"featured_media":689129,"comment_status":"closed","ping_status":"closed","sticky":false,"template":"Default","format":"standard","meta":[],"categories":[1],"tags":[],"_links":{"self":[{"href":"https:\/\/microscopemedia.com\/index.php?rest_route=\/wp\/v2\/posts\/689128"}],"collection":[{"href":"https:\/\/microscopemedia.com\/index.php?rest_route=\/wp\/v2\/posts"}],"about":[{"href":"https:\/\/microscopemedia.com\/index.php?rest_route=\/wp\/v2\/types\/post"}],"author":[{"embeddable":true,"href":"https:\/\/microscopemedia.com\/index.php?rest_route=\/wp\/v2\/users\/1"}],"replies":[{"embeddable":true,"href":"https:\/\/microscopemedia.com\/index.php?rest_route=%2Fwp%2Fv2%2Fcomments&post=689128"}],"version-history":[{"count":0,"href":"https:\/\/microscopemedia.com\/index.php?rest_route=\/wp\/v2\/posts\/689128\/revisions"}],"wp:featuredmedia":[{"embeddable":true,"href":"https:\/\/microscopemedia.com\/index.php?rest_route=\/wp\/v2\/media\/689129"}],"wp:attachment":[{"href":"https:\/\/microscopemedia.com\/index.php?rest_route=%2Fwp%2Fv2%2Fmedia&parent=689128"}],"wp:term":[{"taxonomy":"category","embeddable":true,"href":"https:\/\/microscopemedia.com\/index.php?rest_route=%2Fwp%2Fv2%2Fcategories&post=689128"},{"taxonomy":"post_tag","embeddable":true,"href":"https:\/\/microscopemedia.com\/index.php?rest_route=%2Fwp%2Fv2%2Ftags&post=689128"}],"curies":[{"name":"wp","href":"https:\/\/api.w.org\/{rel}","templated":true}]}}