{"id":689140,"date":"2026-04-25T03:46:03","date_gmt":"2026-04-25T03:46:03","guid":{"rendered":"https:\/\/microscopemedia.com\/?p=689140"},"modified":"2026-04-25T03:46:03","modified_gmt":"2026-04-25T03:46:03","slug":"o-asociatie-din-tara-hategului-lupta-de-cinci-ani-sa-obtina-reorganizarea-fostei-rezervatii-a-biosferei-retezat-conform-criteriilor-unesco-cum-s-a-implicat-ministerul-mediului","status":"publish","type":"post","link":"https:\/\/microscopemedia.com\/?p=689140","title":{"rendered":"O asocia\u021bie din \u021aara Ha\u021begului lupt\u0103 de cinci ani s\u0103 ob\u021bin\u0103 reorganizarea fostei Rezerva\u021bii a Biosferei Retezat conform criteriilor UNESCO. Cum s-a implicat Ministerul Mediului"},"content":{"rendered":"<ul>\n<li>Acesta este motivul pentru care membrii asocia\u021biilor din zon\u0103, r\u0103ma\u0219i cu amintirea anilor de glorie de dinaintea retragerii acestui statut, au aplicat \u0219i au ob\u021binut o finan\u021bare pentru refacerea dosarului prin care s\u0103 repun\u0103 \u00een discu\u021bia responsabililor UNESCO la nivel global rec\u00e2\u0219tigarea titlului de o mare \u00eensemn\u0103tate pentru comunitate \u0219i pentru Rom\u00e2nia.<\/li>\n<li>Este vorba de Asocia\u021bia de turism Retezat \u0219i Administra\u021bia parcului na\u021bional Retezat care au depus dosarul de candidatur\u0103 pentru noua rezerva\u021bie a biosferei Retezat Cioclovina, dup\u0103 cum au detaliat liderii asocia\u021biei \u00eentr-un dialog cu reporterul Mediafax actualiza pe parcursul ultimele lor luni.<\/li>\n<li>Ace\u0219tia au ajuns \u00een faza final\u0103 a demersurilor din cadrul proiectului, au transmis \u00eentreaga documenta\u021bie responsabililor organiza\u021biei mondiale \u0219i au solicitat \u0219i Ministerului Mediului sprijinul vital pentru ca propunerea s\u0103 intre pe agenda deciden\u021bilor.<\/li>\n<li>Contacta\u021bi de reporterul Mediafax, oficialii Ministerului Mediului au confirmat c\u0103 au f\u0103cut demersurile procedurale, dar, av\u00e2nd \u00een vedere data &nbsp;o decizie ar putea fi luat\u0103 abia anul urm\u0103tor.<\/li>\n<\/ul>\n<div class=\"single__inline-gallery color-white mg-bottom-20 bg-black padding-5 md:rounded-10\">\n<div class=\"md:rounded-5 display-grid xs:grid-cols-2 grid-cols-3 gap-5\">\n<div class=\"single__inline-gallery-image relative column-span-2 row-span-2\">\n                <a href=\"https:\/\/www.mediafax.ro\/poze\/o-asociatie-din-tara-hategului-lupta-de-cinci-ani-sa-obtina-reorganizarea-fostei-rezervatii-a-biosferei-retezat-conform-criteriilor-unesco-cum-s-a-implicat-ministerul-mediului-23725419\"><br \/>\n                    <img decoding=\"async\" loading=\"lazy\" src=\"https:\/\/microscopemedia.com\/wp-content\/uploads\/2026\/04\/o-asociatie-din-tara-hategului-lupta-de-cinci-ani-sa-obtina-reorganizarea-fostei-rezervatii-a-biosferei-retezat-conform-criteriilor-unesco-cum-s-a-implicat-ministerul-mediului.jpg\" width=\"700\" height=\"450\"><br \/>\n                <\/a>\n                            <\/div>\n<div class=\"single__inline-gallery-image relative \">\n                <a href=\"https:\/\/www.mediafax.ro\/poze\/o-asociatie-din-tara-hategului-lupta-de-cinci-ani-sa-obtina-reorganizarea-fostei-rezervatii-a-biosferei-retezat-conform-criteriilor-unesco-cum-s-a-implicat-ministerul-mediului-23725419\"><br \/>\n                    <img decoding=\"async\" loading=\"lazy\" src=\"https:\/\/microscopemedia.com\/wp-content\/uploads\/2026\/04\/o-asociatie-din-tara-hategului-lupta-de-cinci-ani-sa-obtina-reorganizarea-fostei-rezervatii-a-biosferei-retezat-conform-criteriilor-unesco-cum-s-a-implicat-ministerul-mediului-1.jpg\" width=\"700\" height=\"450\"><br \/>\n                <\/a>\n                            <\/div>\n<\/p><\/div>\n<\/p><\/div>\n<h2 id=\"chapter-0\">Aproape o jum\u0103tate de secol de la prima desemnare<\/h2>\n<p id=\"p-0\">\u00cen Rom\u00e2nia au fost trei astfel de rezerva\u021bii ale biosferei, dintre care au r\u0103mas cu acest statut doar dou\u0103. Conceptul \u015fi denumirea de \u201eRezerva\u0163ie a Biosferei\u201d au fost promovate \u00een 1971 prin Programul \u201eOmul \u015fi Biosfera\u201d (MAB), sub auspiciile UNESCO. Prin acest concept s-a avut \u00een vedere conservarea unor zone naturale caracteristice, ecosisteme reprezentative capabile de men\u021binerea \u015fi extinderea unor specii de plante \u015fi animale pe cale de dispari\u0163ie sau aflate \u00een pericol, potrivit Agen\u021biei Na\u021bionale pentru Mediu \u0219i Arii Protejate, de sub umbrela Ministerului Mediului, Apelor \u0219i P\u0103durilor<\/p>\n<p id=\"p-1\">MAB este un program \u0219tiin\u021bific interguvernamental care \u00ee\u0219i propune s\u0103 stabileasc\u0103 o baz\u0103 \u0219tiin\u021bific\u0103 pentru \u00eembun\u0103t\u0103\u021birea rela\u021biei dintre oameni \u0219i mediul lor. Rezerva\u021biile biosferei sunt desemnate \u00een cadrul programului interguvernamental MAB de c\u0103tre directorul general al UNESCO \u00een urma deciziilor Consiliului interna\u021bional de coordonare al MAB (MAB ICC), iar statutul lor este recunoscut pe plan interna\u021bional.<\/p>\n<ul>\n<li><strong>Delta Dun\u0103rii<\/strong> a fost desemnat\u0103 ca rezerva\u021bie a biosferei \u00een 1998.<\/li>\n<\/ul>\n<p id=\"p-2\">Unul dintre motivele pentru care Delta Dun\u0103rii a fost desemnat\u0103 rezerva\u021bie a biosferei este biodiversitatea mult mai bogat\u0103 \u0219i divers\u0103 \u00een compara\u021bie cu alte delte ale Europei \u0219i chiar ale Terrei. \u00cen Delta Dun\u0103rii s-a p\u0103strat o densitate ridicat\u0103 a multor specii care sunt rare sau lipsesc din alte zone ale continentului.<\/p>\n<p id=\"p-3\">Mozaicul de habitate dezvoltate \u00een Rezerva\u021bia Biosferei Delta Dun\u0103rii este cel mai variat din Rom\u00e2nia cu o mare diversitate de comunit\u0103\u021bi de plante \u0219i animale al c\u0103ror num\u0103r a fost apreciat la peste 5000 de tipuri. Delta Dun\u0103rii este cea mai mare zon\u0103 umed\u0103 \u0219i cea mai mare zon\u0103 de stuf din Europa.<\/p>\n<ul>\n<li><strong>Pietrosul Rodnei<\/strong> \u2013 a fost desemnat ca rezerva\u021bie a biosferei \u00een 1979, la a VI-a sesiune a Consiliului Interna\u0163ional de Coordonare a Programului Om-Biosfer\u0103 din cadrul UNESCO.<\/li>\n<\/ul>\n<p id=\"p-4\">Pe suprafa\u021ba rezerva\u021biei de 44.000 de hectare se afl\u0103 cel mai impresionant relief glaciar din Mun\u021bii Rodnei cu circurile glaciare Buh\u0103escu \u2013 cel mai mare din Mun\u021bii Rodnei, Z\u0103noaga Iezerului, Z\u0103noaga Mare, Z\u0103noaga Mic\u0103, Rebra, Gropi, av\u00e2nd \u00een por\u021biunea bazal\u0103 morene \u0219i c\u0103deri de ap\u0103 pe pragurile de st\u00e2nc\u0103 lustruite de ghe\u021bari.<\/p>\n<p id=\"p-5\">Zona nu este locuit\u0103, dar satele din \u00eemprejurimi depind de agricultur\u0103, cre\u0219terea animalelor, v\u00e2n\u0103toare \u0219i silvicultur\u0103. Datorit\u0103 agriculturii tradi\u021bionale, peisajul s\u0103lbatic este men\u021binut \u0219i ast\u0103zi.<\/p>\n<ul>\n<li><strong>Retezat<\/strong> a fost desemnat ca rezerva\u0163ie a biosferei tot \u00een anul 1979.<\/li>\n<\/ul>\n<p id=\"p-6\">Decizia a fost luat\u0103 datorit\u0103 habitatelor sale foarte diverse, multe naturale sau pu\u021bin modificate de interven\u021bia uman\u0103, potrivit Agen\u021biei Na\u021bionale pentru Mediu \u0219i Arii Protejate.<\/p>\n<p id=\"p-7\">Aceast\u0103 rezerva\u021bie a biosferei situat\u0103 la jonc\u021biunea a trei regiuni floristice este relevant\u0103 pentru conservarea diversit\u0103\u021bii europene a p\u0103durilor montane.<\/p>\n<p id=\"p-8\">Suprafa\u021ba de la acea dat\u0103 a Rezerva\u021bia biosferei Retezat nu era locuit\u0103, \u00eens\u0103 comunit\u0103\u021bile rurale din afara rezerva\u021biei depind de cultivarea plantelor, cre\u0219terea animalelor \u0219i silvicultur\u0103, motiv pentru care i s-a retras acest statut.<\/p>\n<h2 id=\"chapter-1\">Cum s-a n\u0103scut actualul proiect de candidatur\u0103<\/h2>\n<p id=\"p-9\"><img class=\"alignnone wp-image-23725429 size-full\" src=\"https:\/\/microscopemedia.com\/wp-content\/uploads\/2026\/04\/o-asociatie-din-tara-hategului-lupta-de-cinci-ani-sa-obtina-reorganizarea-fostei-rezervatii-a-biosferei-retezat-conform-criteriilor-unesco-cum-s-a-implicat-ministerul-mediului.webp\" alt width=\"700\" height=\"525\" loading=\"lazy\" decoding=\"async\" srcset=\"https:\/\/microscopemedia.com\/wp-content\/uploads\/2026\/04\/o-asociatie-din-tara-hategului-lupta-de-cinci-ani-sa-obtina-reorganizarea-fostei-rezervatii-a-biosferei-retezat-conform-criteriilor-unesco-cum-s-a-implicat-ministerul-mediului-1.webp 500w, https:\/\/microscopemedia.com\/wp-content\/uploads\/2026\/04\/o-asociatie-din-tara-hategului-lupta-de-cinci-ani-sa-obtina-reorganizarea-fostei-rezervatii-a-biosferei-retezat-conform-criteriilor-unesco-cum-s-a-implicat-ministerul-mediului.webp 728w\"><\/p>\n<p id=\"p-10\">Anca Rusu, manager al Asocia\u021bia de Turism Retezat, <a href=\"https:\/\/www.mediafax.ro\/economic\/mica-unire-in-bucate-chefi-experti-in-gastonomie-si-manageri-de-destinatii-turistice-au-savarsit-un-meniu-de-uniune-nationala-23675920\">neobosit\u0103 promotoare a T\u0103rii Ha\u021begulu<\/a>i \u0219i a \u021binuturilor odat\u0103 st\u0103p\u00e2nite de dinozauri, a vorbit pasiune cu reporterul Mediafax despre proiectul pentru reorganizarea fostei Rezerva\u021bii a Biosferei Retezat conform criteriilor UNESCO MAB \u00een ianuarie, cu ocazia unui festival dedicat Micii Uniri &nbsp;la care au participat pentru a promova \u0219i gastronomia \u0219i tradi\u021biile din Ardeal.<\/p>\n<blockquote readability=\"20.350947158524\">\n<p id=\"p-11\">\u201e\u00cen 1979, o parte din Parcul Na\u021bional Retezat a fost desemnat\u0103 rezerva\u021bia biosferei, \u00eentre timp crierile de certificare s-au schimbat \u0219i mai multe \u021b\u0103ri din lume au pierdut statutul acesta, dar \u00een 2015 s-a \u00eent\u00e2mplat alt lucru: a fost recunoscut interna\u021bional primul geoparc din Rom\u00e2nia, <a href=\"https:\/\/www.mediafax.ro\/politic\/ministerul-mediului-deblocheaza-desemnarea-geoparcurilor-unesco-in-romania-23719811\">Geoparcul interna\u021bional UNESCO<\/a> \u021aara Ha\u021begului, care se suprapune peste o arie protejat\u0103 ce se cheam\u0103 Parcul Natural Geoparcul Dinozaurilor \u021aara Ha\u021begului, \u0219i acesta a fost momentul nostru de glorie. \u00centre timp Asocia\u021bia de turism Retezat a r\u0103mas, al\u0103turi de Administra\u021bia parcului na\u021bional Retezat, cu nostalgia recunoa\u0219terii Rezerva\u021biei biosferei Retezat, iar noi, Asocia\u021bia de turism Retezat, unitatea de management al destina\u021biei turistice din \u021aara Ha\u021begului, am ob\u021binut o finan\u021bare \u0219i \u00eempreun\u0103 cu Administra\u021bia parcului am depus dosarul de candidatur\u0103 pentru noua rezerva\u021bie a biosferei Retezat Cioclovina\u201d, a povestit Anca Rusu cu prilejul evenimentului din ianuarie.<\/p>\n<\/blockquote>\n<p id=\"p-12\">La acel moment, C\u0103lin Pop, membru al Consiliului Director al Asocia\u021bia de turism Retezat, a detaliat traseul dosarului, care fusese trimis Ministerului Mediului pentru sus\u021binerea.<\/p>\n<p id=\"p-13\">\u201e\u00cen anul 2021 am \u00eenceput implementarea unui proiect care a vizat realizarea studiilor ca s\u0103 demonstr\u0103m existen\u021ba unei biodiversit\u0103\u021bi, a unui peisaj natural valoros despre care \u0219tiam c\u0103 sunt, dar trebuia s\u0103 venim cu studii \u0219i cu date actuale \u0219i relevante. Dincolo de asta, criteriul care determinat retragerea recunoa\u0219terii UNESCO a fost lipsa comunit\u0103\u021bilor locale permanente de pe suprafa\u021ba rezerva\u021biei biosferei. \u0218i atunci a doua etap\u0103 a proiectului a presupus s\u0103 extindem recunoa\u0219terea c\u0103tre a\u0219ez\u0103rile umane, c\u0103tre locuitori\u201d, a povestit C\u0103lin Pop.<\/p>\n<p id=\"p-14\">La acea dat\u0103, dosarul fusese finalizat \u0219i trimis la Ministerul Mediului \u00eenc\u0103 din iuna iunie a anului trecut.<\/p>\n<blockquote readability=\"22\">\n<p id=\"p-15\">\u201eAm ob\u021binut pe parcursul acestor ani acordul comunit\u0103\u021bilor, al prim\u0103riilor, al consiliilor locale, al asocia\u021biilor de proprietari, a de\u021bin\u0103torilor de terenuri, am \u00eentocmit toat\u0103 documenta\u021bia cerut\u0103 de UNESCO \u0219i mai avem de parcurs dou\u0103 etape: de ob\u021binut o adres\u0103 a Ministerului Mediului prin care ei \u00ee\u0219i exprim\u0103 suportul fa\u021b\u0103 de acest demers, pentru c\u0103, prin ceea ce noi facem, practic nu cre\u0103m o supraarie protejat\u0103, un alt parc na\u021bional sau o alt\u0103 recunoa\u0219tere pe legisla\u021bie, ci o recunoa\u0219tere interna\u021bional\u0103 UNESCO \u0219i practic rolul ministerului \u00een acest sens nu este s\u0103 dea o nou\u0103 legisla\u021bie, ci efectiv s\u0103 \u00ee\u0219i arate sus\u021binerea. Am trimis solicitarea, \u00een 13 iunie, \u0219i am avut coresponden\u021b\u0103 nenum\u0103rat\u0103 cu Ministerul Mediului\u201d, spunea \u00een ianuarie C\u0103lin Pop.<\/p>\n<\/blockquote>\n<p id=\"p-16\">Responsabilii asocia\u021biei au precizat c\u0103 trimiseser\u0103 documenta\u021bia \u0219i la UNESCO Rom\u00e2nia, cu care sus\u021bin c\u0103 au colaborat extraordinar pe tot parcursul realiz\u0103rii documenta\u021biei, astfel \u00eenc\u00e2t s\u0103 aib\u0103 siguran\u021ba ca ceea ce au lucrat este \u00een concordan\u021b\u0103 cu cerin\u021bele, exigen\u021bele \u0219i standardele organiza\u021biei.<\/p>\n<blockquote readability=\"20\">\n<p id=\"p-17\">\u201eA\u0219tept\u0103m de la minister completarea practic a dosarului. E ultima etap\u0103 dup\u0103 care \u00eenaint\u0103m dosarul oficial \u0219i complet Secretariatului general UNESCO al Rom\u00e2niei, care \u00eel va transmite la UNESCO Paris, urm\u00e2nd ca la urm\u0103torul congres \u2013 se decide \u00een congrese care au loc anual. Noi ne preg\u0103tisem de fapt pentru anul trecut, 2025, de aceea trimisesem \u00een iunie adresa \u00een speran\u021ba c\u0103 vom avea destul de repede un r\u0103spuns \u0219i un dosar complet. Nu fost s\u0103 fie. Congresul a fost \u00een China \u00een 2025, \u00een septembrie, a\u0219tept\u0103m, sper\u0103m pentru anul 2026, documenta\u021bia s\u0103 ajung\u0103 la UNESCO. Am avut o colaborare deosebit\u0103 \u0219i cu biroul Omul \u0219i bioesfera al UNESCO Paris, \u0219i cu secretariatul general UNESCO, \u0219i cel regional de la Vene\u021bia de care depindem noi, cei din Rom\u00e2nia \u0219i din toat\u0103 Europa\u201d, explica membrul asocia\u021biei din Retezat.<\/p>\n<\/blockquote>\n<h2 id=\"chapter-2\">Avantajele statutului<\/h2>\n<p id=\"p-18\">Ob\u021binerea acestui statut nu este doar un imens motiv de m\u00e2ndrie a comunit\u0103\u021bii locale, ci o cre\u0219tere a prestigiului Rom\u00e2niei, explic\u0103 reprezentantul asocia\u021biei.<\/p>\n<blockquote readability=\"21\">\n<p id=\"p-19\">\u201eAvantajele acestei titulaturi: \u00eent\u00e2i de toate, UNESCO \u00eenseamn\u0103 prestigiu, UNESCO \u00eenseamn\u0103 un brand recunoscut \u00een absolut toate col\u021burile lumii. Pentru c\u0103 noi putem pune etichete valabile pentru noi, rom\u00e2nii sau pentru europeni, dar UNESCO e global \u0219i e cunoscut indiferent unde \u00een lume. \u00cen momentul \u00een care noi reu\u0219im s\u0103 ne punem eticheta UNESCO pe piept, orice om din orice col\u021b al lumii va \u0219tii c\u0103 exist\u0103 valoare la noi \u00een zon\u0103, o garan\u021bie a locurilor frumoase, a unui mediu s\u0103n\u0103tos, a unor oameni care \u00eenc\u0103&nbsp; p\u0103streaz\u0103 tradi\u021bii, responsabilitate fa\u021b\u0103 de mediu \u0219i sustenabilitate, p\u00e2n\u0103 la urm\u0103, pentru c\u0103 oamenii \u00eenc\u0103 tr\u0103iesc \u00een armonie cu natura, respect\u0103 mediul \u00eenconjur\u0103tor\u201d, a detaliat C\u0103lin Pop \u00een discu\u021bia cu reporterul Mediafax din ianuarie.<\/p>\n<\/blockquote>\n<p id=\"p-20\">Contactat s\u0103pt\u0103m\u00e2na trecut\u0103 pentru a afla detalii despre proiect, &nbsp;C\u0103lin Pop a confirmat c\u0103, dup\u0103 ce a revenit pe 20 februarie cu o solicitare la Ministerul Mediului pentru a vedea care este stadiul documenta\u021biei, a primit pe 16 martie un r\u0103spuns, care nu a fost cel a\u0219teptat, dar care le d\u0103 membrilor speran\u021b\u0103. \u201eMai bine mai t\u00e2rziu dec\u00e2t niciodat\u0103\u201d, a conchis C\u0103lin Pop.<\/p>\n<p id=\"p-21\"><strong><em>Solicitarea privind emiterea unui punct de vedere \/ a unei scrisori de sus\u021binere a MMAP pentru redob\u00e2ndirea statutului MAB UNESCO \u2013 Rezerva\u021bia Biosferei Retezat (20 februarie 2026), <\/em><\/strong><a href=\"https:\/\/www.mediafax.ro\/\/wp-content\/uploads\/2026\/04\/atr-mmap-rezerv-biosferei-retezat-s2026.pdf\"><strong><em>AICI<\/em><\/strong><\/a><\/p>\n<p id=\"p-22\">La solicitarea Mediafax, oficialii Ministerului Mediului \u0219i-au exprimat sus\u021binerea pentru proiect \u0219i au confirmat c\u0103 o decizie va fi luat\u0103 \u00een discu\u021bie anul viitor.<\/p>\n<blockquote readability=\"16\">\n<p id=\"p-23\">\u201eDocumenta\u021bia transmis\u0103 de elaboratorii documenta\u021biei de renominalizare a Rezerva\u021biei Biosferei Retezat a fost deja notificat\u0103 Secretariatul MAB UNESCO, Delega\u021biei permanente a Rom\u00e2niei pe l\u00e2ng\u0103 UNESCO, \u00een vederea analizei \u0219i promov\u0103rii acesteia ca rezerva\u021bie a biosferei. \u00cen urma coresponden\u021bei dintre Delega\u021bia Permanent\u0103 a Rom\u00e2niei pe l\u00e2ng\u0103 UNESCO \u0219i Secretariatul MAB UNESCO, partea rom\u00e2n\u0103 a fost informat\u0103 c\u0103 documenta\u021bia nu a fost supus\u0103 evalu\u0103rii tehnice de c\u0103tre Comitetul Consultativ Interna\u021bional pentru Rezerva\u021biile Biosferei (IACBR), \u00een cadrul reuniunii tehnice din luna februarie 2026 \u0219i nu va fi inclus\u0103 pe agenda celei de-a 38-a sesiuni a MAB ICC, care va avea loc \u00een luna iunie 2026, urm\u00e2nd ca dosarul s\u0103 fie examinat \u00een cadrul ciclului de evaluare 2027\u201d, au transmis oficialii Ministerului Mediului, la solicitarea Mediafax.<\/p>\n<\/blockquote>\n","protected":false},"excerpt":{"rendered":"<p>Acesta este motivul pentru care membrii asocia\u021biilor din zon\u0103, r\u0103ma\u0219i cu amintirea anilor de glorie de dinaintea retragerii acestui statut, au aplicat \u0219i au ob\u021binut o finan\u021bare pentru refacerea dosarului &hellip; <a href=\"https:\/\/microscopemedia.com\/?p=689140\" class=\"more-link\">Read More<\/a><\/p>\n","protected":false},"author":1,"featured_media":689141,"comment_status":"closed","ping_status":"closed","sticky":false,"template":"Default","format":"standard","meta":[],"categories":[1],"tags":[],"_links":{"self":[{"href":"https:\/\/microscopemedia.com\/index.php?rest_route=\/wp\/v2\/posts\/689140"}],"collection":[{"href":"https:\/\/microscopemedia.com\/index.php?rest_route=\/wp\/v2\/posts"}],"about":[{"href":"https:\/\/microscopemedia.com\/index.php?rest_route=\/wp\/v2\/types\/post"}],"author":[{"embeddable":true,"href":"https:\/\/microscopemedia.com\/index.php?rest_route=\/wp\/v2\/users\/1"}],"replies":[{"embeddable":true,"href":"https:\/\/microscopemedia.com\/index.php?rest_route=%2Fwp%2Fv2%2Fcomments&post=689140"}],"version-history":[{"count":0,"href":"https:\/\/microscopemedia.com\/index.php?rest_route=\/wp\/v2\/posts\/689140\/revisions"}],"wp:featuredmedia":[{"embeddable":true,"href":"https:\/\/microscopemedia.com\/index.php?rest_route=\/wp\/v2\/media\/689141"}],"wp:attachment":[{"href":"https:\/\/microscopemedia.com\/index.php?rest_route=%2Fwp%2Fv2%2Fmedia&parent=689140"}],"wp:term":[{"taxonomy":"category","embeddable":true,"href":"https:\/\/microscopemedia.com\/index.php?rest_route=%2Fwp%2Fv2%2Fcategories&post=689140"},{"taxonomy":"post_tag","embeddable":true,"href":"https:\/\/microscopemedia.com\/index.php?rest_route=%2Fwp%2Fv2%2Ftags&post=689140"}],"curies":[{"name":"wp","href":"https:\/\/api.w.org\/{rel}","templated":true}]}}