{"id":689158,"date":"2026-04-25T06:16:04","date_gmt":"2026-04-25T06:16:04","guid":{"rendered":"https:\/\/microscopemedia.com\/?p=689158"},"modified":"2026-04-25T06:16:04","modified_gmt":"2026-04-25T06:16:04","slug":"nicusor-dan-a-semnat-demisiile-ministrilor-social-democrati-si-anunta-noi-consultari-la-cotroceni","status":"publish","type":"post","link":"https:\/\/microscopemedia.com\/?p=689158","title":{"rendered":"Nicu\u0219or Dan a semnat demisiile mini\u0219trilor social-democra\u021bi \u0219i anun\u021b\u0103 noi consult\u0103ri la Cotroceni"},"content":{"rendered":"<div><img decoding=\"async\" src=\"https:\/\/microscopemedia.com\/wp-content\/uploads\/2026\/04\/nicusor-dan-a-semnat-demisiile-ministrilor-social-democrati-si-anunta-noi-consultari-la-cotroceni.jpg\" class=\"ff-og-image-inserted\"><\/div>\n<p id=\"p-0\"><span>\u201e<\/span><span>Am semnat asear\u01ce demisiile mini\u0219trilor social-democra\u021bi \u0219i propunerile de mini\u0219tri interimari, transmise de c\u0103tre Guvern<\/span><span>\u201d, se arat\u0103 \u00een mesajul publicat s\u00e2mb\u0103t\u0103 de Nicu\u0219or Dan pe Facebook.&nbsp;<\/span><\/p>\n<p id=\"p-1\"><span>De asemenea, a anun\u021bat convocarea, pentru luni, a unei \u00eent\u00e2lniri cu liderii partidelor care au guvernat pentru discu\u021bii tehnice legate de&nbsp; programele PNRR \u0219i SAFE.&nbsp;<\/span><\/p>\n<p id=\"p-2\"><span>\u201e<\/span><span>\u00cemi voi exercita \u00een continuare rolul de mediator. Ca atare, i-am invitat, luni, pe liderii celor patru partide politice pro-europene \u0219i pe liderul grupului parlamentar al minorit\u0103\u021bilor na\u021bionale, pentru a avea o discu\u021bie tehnic\u0103 \u0219i aplicat\u0103 despre programele majore pentru Rom\u00e2nia, precum SAFE \u0219i PNRR<\/span><span>\u201d, continu\u0103 pre\u0219edintele.&nbsp;<\/span><\/p>\n<p id=\"p-3\"><span>Reprezentan\u021bii PSD din guvern \u0219i-au anun\u021bat joi demisiile, ace\u0219tia av\u00e2nd<\/span><span> un vicepremier, Marian Neac\u0219u, \u0219i \u0219ase mini\u0219tri: Alexandru Rogobete (S\u0103n\u0103tate), Radu Marinescu (Justi\u021bie), Florin Barbu (Agricultur\u0103), Florin Manole (Munc\u0103), Bogdan Ivan (Energie) \u0219i Ciprian \u0218erban (Transporturi).<\/span><\/p>\n<p id=\"p-4\">Bolojan a mai anun\u021bat \u0219i cine \u00eei va \u00eenlocui pe mini\u0219trii PSD care au <span><a href=\"https:\/\/www.mediafax.ro\/politic\/ilie-bolojan-face-primele-declaratii-dupa-ce-ministrii-psd-si-au-depus-demisia-23725225\">demisionat<\/a><\/span>:<\/p>\n<ul>\n<li>La Ministerul Muncii \u2013 Drago\u0219 P\u00eeslaru, ministrul Proiectelor Europene<\/li>\n<li>La Ministerul S\u0103n\u0103t\u0103\u021bii \u2013 Cseke Attila, ministrul Dezvolt\u0103rii (UDMR)<\/li>\n<li>La Ministerul Agriculturii \u2013 Tanczos Barna, vicepremier (UDMR)<\/li>\n<li>La Ministerul Justi\u021biei \u2013 C\u0103t\u0103lin Predoiu, ministrul Afacerilor Interne (PNL)<\/li>\n<li>La Ministerul Energiei \u2013 Ilie Bolojan<\/li>\n<li>La Ministerul Transporturilor \u2013 Radu Miru\u021b\u0103, ministrul Ap\u0103r\u0103rii (USR)<\/li>\n<li>Atribu\u021biile vicepremierului Marian Neac\u0219u vor fi preluate de Oana Gheorghiu<\/li>\n<\/ul>\n","protected":false},"excerpt":{"rendered":"<p>\u201eAm semnat asear\u01ce demisiile mini\u0219trilor social-democra\u021bi \u0219i propunerile de mini\u0219tri interimari, transmise de c\u0103tre Guvern\u201d, se arat\u0103 \u00een mesajul publicat s\u00e2mb\u0103t\u0103 de Nicu\u0219or Dan pe Facebook.&nbsp; De asemenea, a anun\u021bat &hellip; <a href=\"https:\/\/microscopemedia.com\/?p=689158\" class=\"more-link\">Read More<\/a><\/p>\n","protected":false},"author":1,"featured_media":689159,"comment_status":"closed","ping_status":"closed","sticky":false,"template":"Default","format":"standard","meta":[],"categories":[1],"tags":[],"_links":{"self":[{"href":"https:\/\/microscopemedia.com\/index.php?rest_route=\/wp\/v2\/posts\/689158"}],"collection":[{"href":"https:\/\/microscopemedia.com\/index.php?rest_route=\/wp\/v2\/posts"}],"about":[{"href":"https:\/\/microscopemedia.com\/index.php?rest_route=\/wp\/v2\/types\/post"}],"author":[{"embeddable":true,"href":"https:\/\/microscopemedia.com\/index.php?rest_route=\/wp\/v2\/users\/1"}],"replies":[{"embeddable":true,"href":"https:\/\/microscopemedia.com\/index.php?rest_route=%2Fwp%2Fv2%2Fcomments&post=689158"}],"version-history":[{"count":0,"href":"https:\/\/microscopemedia.com\/index.php?rest_route=\/wp\/v2\/posts\/689158\/revisions"}],"wp:featuredmedia":[{"embeddable":true,"href":"https:\/\/microscopemedia.com\/index.php?rest_route=\/wp\/v2\/media\/689159"}],"wp:attachment":[{"href":"https:\/\/microscopemedia.com\/index.php?rest_route=%2Fwp%2Fv2%2Fmedia&parent=689158"}],"wp:term":[{"taxonomy":"category","embeddable":true,"href":"https:\/\/microscopemedia.com\/index.php?rest_route=%2Fwp%2Fv2%2Fcategories&post=689158"},{"taxonomy":"post_tag","embeddable":true,"href":"https:\/\/microscopemedia.com\/index.php?rest_route=%2Fwp%2Fv2%2Ftags&post=689158"}],"curies":[{"name":"wp","href":"https:\/\/api.w.org\/{rel}","templated":true}]}}