{"id":689160,"date":"2026-04-25T06:26:05","date_gmt":"2026-04-25T06:26:05","guid":{"rendered":"https:\/\/microscopemedia.com\/?p=689160"},"modified":"2026-04-25T06:26:05","modified_gmt":"2026-04-25T06:26:05","slug":"florin-manole-s-a-umplut-paharul-de-ce-a-iesit-psd-de-la-guvernare-si-ce-urmeaza-pentru-tineri","status":"publish","type":"post","link":"https:\/\/microscopemedia.com\/?p=689160","title":{"rendered":"Florin Manole: \u201eS-a umplut paharul\u201d. De ce a ie\u0219it PSD de la guvernare \u0219i ce urmeaz\u0103 pentru tineri"},"content":{"rendered":"<p id=\"p-0\">Florin Manole spune c\u0103 demisia \u0219i ie\u0219irea PSD de la guvernare sunt explicate prin acumularea tensiunilor economice \u0219i lipsa de consens \u00een coali\u021bie, pe fondul unor probleme legate de buget, salarii \u0219i puterea de cump\u0103rare. Acesta afirm\u0103 c\u0103 proiectul pe care l-a ini\u021biat \u2013 <strong>un program de sprijin pentru primul loc de munc\u0103, care presupune subven\u021bii pentru angajatori \u0219i stimulente financiare pentru tineri<\/strong> \u2013&nbsp; va continua, fiind sus\u021binut prin finan\u021bare european\u0103 \u0219i f\u0103r\u0103 influen\u021b\u0103 politic\u0103, \u00een ciuda schimb\u0103rilor de la nivel guvernamental.<\/p>\n<div class=\"single__inline-gallery color-white mg-bottom-20 bg-black padding-5 md:rounded-10\">\n<div class=\"md:rounded-5 display-grid xs:grid-cols-2 grid-cols-3 gap-5\">\n<div class=\"single__inline-gallery-image relative column-span-2 row-span-2\">\n                <a href=\"https:\/\/www.mediafax.ro\/poze\/florin-manole-s-a-umplut-paharul-de-ce-a-iesit-psd-de-la-guvernare-si-ce-urmeaza-pentru-tineri-23726206\"><br \/>\n                    <img decoding=\"async\" loading=\"lazy\" src=\"https:\/\/microscopemedia.com\/wp-content\/uploads\/2026\/04\/florin-manole-s-a-umplut-paharul-de-ce-a-iesit-psd-de-la-guvernare-si-ce-urmeaza-pentru-tineri.jpg\" width=\"700\" height=\"450\"><br \/>\n                <\/a>\n                            <\/div>\n<div class=\"single__inline-gallery-image relative \">\n                <a href=\"https:\/\/www.mediafax.ro\/poze\/florin-manole-s-a-umplut-paharul-de-ce-a-iesit-psd-de-la-guvernare-si-ce-urmeaza-pentru-tineri-23726206\"><br \/>\n                    <img decoding=\"async\" loading=\"lazy\" src=\"https:\/\/microscopemedia.com\/wp-content\/uploads\/2026\/04\/florin-manole-s-a-umplut-paharul-de-ce-a-iesit-psd-de-la-guvernare-si-ce-urmeaza-pentru-tineri-1.jpg\" width=\"700\" height=\"450\"><br \/>\n                <\/a>\n                            <\/div>\n<\/p><\/div>\n<\/p><\/div>\n<h2 id=\"chapter-0\">Motivele din spatele rupturii politice<\/h2>\n<p id=\"p-1\"><strong data-start=\"1023\" data-end=\"1036\">Reporter:<\/strong> Domnule ministru, de ce a ie\u0219it tocmai acum PSD de la guvernare?<br data-start=\"1104\" data-end=\"1107\"><strong data-start=\"1107\" data-end=\"1125\">Florin Manole:<\/strong> Pentru c\u0103, dup\u0103 mai multe semne de alarma pe care le-am tras, s-a umplut paharul. Cred c\u0103 a v\u0103zut toat\u0103 lumea acest scandal, ce a fost la buget, cate ne\u00een\u021belegeri \u00een leg\u0103tur\u0103 cu salariul minim, c\u00e2te nemul\u021bumiri \u00een spa\u021biul public, din cauza cre\u0219terii infla\u021biei \u0219i a sc\u0103derii puterii de cump\u0103rare. C\u00e2nd direc\u021bia economic\u0103 e proast\u0103, o arat\u0103 toate cifrele. Atunci c\u00e2nd direc\u021bia este proast\u0103, e nevoie de o schimbare. Asta e schimbarea pe care o vedem noi.<\/p>\n<h2 id=\"chapter-1\">Problemele din coali\u021bie explicate simplu<\/h2>\n<p id=\"p-2\"><strong data-start=\"1581\" data-end=\"1594\">Reporter: <\/strong>Dac\u0103 ar trebui s\u0103 ii explica\u021bi cuiva care nu are cuno\u0219tin\u021be de drept administrativ, nu \u0219tie procedurile, nu cunoa\u0219te aprofundat politica, de ce s-a ajuns aici?<br data-start=\"1757\" data-end=\"1760\"><strong data-start=\"1760\" data-end=\"1778\">Florin Manole:<\/strong> Pentru c\u0103, \u00eentr-o coali\u021bie de patru parteneri, unul dintre ei a vrut s\u0103 ia absolut toate deciziile exclusiv, exclusiv dup\u0103 propriile sale opinii. A\u0219a ceva e gre\u0219it. Nu doar \u00een politic\u0103, e \u0219i \u00een via\u021b\u0103 gre\u0219it. Imagina\u021bi-v\u0103 patru prieteni care merg \u00eempreuna pe un drum. Nu poate s\u0103 fie unul singur care decide totul, e nevoie de consens, de dialog. Mai la\u0219i de la tine, mai e\u0219ti de acord \u0219i cu cel\u0103lalt, altfel e autoritarism.<\/p>\n<h2 id=\"chapter-2\">Sprijin financiar pentru integrarea tinerilor pe pia\u021ba muncii<\/h2>\n<p id=\"p-3\"><strong data-start=\"117\" data-end=\"130\">Reporter:<\/strong> Domnule ministru, cum \u00eei ajut\u0103 concret acest proiect pe tineri?<br data-start=\"197\" data-end=\"200\"><strong data-start=\"200\" data-end=\"218\">Florin Manole:<\/strong> e foarte important s\u0103 existe un stimul \u0219i pentru angajat, \u0219i pentru angajator, s\u0103 \u00eenceap\u0103 o rela\u021bie de munc\u0103. Proiectul \u0103sta, \u00een plus peste salariu, fiec\u0103rui t\u00e2n\u0103r, \u00eei d\u0103 ni\u0219te bani, o subven\u021bie, inclusiv pentru angajator. Dac\u0103 stai \u00een felul \u0103sta, \u00eentr-o rela\u021bie contractual\u0103, trei ani \u0219i jumate, e evident c\u0103 e\u0219ti un om mai bun, pentru c\u0103 fiecare dintre noi \u0219tie c\u0103 e\u0219ti mai bun pe m\u0103sura ce trece timpul \u0219i pe m\u0103sur\u0103 ce \u00eenve\u021bi lucruri \u00eentr-un nou job.<\/p>\n<p id=\"p-4\"><strong data-start=\"672\" data-end=\"685\">Reporter:<\/strong> Ce se va \u00eent\u00e2mpla cu acest proiect dup\u0103 ie\u0219irea PSD de la guvernare?<br data-start=\"757\" data-end=\"760\"><strong data-start=\"760\" data-end=\"778\">Florin Manole:<\/strong> Va continua, pentru c\u0103 proiectul este un angajament european, toate lucrurile sunt f\u0103cute profesionist, nu este nicio tu\u0219\u0103 politic\u0103 aici, a\u0219a c\u0103 niciun t\u00e2n\u0103r nu trebuie s\u0103 \u00ee\u0219i fac\u0103 griji. Proiectul \u0103sta continu\u0103, trebuie doar s\u0103 v\u0103 implica\u021bi.<\/p>\n","protected":false},"excerpt":{"rendered":"<p>Florin Manole spune c\u0103 demisia \u0219i ie\u0219irea PSD de la guvernare sunt explicate prin acumularea tensiunilor economice \u0219i lipsa de consens \u00een coali\u021bie, pe fondul unor probleme legate de buget, &hellip; <a href=\"https:\/\/microscopemedia.com\/?p=689160\" class=\"more-link\">Read More<\/a><\/p>\n","protected":false},"author":1,"featured_media":689161,"comment_status":"closed","ping_status":"closed","sticky":false,"template":"Default","format":"standard","meta":[],"categories":[1],"tags":[],"_links":{"self":[{"href":"https:\/\/microscopemedia.com\/index.php?rest_route=\/wp\/v2\/posts\/689160"}],"collection":[{"href":"https:\/\/microscopemedia.com\/index.php?rest_route=\/wp\/v2\/posts"}],"about":[{"href":"https:\/\/microscopemedia.com\/index.php?rest_route=\/wp\/v2\/types\/post"}],"author":[{"embeddable":true,"href":"https:\/\/microscopemedia.com\/index.php?rest_route=\/wp\/v2\/users\/1"}],"replies":[{"embeddable":true,"href":"https:\/\/microscopemedia.com\/index.php?rest_route=%2Fwp%2Fv2%2Fcomments&post=689160"}],"version-history":[{"count":0,"href":"https:\/\/microscopemedia.com\/index.php?rest_route=\/wp\/v2\/posts\/689160\/revisions"}],"wp:featuredmedia":[{"embeddable":true,"href":"https:\/\/microscopemedia.com\/index.php?rest_route=\/wp\/v2\/media\/689161"}],"wp:attachment":[{"href":"https:\/\/microscopemedia.com\/index.php?rest_route=%2Fwp%2Fv2%2Fmedia&parent=689160"}],"wp:term":[{"taxonomy":"category","embeddable":true,"href":"https:\/\/microscopemedia.com\/index.php?rest_route=%2Fwp%2Fv2%2Fcategories&post=689160"},{"taxonomy":"post_tag","embeddable":true,"href":"https:\/\/microscopemedia.com\/index.php?rest_route=%2Fwp%2Fv2%2Ftags&post=689160"}],"curies":[{"name":"wp","href":"https:\/\/api.w.org\/{rel}","templated":true}]}}