{"id":689162,"date":"2026-04-25T06:46:04","date_gmt":"2026-04-25T06:46:04","guid":{"rendered":"https:\/\/microscopemedia.com\/?p=689162"},"modified":"2026-04-25T06:46:04","modified_gmt":"2026-04-25T06:46:04","slug":"incidentul-cu-drone-din-galati-autoritatile-au-decis-evacuarea-pe-o-raza-de-200-de-metri-din-cauza-riscului-de-explozie","status":"publish","type":"post","link":"https:\/\/microscopemedia.com\/?p=689162","title":{"rendered":"Incidentul cu drone din Gala\u021bi. Autorit\u0103\u021bile au decis evacuarea pe o raz\u0103 de 200 de metri din cauza riscului de explozie"},"content":{"rendered":"<div><img decoding=\"async\" src=\"https:\/\/microscopemedia.com\/wp-content\/uploads\/2026\/04\/incidentul-cu-drone-din-galati-autoritatile-au-decis-evacuarea-pe-o-raza-de-200-de-metri-din-cauza-riscului-de-explozie.png\" class=\"ff-og-image-inserted\"><\/div>\n<p id=\"p-0\"><span>\u201e<\/span><span>Av\u00e2nd \u00een vedere incidentul din aceast\u0103 diminea\u021b\u0103, \u00een urma c\u0103ruia o dron\u0103 s-a pr\u0103bu\u0219it \u00eentr-o zon\u0103 locuit\u0103 \u0219i dat fiind faptul c\u0103 dup\u0103 verific\u0103rile efectuate de c\u0103tre speciali\u0219tii afla\u021bi la fa\u021ba locului, s-a constatat o posibil\u0103 \u00eenc\u0103rc\u0103tur\u0103 exploziv\u0103, autorit\u0103\u021bile responsabile au dispus evacuarea persoanelor din perimetrul afectat, pe o raz\u0103 de 200 m<\/span><span>\u201d, se arat\u0103 \u00een mesajul publicat pe Facebook de Inspectoratul General pentru Situa\u021bii de Urgen\u021b\u0103.&nbsp;<\/span><\/p>\n<p id=\"p-1\"><span>Evacuarea este preventiv\u0103 \u0219i temporar\u0103. \u201e<\/span><span>M\u0103sura a fost luat\u0103 \u00een scop preventiv pentru protec\u021bia popula\u021biei din zon\u0103, dar \u0219i pentru interven\u021bia \u00een siguran\u021b\u0103 a echipelor specializate \u0219i desf\u0103\u0219urarea cercet\u0103rilor la fa\u021ba locului. Evacuarea temporar\u0103 are rolul de a facilita accesul autorit\u0103\u021bilor abilitate, care vor evalua situa\u021bia \u0219i vor lua toate m\u0103surile necesare pentru gestionarea incidentului \u00een condi\u021bii optime\u201d, spun autorit\u0103\u021bile\u201d.&nbsp;<\/span><\/p>\n<p id=\"p-2\"><span>Drona va fi ridicat\u0103 \u0219i urmeaz\u0103 s\u0103 fie distrus\u0103. \u201eDrona va fi preluat\u0103 \u0219i transportat\u0103 \u00eentr-o zon\u0103 sigur\u0103, unde va fi distrus\u0103 \u00een condi\u021bii controlate, conform procedurilor legale. \u00centregul proces este realizat cu respectarea strict\u0103 a normelor de siguran\u021b\u0103\u201d, se mai arat\u0103 \u00een mesajul Inspectoratului.&nbsp;<\/span><\/p>\n<p id=\"p-3\"><span>\u00cen noaptea de vineri spre s\u00e2mb\u0103t\u0103, radarele rom\u00e2ne\u0219ti au detectat <span><a href=\"https:\/\/www.mediafax.ro\/social\/pagube-in-galati-dupa-caderea-unor-fragmente-de-drona-ruseasca-atac-masiv-al-rusiei-la-granita-avioane-eurofighter-typhoon-ridicate-23726269\">drone<\/a> <\/span>care evoluau \u00een apropierea spa\u021biului aerian na\u021bional, \u00een zona jude\u021bului Tulcea. Autorit\u0103\u021bile au emis un avertisment RO-Alert \u0219i au ridicat dou\u0103 avioane. \u00cen plus, resturi de dron\u0103 s-au pr\u0103bu\u0219it<\/span> <span>\u00een Gala\u021bi \u00een zona Bariera Traian.<\/span><span>&nbsp;<\/span><\/p>\n","protected":false},"excerpt":{"rendered":"<p>\u201eAv\u00e2nd \u00een vedere incidentul din aceast\u0103 diminea\u021b\u0103, \u00een urma c\u0103ruia o dron\u0103 s-a pr\u0103bu\u0219it \u00eentr-o zon\u0103 locuit\u0103 \u0219i dat fiind faptul c\u0103 dup\u0103 verific\u0103rile efectuate de c\u0103tre speciali\u0219tii afla\u021bi la &hellip; <a href=\"https:\/\/microscopemedia.com\/?p=689162\" class=\"more-link\">Read More<\/a><\/p>\n","protected":false},"author":1,"featured_media":689163,"comment_status":"closed","ping_status":"closed","sticky":false,"template":"Default","format":"standard","meta":[],"categories":[1],"tags":[],"_links":{"self":[{"href":"https:\/\/microscopemedia.com\/index.php?rest_route=\/wp\/v2\/posts\/689162"}],"collection":[{"href":"https:\/\/microscopemedia.com\/index.php?rest_route=\/wp\/v2\/posts"}],"about":[{"href":"https:\/\/microscopemedia.com\/index.php?rest_route=\/wp\/v2\/types\/post"}],"author":[{"embeddable":true,"href":"https:\/\/microscopemedia.com\/index.php?rest_route=\/wp\/v2\/users\/1"}],"replies":[{"embeddable":true,"href":"https:\/\/microscopemedia.com\/index.php?rest_route=%2Fwp%2Fv2%2Fcomments&post=689162"}],"version-history":[{"count":0,"href":"https:\/\/microscopemedia.com\/index.php?rest_route=\/wp\/v2\/posts\/689162\/revisions"}],"wp:featuredmedia":[{"embeddable":true,"href":"https:\/\/microscopemedia.com\/index.php?rest_route=\/wp\/v2\/media\/689163"}],"wp:attachment":[{"href":"https:\/\/microscopemedia.com\/index.php?rest_route=%2Fwp%2Fv2%2Fmedia&parent=689162"}],"wp:term":[{"taxonomy":"category","embeddable":true,"href":"https:\/\/microscopemedia.com\/index.php?rest_route=%2Fwp%2Fv2%2Fcategories&post=689162"},{"taxonomy":"post_tag","embeddable":true,"href":"https:\/\/microscopemedia.com\/index.php?rest_route=%2Fwp%2Fv2%2Ftags&post=689162"}],"curies":[{"name":"wp","href":"https:\/\/api.w.org\/{rel}","templated":true}]}}