{"id":689300,"date":"2026-04-26T03:26:04","date_gmt":"2026-04-26T03:26:04","guid":{"rendered":"https:\/\/microscopemedia.com\/?p=689300"},"modified":"2026-04-26T03:26:04","modified_gmt":"2026-04-26T03:26:04","slug":"cina-corespondentilor-martor-ocular-spune-ca-un-barbat-inarmat-se-afla-in-afara-zonei-de-securitate-cand-s-au-auzit-impuscaturile","status":"publish","type":"post","link":"https:\/\/microscopemedia.com\/?p=689300","title":{"rendered":"Cina Coresponden\u021bilor \/ Martor ocular spune c\u0103 un b\u0103rbat \u00eenarmat se afla \u00een afara zonei de securitate c\u00e2nd s-au auzit \u00eempu\u0219c\u0103turile"},"content":{"rendered":"<div><img decoding=\"async\" src=\"https:\/\/microscopemedia.com\/wp-content\/uploads\/2026\/04\/cina-corespondentilor-martor-ocular-spune-ca-un-barbat-inarmat-se-afla-in-afara-zonei-de-securitate-cand-s-au-auzit-impuscaturile.jpg\" class=\"ff-og-image-inserted\"><\/div>\n<p id=\"p-0\">Un participant la eveniment, a declarat pentru CNN c\u0103 b\u0103rbatul \u00eenarmat trecuse de punctul de control de securitate c\u00e2nd l-a v\u0103zut c\u0103z\u00e2nd, dup\u0103 ce fusese \u00eempu\u0219cat.<\/p>\n<p id=\"p-1\">Acesta a spus c\u0103 l-a v\u0103zut pe b\u0103rbat, care purta o pu\u0219c\u0103 cu \u00eenc\u0103rc\u0103toare \u00een jurul um\u0103rului, c\u0103z\u00e2nd la p\u0103m\u00e2nt dup\u0103 ce a fost \u00eempu\u0219cat de agen\u021bii de paz\u0103.<\/p>\n<p id=\"p-2\">El a ad\u0103ugat c\u0103 a auzit trei focuri de arm\u0103 trase asupra b\u0103rbatului<\/p>\n<p id=\"p-3\">Nu este clar dac\u0103 b\u0103rbatul \u00eensu\u0219i a tras vreun foc de arm\u0103.<\/p>\n<h2 id=\"chapter-0\">Informa\u021bii de context<\/h2>\n<p id=\"p-4\">Focuri de arm\u0103 au fost auzite la <a href=\"https:\/\/www.mediafax.ro\/externe\/focuri-de-arma-la-casa-alba-chiar-inaintea-inceperii-cinei-corespondentilor-23726601\">Cina Coresponden\u021bilor<\/a>, evenimentul organizat la Casa Alb\u0103, la care a participat \u0219i Donald Trump, potrivit news.sky.com.<\/p>\n<p id=\"p-5\">Donald Trump a fost evacuat de urgen\u021b\u0103, \u00eempreun\u0103 cu Melania Trump \u0219i al\u021bi membri ai staffului (Rubio inclusiv).<\/p>\n<p id=\"p-6\">La scurt timp dup\u0103 incident, Donald Trump a anun\u021bat pe re\u021belele sociale c\u0103 atacatorul a fost re\u021binut. Autorit\u0103\u021bile au confirmat c\u0103 este vorba despre un b\u0103rbat \u00een v\u00e2rst\u0103 de 30 de ani din California.<\/p>\n<p id=\"p-7\">Trump a spus pe re\u021beaua Truth Social c\u0103 autorul atacului ar fi tras de la aproximativ 45 de metri de zona \u00een care se afla.<\/p>\n<h2 id=\"chapter-1\">For\u021bele de ordine au intervenit imediat<\/h2>\n<p id=\"p-8\">Jurnalistul Wolf Blitzer (CNN), aflat la fa\u021ba locului, a relatat c\u0103 a v\u0103zut un b\u0103rbat \u00eenarmat deschiz\u00e2nd focul la sol, la doar c\u00e2\u021biva metri de participan\u021bi, \u00een fa\u021ba s\u0103lii de bal a hotelului Washington Hilton.<\/p>\n<p id=\"p-9\">Zeci de persoane s-au ad\u0103postit imediat, \u00een timp ce for\u021bele de ordine au intervenit pentru a securiza zona.<\/p>\n<h2 id=\"chapter-2\"><strong>Agent al Serviciilor Secrete, r\u0103nit<\/strong><\/h2>\n<p id=\"p-10\">Un agent al Serviciul Secret al Statelor Unite a fost \u00eempu\u0219cat \u00een echipamentul de protec\u021bie \u00een timpul interven\u021biei \u0219i a fost transportat la spital. Potrivit surselor, starea acestuia nu este considerat\u0103 critic\u0103.<\/p>\n","protected":false},"excerpt":{"rendered":"<p>Un participant la eveniment, a declarat pentru CNN c\u0103 b\u0103rbatul \u00eenarmat trecuse de punctul de control de securitate c\u00e2nd l-a v\u0103zut c\u0103z\u00e2nd, dup\u0103 ce fusese \u00eempu\u0219cat. Acesta a spus c\u0103 &hellip; <a href=\"https:\/\/microscopemedia.com\/?p=689300\" class=\"more-link\">Read More<\/a><\/p>\n","protected":false},"author":1,"featured_media":689301,"comment_status":"closed","ping_status":"closed","sticky":false,"template":"Default","format":"standard","meta":[],"categories":[1],"tags":[],"_links":{"self":[{"href":"https:\/\/microscopemedia.com\/index.php?rest_route=\/wp\/v2\/posts\/689300"}],"collection":[{"href":"https:\/\/microscopemedia.com\/index.php?rest_route=\/wp\/v2\/posts"}],"about":[{"href":"https:\/\/microscopemedia.com\/index.php?rest_route=\/wp\/v2\/types\/post"}],"author":[{"embeddable":true,"href":"https:\/\/microscopemedia.com\/index.php?rest_route=\/wp\/v2\/users\/1"}],"replies":[{"embeddable":true,"href":"https:\/\/microscopemedia.com\/index.php?rest_route=%2Fwp%2Fv2%2Fcomments&post=689300"}],"version-history":[{"count":0,"href":"https:\/\/microscopemedia.com\/index.php?rest_route=\/wp\/v2\/posts\/689300\/revisions"}],"wp:featuredmedia":[{"embeddable":true,"href":"https:\/\/microscopemedia.com\/index.php?rest_route=\/wp\/v2\/media\/689301"}],"wp:attachment":[{"href":"https:\/\/microscopemedia.com\/index.php?rest_route=%2Fwp%2Fv2%2Fmedia&parent=689300"}],"wp:term":[{"taxonomy":"category","embeddable":true,"href":"https:\/\/microscopemedia.com\/index.php?rest_route=%2Fwp%2Fv2%2Fcategories&post=689300"},{"taxonomy":"post_tag","embeddable":true,"href":"https:\/\/microscopemedia.com\/index.php?rest_route=%2Fwp%2Fv2%2Ftags&post=689300"}],"curies":[{"name":"wp","href":"https:\/\/api.w.org\/{rel}","templated":true}]}}