{"id":689308,"date":"2026-04-26T04:16:04","date_gmt":"2026-04-26T04:16:04","guid":{"rendered":"https:\/\/microscopemedia.com\/?p=689308"},"modified":"2026-04-26T04:16:04","modified_gmt":"2026-04-26T04:16:04","slug":"ce-se-stie-pana-acum-despre-atacul-de-la-cina-corespondentilor","status":"publish","type":"post","link":"https:\/\/microscopemedia.com\/?p=689308","title":{"rendered":"Ce se \u0219tie p\u00e2n\u0103 acum despre atacul de la Cina Coresponden\u021bilor"},"content":{"rendered":"<div><img decoding=\"async\" src=\"https:\/\/microscopemedia.com\/wp-content\/uploads\/2026\/04\/ce-se-stie-pana-acum-despre-atacul-de-la-cina-corespondentilor.jpg\" class=\"ff-og-image-inserted\"><\/div>\n<p id=\"p-0\">Pre\u0219edintele Donald Trump se preg\u0103tea pentru discursul de la <a href=\"https:\/\/www.mediafax.ro\/externe\/cina-corespondentilor-martor-ocular-spune-ca-un-barbat-inarmat-se-afla-in-afara-zonei-de-securitate-cand-s-au-auzit-impuscaturile-23726634\">Cina Coresponden\u021bilor<\/a>, c\u00e2nd \u0219apte sau opt focuri de arm\u0103 au fost trase din apropiere.<\/p>\n<p id=\"p-1\">Trump a fost dat afar\u0103 de la eveniment extrem de repede de c\u0103tre serviciile secrete, \u00eempreun\u0103 cu so\u021bia sa \u0219i cu al\u021bi membri ai staff-ului.<\/p>\n<p id=\"p-2\">Ulterior, au \u00eenceput s\u0103 de adune detalii despre incident, mai ales c\u0103 atacatorul a fost arestat.<\/p>\n<h2 id=\"chapter-0\">Ce \u0219tim p\u00e2n\u0103 acum<\/h2>\n<ul>\n<li>Pre\u0219edintele Donald Trump a declarat c\u0103 un suspect \u201e\u00eenarmat cu mai multe arme\u201d a atacat un punct de control de securitate \u00eenainte ca&nbsp;focurile de arm\u0103 s\u0103 fie trase.<\/li>\n<li>At\u00e2t Trump c\u00e2t \u0219i membrii cabinetului s\u0103u a fost evacua\u021bi de urgen\u021b\u0103 de pe scen\u0103, iar membrii cabinetului s\u0103u sunt \u00een siguran\u021b\u0103 \u00een urma atacului, au declarat surse citate de CNN.<\/li>\n<li>Suspectul, care se afl\u0103 \u00een arest, va fi pus sub acuzare \u00een cur\u00e2nd, a declarat procurorul general interimar Todd Blanche. Autorit\u0103\u021bile&nbsp;l-au identificat ca fiind un b\u0103rbat de 31 de ani din California, au declarat oficialii din domeniul aplic\u0103rii legii pentru CNN.<\/li>\n<li>Wolf Blitzer, jurnalist CNN, se afla \u00een fa\u021ba s\u0103lii principale de bal de la Washington Hilton c\u00e2nd a v\u0103zut un b\u0103rbat \u00eenarmatdeschiz\u00e2nd focul la p\u0103m\u00e2nt, la doar c\u00e2\u021biva metri distan\u021b\u0103. El se num\u0103ra printre zecile de participan\u021bi care s-au ad\u0103postit \u00een timp ce for\u021bele de ordine se apropiau de eveniment.<\/li>\n<li>Un agent al Serviciilor Secrete ale SUA a fost&nbsp;\u00eempu\u0219cat \u00een echipamentul de protec\u021bie \u0219i a fost spitalizat, au declarat surse.<\/li>\n<\/ul>\n","protected":false},"excerpt":{"rendered":"<p>Pre\u0219edintele Donald Trump se preg\u0103tea pentru discursul de la Cina Coresponden\u021bilor, c\u00e2nd \u0219apte sau opt focuri de arm\u0103 au fost trase din apropiere. Trump a fost dat afar\u0103 de la &hellip; <a href=\"https:\/\/microscopemedia.com\/?p=689308\" class=\"more-link\">Read More<\/a><\/p>\n","protected":false},"author":1,"featured_media":689309,"comment_status":"closed","ping_status":"closed","sticky":false,"template":"Default","format":"standard","meta":[],"categories":[1],"tags":[],"_links":{"self":[{"href":"https:\/\/microscopemedia.com\/index.php?rest_route=\/wp\/v2\/posts\/689308"}],"collection":[{"href":"https:\/\/microscopemedia.com\/index.php?rest_route=\/wp\/v2\/posts"}],"about":[{"href":"https:\/\/microscopemedia.com\/index.php?rest_route=\/wp\/v2\/types\/post"}],"author":[{"embeddable":true,"href":"https:\/\/microscopemedia.com\/index.php?rest_route=\/wp\/v2\/users\/1"}],"replies":[{"embeddable":true,"href":"https:\/\/microscopemedia.com\/index.php?rest_route=%2Fwp%2Fv2%2Fcomments&post=689308"}],"version-history":[{"count":0,"href":"https:\/\/microscopemedia.com\/index.php?rest_route=\/wp\/v2\/posts\/689308\/revisions"}],"wp:featuredmedia":[{"embeddable":true,"href":"https:\/\/microscopemedia.com\/index.php?rest_route=\/wp\/v2\/media\/689309"}],"wp:attachment":[{"href":"https:\/\/microscopemedia.com\/index.php?rest_route=%2Fwp%2Fv2%2Fmedia&parent=689308"}],"wp:term":[{"taxonomy":"category","embeddable":true,"href":"https:\/\/microscopemedia.com\/index.php?rest_route=%2Fwp%2Fv2%2Fcategories&post=689308"},{"taxonomy":"post_tag","embeddable":true,"href":"https:\/\/microscopemedia.com\/index.php?rest_route=%2Fwp%2Fv2%2Ftags&post=689308"}],"curies":[{"name":"wp","href":"https:\/\/api.w.org\/{rel}","templated":true}]}}